{"id":9227,"date":"2023-01-23T07:25:02","date_gmt":"2023-01-23T10:25:02","guid":{"rendered":"https:\/\/www.visionweb.com.ar\/?p=9227"},"modified":"2023-01-23T07:25:02","modified_gmt":"2023-01-23T10:25:02","slug":"el-gobierno-bonaerense-pone-en-marcha-obras-en-la-ruta-11","status":"publish","type":"post","link":"https:\/\/www.visionweb.com.ar\/?p=9227","title":{"rendered":"El gobierno bonaerense pone en marcha obras en la Ruta 11"},"content":{"rendered":"<p><em><strong>La tradicional ruta costera que comunica\u00a0 a los municipios de la costa ser\u00e1 convertida en autov\u00eda.\u00a0 Se trata de pco m\u00e1s de 72 kil\u00f3metros.<\/strong><\/em><!--more--><\/p>\n<p><strong>\u00a0 \u00a0 <img loading=\"lazy\" decoding=\"async\" class=\"size-medium wp-image-9228 alignleft\" src=\"https:\/\/www.visionweb.com.ar\/wp-content\/uploads\/2023\/01\/AUTOVIA-11-300x200.png\" alt=\"\" width=\"300\" height=\"200\" srcset=\"https:\/\/www.visionweb.com.ar\/wp-content\/uploads\/2023\/01\/AUTOVIA-11-300x200.png 300w, https:\/\/www.visionweb.com.ar\/wp-content\/uploads\/2023\/01\/AUTOVIA-11.png 700w\" sizes=\"auto, (max-width: 300px) 100vw, 300px\" \/>\u00a0E<\/strong>l gobierno bonaerense realizar\u00e1 en los pr\u00f3ximos d\u00edas el llamado a licitaci\u00f3n para las obras que convertir\u00e1n en autov\u00eda el tramo de la ruta 11 que une a Villa Gesell con Mar Chiquita.<\/p>\n<p>El anuncio lo hizo el gobernador Axel Kicillof el viernes \u00faltimo en un acto que se realiz\u00f3 en la ciudad bonaerense de Coronel Vidal, junto a los intendentes Jorge Paredi y Gustavo Barrera.<\/p>\n<p>La obra se llevar\u00e1 adelante a lo largo de 72,4 kil\u00f3metros e implica una inversi\u00f3n de aproximadamente $25 mil millones.<\/p>\n<p>\u201cSe trata de una obra muy importante que traer\u00e1 beneficios para toda la regi\u00f3n y la provincia, ya que evitar\u00e1 accidentes de tr\u00e1nsito, promover\u00e1 a\u00fan m\u00e1s el turismo y mejorar\u00e1 las condiciones de vida de los vecinos y vecinas de la zona\u201d, destac\u00f3 Kicillof.<\/p>\n<p><strong>Actividades para fortalecer la salud y el derecho a la identidad<\/strong><\/p>\n<p>Junto al ministro de Salud, Nicol\u00e1s Kreplak, tambi\u00e9n se puso en funcionamiento una nueva ambulancia con instrumentos de \u00faltima generaci\u00f3n para fortalecer los servicios de emergencia en Mar Chiquita.<\/p>\n<p>Adem\u00e1s se pusieron en marcha tres camiones para recolecci\u00f3n de residuos y traslado de materias primas que el municipio adquiri\u00f3 con financiamiento de Provincia Leasing.<\/p>\n<p>Al respecto, Kreplak se\u00f1al\u00f3 que \u201cestamos fortaleciendo la flota de veh\u00edculos de emergencia para que ning\u00fan bonaerense se quede sin atenci\u00f3n: esta es la ambulancia n\u00famero 91 que entregamos en poco m\u00e1s de tres a\u00f1os y, en los pr\u00f3ximos d\u00edas, vamos a culminar con la puesta en funcionamiento de otras 50\u201d.<\/p>\n<p>Durante la jornada, el mandatario bonaerense tambi\u00e9n recorri\u00f3 junto al ministro de Producci\u00f3n, Ciencia e Innovaci\u00f3n Tecnol\u00f3gica, Augusto Costa, la planta de la empresa Isla de los Estados S.A., una firma de procesamiento de pescado que cuenta con 90 empleados y exporta 5.000 toneladas de sus productos a todos los continentes.<\/p>\n<p><strong>T\u00edtulos de propiedad<\/strong><\/p>\n<p>Durante el acto, el Gobernador tambi\u00e9n encabez\u00f3 junto al ministro de Justicia y Derechos Humanos, Julio Alak, la entrega de 245 escrituras sociales en beneficio de familias del municipio de Mar Chiquita.<\/p>\n<p>\u201cEstamos reconociendo la seguridad jur\u00eddica de nuestro pueblo, de las y los trabajadores que han esperado durante muchos a\u00f1os los t\u00edtulos de propiedad de sus casas\u201d, sostuvo Kicillof y agreg\u00f3: \u201cCon esta documentaci\u00f3n, las familias podr\u00e1n acceder a un cr\u00e9dito bancario para hacer mejoras y dejar el bien en herencia para que las pr\u00f3ximas generaciones tengan una vida mejor\u201d.<img loading=\"lazy\" decoding=\"async\" class=\"size-medium wp-image-9229 alignright\" src=\"https:\/\/www.visionweb.com.ar\/wp-content\/uploads\/2023\/01\/ESPACIO-JOVEN-300x212.png\" alt=\"\" width=\"300\" height=\"212\" srcset=\"https:\/\/www.visionweb.com.ar\/wp-content\/uploads\/2023\/01\/ESPACIO-JOVEN-300x212.png 300w, https:\/\/www.visionweb.com.ar\/wp-content\/uploads\/2023\/01\/ESPACIO-JOVEN.png 400w\" sizes=\"auto, (max-width: 300px) 100vw, 300px\" \/><\/p>\n<p>Las escrituras alcanzan a familias de las localidades de Coronel Vidal, General Pir\u00e1n, Vivorat\u00e1, Santa Clara del Mar, Mar de Cobo, Santa Elena y Balneario Parque Mar Chiquita.<\/p>\n<p>Adem\u00e1s, el municipio recibi\u00f3 los t\u00edtulos de propiedad que corresponden a viviendas sociales de diferentes barrios y a instituciones educativas, deportivas y productivas.<\/p>\n<p><strong>Obras en la Ruta 6<\/strong><\/p>\n<p>La Direcci\u00f3n de Vialidad de la Provincia de Buenos Aires, dependiente del Ministerio de Infraestructura y Servicios P\u00fablicos, contin\u00faa con la intervenci\u00f3n integral de la Ruta Provincial N\u00ba6.<\/p>\n<p>Las tareas contempladas en la obra consisten en la rehabilitaci\u00f3n y refuerzo en ambas calzadas, el mantenimiento y la puesta en valor de puentes, instalaci\u00f3n de se\u00f1alizaci\u00f3n vertical y horizontal y colocaci\u00f3n de barandas de defensa vehicular.<\/p>\n<p>Los partidos beneficiados por esta intervenci\u00f3n son: La Plata, Brandsen, San Vicente, Ca\u00f1uelas, General Las Heras, Marcos Paz, Gral. Rodr\u00edguez, Campana, Exaltaci\u00f3n de La Cruz, Pilar y Z\u00e1rate.<\/p>\n<p>\u201cLa obra forma parte del Programa de Conectividad y Seguridad en Corredores Viales, cuyo principal objetivo es aumentar las condiciones de seguridad y servicios para los usuarios y el transporte en general\u201d, indic\u00f3 el titular de Vialidad, Hern\u00e1n Y Zurieta.<\/p>\n<p>Cabe destacar que la obra, cuyos trabajos se dividen en 5 tramos, es financiada en un 70 por ciento por parte del Banco Interamericano de Desarrollo (BID); mientras que el 30 por ciento restante ser\u00e1 proporcionado por el gobierno provincial<strong>(VW)<\/strong>.<\/p>\n","protected":false},"excerpt":{"rendered":"<p>La tradicional ruta costera que comunica\u00a0 a los municipios de la costa ser\u00e1 convertida en autov\u00eda.\u00a0 Se trata de pco m\u00e1s de 72 kil\u00f3metros.<\/p>\n","protected":false},"author":3,"featured_media":9228,"comment_status":"closed","ping_status":"closed","sticky":false,"template":"","format":"standard","meta":{"_monsterinsights_skip_tracking":false,"_monsterinsights_sitenote_active":false,"_monsterinsights_sitenote_note":"","_monsterinsights_sitenote_category":0,"footnotes":""},"categories":[8],"tags":[3831,3830,270],"class_list":["post-9227","post","type-post","status-publish","format-standard","has-post-thumbnail","hentry","category-interes-general","tag-ambulancia","tag-ruta-11","tag-viviendas"],"_links":{"self":[{"href":"https:\/\/www.visionweb.com.ar\/index.php?rest_route=\/wp\/v2\/posts\/9227","targetHints":{"allow":["GET"]}}],"collection":[{"href":"https:\/\/www.visionweb.com.ar\/index.php?rest_route=\/wp\/v2\/posts"}],"about":[{"href":"https:\/\/www.visionweb.com.ar\/index.php?rest_route=\/wp\/v2\/types\/post"}],"author":[{"embeddable":true,"href":"https:\/\/www.visionweb.com.ar\/index.php?rest_route=\/wp\/v2\/users\/3"}],"replies":[{"embeddable":true,"href":"https:\/\/www.visionweb.com.ar\/index.php?rest_route=%2Fwp%2Fv2%2Fcomments&post=9227"}],"version-history":[{"count":1,"href":"https:\/\/www.visionweb.com.ar\/index.php?rest_route=\/wp\/v2\/posts\/9227\/revisions"}],"predecessor-version":[{"id":9230,"href":"https:\/\/www.visionweb.com.ar\/index.php?rest_route=\/wp\/v2\/posts\/9227\/revisions\/9230"}],"wp:featuredmedia":[{"embeddable":true,"href":"https:\/\/www.visionweb.com.ar\/index.php?rest_route=\/wp\/v2\/media\/9228"}],"wp:attachment":[{"href":"https:\/\/www.visionweb.com.ar\/index.php?rest_route=%2Fwp%2Fv2%2Fmedia&parent=9227"}],"wp:term":[{"taxonomy":"category","embeddable":true,"href":"https:\/\/www.visionweb.com.ar\/index.php?rest_route=%2Fwp%2Fv2%2Fcategories&post=9227"},{"taxonomy":"post_tag","embeddable":true,"href":"https:\/\/www.visionweb.com.ar\/index.php?rest_route=%2Fwp%2Fv2%2Ftags&post=9227"}],"curies":[{"name":"wp","href":"https:\/\/api.w.org\/{rel}","templated":true}]}}