{"id":9216,"date":"2023-01-20T12:51:18","date_gmt":"2023-01-20T15:51:18","guid":{"rendered":"https:\/\/www.visionweb.com.ar\/?p=9216"},"modified":"2023-01-20T12:51:18","modified_gmt":"2023-01-20T15:51:18","slug":"el-impacto-de-la-sequia-representa-casi-el-2-del-pbi-de-argentina","status":"publish","type":"post","link":"https:\/\/www.visionweb.com.ar\/?p=9216","title":{"rendered":"El impacto de la sequ\u00eda representa casi el 2% del PBI de Argentina"},"content":{"rendered":"<p><em><strong>La falta de lluvias\u00a0 afecta al 50% de las provincias argentinas que en n\u00fameros representan entre el 50 y el 55% de las \u00e1reas cultivables, as\u00ed lo confirmaron los dirigentes de la Comisi\u00f3n de Enlace.<\/strong><\/em><!--more--><\/p>\n<div id=\"attachment_9217\" style=\"width: 310px\" class=\"wp-caption alignright\"><img loading=\"lazy\" decoding=\"async\" aria-describedby=\"caption-attachment-9217\" class=\"wp-image-9217 size-medium\" src=\"https:\/\/www.visionweb.com.ar\/wp-content\/uploads\/2023\/01\/SEQUIA-IMPACTO-300x205.png\" alt=\"\" width=\"300\" height=\"205\" srcset=\"https:\/\/www.visionweb.com.ar\/wp-content\/uploads\/2023\/01\/SEQUIA-IMPACTO-300x205.png 300w, https:\/\/www.visionweb.com.ar\/wp-content\/uploads\/2023\/01\/SEQUIA-IMPACTO.png 498w\" sizes=\"auto, (max-width: 300px) 100vw, 300px\" \/><p id=\"caption-attachment-9217\" class=\"wp-caption-text\"><strong><em>El impacto de la sequ\u00eda se ve en numerosos lotes de la pampa h\u00fameda (Foto: Gentileza NAP)<\/em><\/strong><\/p><\/div>\n<p><strong>M<\/strong>ientras los pronosticadores generan esperanza en los productores a partir del anuncios de lluvias en las pr\u00f3ximas horas, desde el Gobierno ensayan diversas alternativas para paliar el impacto de tres a\u00f1os continuos de sequ\u00eda por el efecto \u00abNi\u00f1a\u00bb.<\/p>\n<p>Mientras tanto, la Comisi\u00f3n de Enlace de Entidades Rurales (CEER), una organizaci\u00f3n multisectorial formada por la Sociedad Rural Argentina; Confederaciones Rurales Argentinas; CONINAGRO (Cooperativistas) y la Federaci\u00f3n Agraria Argentina, fue creada en 2008.<\/p>\n<p>El objetivo de la agrupaci\u00f3n de dirigentes fue defender al campo frente al embate del oficialismo de esa \u00e9poca que pretend\u00eda aplicar retenciones m\u00f3viles a las exportaciones de granos y sus derivados, hoy se debate entre reuni\u00f3n y reuni\u00f3n pidiendo la emergencia agropecuaria nacional.<\/p>\n<p>En tanto, los n\u00fameros conocidos en los \u00faltimos d\u00edas son para el horror, porque solo en trigo se perdi\u00f3 entre el 50 y el 55% de la producci\u00f3n por la regular o mala condici\u00f3n del cereal y una estimaci\u00f3n que no superar\u00eda los 12,5 M de tn.<\/p>\n<p>C\u00f3mo consecuencia de la seca, sustantivo que se suele usar en el campo, las estimaciones oficiales hablan de p\u00e9rdidas equivalentes al 1,8% del Producto Interno Bruto (PIB), con lo que se pone en riesgo el super\u00e1vit comercial de Argentina, adem\u00e1s de las p\u00e9rdidas en el ingreso de divisas para el estado nacional.<\/p>\n<p><strong>Exportaciones<\/strong><\/p>\n<p>Solo en exportaciones de productos agroindustriales se espera una disminuci\u00f3n de U$S 14.100 millones; una merma en la producci\u00f3n equivalente al 1,8% del PBI y un perjuicio para el Estado de cerca de U$S 5000 millones en concepto de menores ingresos por retenciones y otros impuestos.<\/p>\n<p>La falta de lluvias\u00a0 afecta al 50% de las provincias argentinas que en n\u00fameros representan entre el 50 y el 55% de las \u00e1reas cultivables, as\u00ed lo confirmaron los dirigentes de la CE, en una conferencia de prensa que ofrecieron en la puerta de la sede porte\u00f1a de la Federaci\u00f3n Agraria Argetnina.<\/p>\n<p>El encuentro de los ruralista se produjo para preparar un documento que se le entreg\u00f3 este viernes al ministro de Econom\u00eda de la Naci\u00f3n, Sergio Massa, que permanec\u00eda reunido este mediod\u00eda con funcionarios del Banco de la Naci\u00f3n, la AFIP, el Banco Central y, adem\u00e1s el Secretario de Agricultura, Juan Jos\u00e9 Bahillo, y funcionarios de la cartera nacional.<\/p>\n<div id=\"attachment_9218\" style=\"width: 310px\" class=\"wp-caption alignleft\"><img loading=\"lazy\" decoding=\"async\" aria-describedby=\"caption-attachment-9218\" class=\"wp-image-9218 size-medium\" src=\"https:\/\/www.visionweb.com.ar\/wp-content\/uploads\/2023\/01\/IMPACTO-SECA-300x223.png\" alt=\"\" width=\"300\" height=\"223\" srcset=\"https:\/\/www.visionweb.com.ar\/wp-content\/uploads\/2023\/01\/IMPACTO-SECA-300x223.png 300w, https:\/\/www.visionweb.com.ar\/wp-content\/uploads\/2023\/01\/IMPACTO-SECA.png 497w\" sizes=\"auto, (max-width: 300px) 100vw, 300px\" \/><p id=\"caption-attachment-9218\" class=\"wp-caption-text\"><em><strong>Los n\u00fameros que m\u00e1s preocupan, informe (Bolsa de Comercio de Rosario)<\/strong><\/em><\/p><\/div>\n<p>El impacto de la sequ\u00eda dejo su huella m\u00e1s profunda en la producci\u00f3n de trigo y cebada, que quedaron con rindes por debajo de lo esperado y tambi\u00e9n en las previsiones para la soja, el ma\u00edz y el girasol, ya que en muchos lugares la siembra debi\u00f3 ser suspendida por la falta de humedad necesaria en el perfil del suelo.<\/p>\n<p>Los memoriosos, coinciden con los analistas al asegurar que, se trata de la sequ\u00eda m\u00e1s intensa de los \u00faltimos 60 a\u00f1os y de eso dio cuenta el presidente de CRA, Jorge Chemes, quien asegur\u00f3 a este periodista: \u00abCon 66 a\u00f1os y no tengo memoria de haber vivido un episodio como este\u00bb, como una forma de reflejar el impaxctroi de la sequ\u00eda.<\/p>\n<p>El prolongamiento del efecto La Ni\u00f1a, que se repite por tercera campa\u00f1a consecutiva, agravo a\u00fan m\u00e1s \u00abla situaci\u00f3n dificultando el proceso de siembra, el desarrollo de los cultivos junto al \u00e1rea apta para cosechar, provocando la ca\u00edda en los rendimientos potenciales\u201d, explic\u00f3 la Bolsa de Cereales de Buenos Aires en su\u00a0 informe de esta semana.<\/p>\n<p><strong>N\u00fameros que hablan<\/strong><\/p>\n<p>El informe de la Bolsa asegura que s\u00ed\u00a0se toman en cuenta los principales cultivos (trigo, cebada, soja, ma\u00edz y girasol), el producto bruto agroindustrial se reducir\u00eda de <em><strong>los U$S 53.100 millones de 2021\/22 a U$S 42.100 millones, en el escenario menos pesimista, y a U$S 37.400 millones,<\/strong><\/em> en el m\u00e1s desfavorable.<\/p>\n<p>Las exportaciones se reducir\u00edan, adem\u00e1s, de U$S 43.300 millones de la campa\u00f1a anterior a U$S 34.100 millones, si la situaci\u00f3n no se agrava, o a U$S 29.200 millones, si no hay precipitaciones en el corto plazo.<\/p>\n<p>\u201cDe cumplirse la disminuci\u00f3n en los niveles de producci\u00f3n y encontrarse una tendencia bajista de los precios internacionales, las consecuencias a nivel microecon\u00f3mico y macroecon\u00f3mico se agravar\u00e1n, por la participaci\u00f3n que tiene el sector agroindustrial en el agregado de la econom\u00eda argentina\u201d, insisti\u00f3 la Bolsa de Cereales porte\u00f1a. En su mirada, la ca\u00edda en la producci\u00f3n equivale a entre 1,1% y 1,8% del PBI.<\/p>\n<p>Por su parte la Bolsa de Comercio de Rosario (BCR) coincide en pintar un cuadro dram\u00e1tico. \u201cLa situaci\u00f3n\u00a0 empeorao. Esta es la \u00faltima semana para revertir la situaci\u00f3n de la soja de primera que est\u00e1 en estado regular\u201d, se\u00f1ala el informe de esa Entidad sobre lo que sucede en la regi\u00f3n n\u00facleo, las zonas m\u00e1s productivas de Buenos Aires, C\u00f3rdoba, Santa Fe y Entre R\u00edos.<\/p>\n<p>En esta \u00faltima provincia, la cantidad de precipitaciones apenas fue la sexta parte de lo habitual. \u00abNo hay experiencia de manejo astron\u00f3mico capaz de soportar esa situaci\u00f3n\u00bb, precis\u00f3 la Bolsa de Cereales entrerriana, que la calific\u00f3 al fen\u00f3meno como un \u00abtremendo hostigamiento del clima\u00bb.<\/p>\n<p>Desde la Bolsa de Comercio de Rosario (BCR), tambi\u00e9n encendieron las luces de alarma y advirtieron que \u00a0\u201cPuede haber productores que este a\u00f1o no cosechen nada. Los quebrantos econ\u00f3micos ser\u00e1n muy grandes\u201d, aseguran al alertar sobre las consecuencias sobre el entramado social y econ\u00f3mico de la regi\u00f3n.<\/p>\n<p>El otro fantasma de la sequ\u00eda que no se ve es el de la ganader\u00eda, actividad en la que se producen visibles efectos, por la mortandad de animales debido a la falta de agua y de pasturas para alimentarlos. A ello se deber\u00e1 sumar tambi\u00e9n las consecuencias biol\u00f3gicas porque el estado corporal de las vacas no es el mejor a la hora de destetar a los teneros.<\/p>\n<p>Para el gobierno, los n\u00fameros tambi\u00e9n son preocupantes. Las menores exportaciones amenazan el super\u00e1vit comercial, estimado en U$S 12.300 millones, seg\u00fan consigna el Presupuesto 2023.<\/p>\n<p>Tambi\u00e9n afectar\u00edan la disponibilidad de divisas: en los \u00faltimos 12 meses, el 77% de las liquidaciones en el mercado oficial provinieron del sector agroindustrial.<\/p>\n<p>En el plano fiscal la BCBA estima que habr\u00e1 una baja de entre U$S 3100 millones y U$S 4700 millones, motivada principalmente por los menores derechos de exportaci\u00f3n a cobrar y que no ingresar\u00e1n a las arcas del tesoro nacional <strong>(VW).<\/strong><\/p>\n<p>&nbsp;<\/p>\n<p>&nbsp;<\/p>\n<p>&nbsp;<\/p>\n","protected":false},"excerpt":{"rendered":"<p>La falta de lluvias\u00a0 afecta al 50% de las provincias argentinas que en n\u00fameros representan entre el 50 y el 55% de las \u00e1reas cultivables, as\u00ed lo confirmaron los dirigentes de la Comisi\u00f3n de&#46;&#46;&#46;<\/p>\n","protected":false},"author":3,"featured_media":9217,"comment_status":"closed","ping_status":"closed","sticky":false,"template":"","format":"standard","meta":{"_monsterinsights_skip_tracking":false,"_monsterinsights_sitenote_active":false,"_monsterinsights_sitenote_note":"","_monsterinsights_sitenote_category":0,"footnotes":""},"categories":[6,8],"tags":[3829,3828,3381,1637],"class_list":["post-9216","post","type-post","status-publish","format-standard","has-post-thumbnail","hentry","category-economia","category-interes-general","tag-ganaderia","tag-impacto","tag-perdidas","tag-sequia"],"_links":{"self":[{"href":"https:\/\/www.visionweb.com.ar\/index.php?rest_route=\/wp\/v2\/posts\/9216","targetHints":{"allow":["GET"]}}],"collection":[{"href":"https:\/\/www.visionweb.com.ar\/index.php?rest_route=\/wp\/v2\/posts"}],"about":[{"href":"https:\/\/www.visionweb.com.ar\/index.php?rest_route=\/wp\/v2\/types\/post"}],"author":[{"embeddable":true,"href":"https:\/\/www.visionweb.com.ar\/index.php?rest_route=\/wp\/v2\/users\/3"}],"replies":[{"embeddable":true,"href":"https:\/\/www.visionweb.com.ar\/index.php?rest_route=%2Fwp%2Fv2%2Fcomments&post=9216"}],"version-history":[{"count":1,"href":"https:\/\/www.visionweb.com.ar\/index.php?rest_route=\/wp\/v2\/posts\/9216\/revisions"}],"predecessor-version":[{"id":9219,"href":"https:\/\/www.visionweb.com.ar\/index.php?rest_route=\/wp\/v2\/posts\/9216\/revisions\/9219"}],"wp:featuredmedia":[{"embeddable":true,"href":"https:\/\/www.visionweb.com.ar\/index.php?rest_route=\/wp\/v2\/media\/9217"}],"wp:attachment":[{"href":"https:\/\/www.visionweb.com.ar\/index.php?rest_route=%2Fwp%2Fv2%2Fmedia&parent=9216"}],"wp:term":[{"taxonomy":"category","embeddable":true,"href":"https:\/\/www.visionweb.com.ar\/index.php?rest_route=%2Fwp%2Fv2%2Fcategories&post=9216"},{"taxonomy":"post_tag","embeddable":true,"href":"https:\/\/www.visionweb.com.ar\/index.php?rest_route=%2Fwp%2Fv2%2Ftags&post=9216"}],"curies":[{"name":"wp","href":"https:\/\/api.w.org\/{rel}","templated":true}]}}