{"id":9211,"date":"2023-01-20T09:51:27","date_gmt":"2023-01-20T12:51:27","guid":{"rendered":"https:\/\/www.visionweb.com.ar\/?p=9211"},"modified":"2023-01-20T09:51:27","modified_gmt":"2023-01-20T12:51:27","slug":"afip-extendio-el-plazo-para-la-recategorizacion-de-monotributistas","status":"publish","type":"post","link":"https:\/\/www.visionweb.com.ar\/?p=9211","title":{"rendered":"AFIP extendi\u00f3 el plazo para la recategorizaci\u00f3n de monotributistas"},"content":{"rendered":"<p><em><strong>La pr\u00f3rroga ser\u00e1<\/strong> <strong>hasta el 27 de enero pr\u00f3ximo. A qui\u00e9nes les corresponde hacer el tr\u00e1mite y c\u00f3mo hacerlo.<\/strong><\/em><!--more--><\/p>\n<p><strong>\u00a0\u00a0\u00a0\u00a0\u00a0\u00a0\u00a0 <a href=\"https:\/\/www.visionweb.com.ar\/wp-content\/uploads\/2023\/01\/afip-aplicacion-1.bmp\"><img loading=\"lazy\" decoding=\"async\" class=\"size-medium wp-image-9214 alignright\" src=\"https:\/\/www.visionweb.com.ar\/wp-content\/uploads\/2023\/01\/afip-aplicacion-1-300x240.jpg\" alt=\"\" width=\"300\" height=\"240\" srcset=\"https:\/\/www.visionweb.com.ar\/wp-content\/uploads\/2023\/01\/afip-aplicacion-1-300x240.jpg 300w, https:\/\/www.visionweb.com.ar\/wp-content\/uploads\/2023\/01\/afip-aplicacion-1.bmp 466w\" sizes=\"auto, (max-width: 300px) 100vw, 300px\" \/><\/a>\u00a0\u00a0\u00a0\u00a0\u00a0 L<\/strong>a<strong> Administraci\u00f3n Federal de Ingresos P\u00fablicos (AFIP) extendi\u00f3 hasta el pr\u00f3ximo 27 de enero inclusive, el plazo para que las personas monotributistas realicen su recategorizaci\u00f3n <\/strong>correspondiente al semestre julio-diciembre de 2022.<\/p>\n<p>El organismo lo dispuso a trav\u00e9s de la Resoluci\u00f3n General N\u00b0 5318\/23 para permitir realizar los tr\u00e1mites de recategorizaci\u00f3n.<\/p>\n<p><strong>Desde el 1\u00b0 de enero comenzaron a regir las nuevas escalas, <\/strong>por lo que los contribuyentes inscriptos en este r\u00e9gimen deber\u00e1n recategorizarse en caso que corresponda.<\/p>\n<p>La AFIP detall\u00f3: \u201cPara evaluar si corresponde una recategorizaci\u00f3n,\u00a0<strong>se debe tener en cuenta la actividad de los \u00faltimos 12 meses respecto a la facturaci\u00f3n<\/strong>\u00a0o alguno de los otros par\u00e1metros utilizados para el encasillamiento como la superficie afectada, los alquileres devengados anualmente o el consumo de energ\u00eda el\u00e9ctrica. Cuando los distintos par\u00e1metros analizados superan o son inferiores a los de la categor\u00eda vigente corresponde realizar la recategorizaci\u00f3n.\u00a0<strong>El importe correspondiente a la nueva categor\u00eda se abonar\u00e1 al mes siguiente a la recategorizaci\u00f3n<\/strong>\u201c.<\/p>\n<p>Para <strong>realizar la recategorizaci\u00f3n<\/strong>, los contribuyentes deber\u00e1n ingresar al\u00a0<a href=\"https:\/\/www.afip.gob.ar\/landing\/default.asp\">sitio de AFIP<\/a>\u00a0e ingresar el n\u00famero de CUIT\/CUIL\/CDI y la clave fiscal. All\u00ed, deber\u00e1n seleccionar la opci\u00f3n <strong>\u201cRecategorizarme\u201d<\/strong> y autom\u00e1ticamente el sistema informar\u00e1 la categor\u00eda actual del contribuyente y los topes de cada par\u00e1metro de esa categor\u00eda.<\/p>\n<p>Por \u00faltimo, al seleccionar la opci\u00f3n \u201cContinuar recategorizaci\u00f3n\u201d, deber\u00e1n ingresar informaci\u00f3n correspondiente al monto facturado en los \u00faltimos 12 meses. Con estos datos <strong>el sistema determina la nueva categor\u00eda correspondiente<\/strong>, que deber\u00e1 ser confirmada por en la opci\u00f3n \u201cConfirmar categor\u00eda\u201d.<\/p>\n<p>A la vez, el ente fiscal remarc\u00f3 que \u201c<strong>aquellos monotributistas que mantengan la misma categor\u00eda no deber\u00e1n efectuar ninguna acci\u00f3n<\/strong> y si transcurrieron menos de 6 meses de la inscripci\u00f3n en el monotributo no corresponde hacer la recategorizaci\u00f3n. <strong>(VW)<\/strong><\/p>\n","protected":false},"excerpt":{"rendered":"<p>La pr\u00f3rroga ser\u00e1 hasta el 27 de enero pr\u00f3ximo. A qui\u00e9nes les corresponde hacer el tr\u00e1mite y c\u00f3mo hacerlo.<\/p>\n","protected":false},"author":4,"featured_media":9213,"comment_status":"closed","ping_status":"closed","sticky":false,"template":"","format":"standard","meta":{"_monsterinsights_skip_tracking":false,"_monsterinsights_sitenote_active":false,"_monsterinsights_sitenote_note":"","_monsterinsights_sitenote_category":0,"footnotes":""},"categories":[8],"tags":[881,3826,3827,905],"class_list":["post-9211","post","type-post","status-publish","format-standard","has-post-thumbnail","hentry","category-interes-general","tag-afip","tag-monotrbutistas","tag-plazo-extendido","tag-recategorizacion"],"_links":{"self":[{"href":"https:\/\/www.visionweb.com.ar\/index.php?rest_route=\/wp\/v2\/posts\/9211","targetHints":{"allow":["GET"]}}],"collection":[{"href":"https:\/\/www.visionweb.com.ar\/index.php?rest_route=\/wp\/v2\/posts"}],"about":[{"href":"https:\/\/www.visionweb.com.ar\/index.php?rest_route=\/wp\/v2\/types\/post"}],"author":[{"embeddable":true,"href":"https:\/\/www.visionweb.com.ar\/index.php?rest_route=\/wp\/v2\/users\/4"}],"replies":[{"embeddable":true,"href":"https:\/\/www.visionweb.com.ar\/index.php?rest_route=%2Fwp%2Fv2%2Fcomments&post=9211"}],"version-history":[{"count":2,"href":"https:\/\/www.visionweb.com.ar\/index.php?rest_route=\/wp\/v2\/posts\/9211\/revisions"}],"predecessor-version":[{"id":9215,"href":"https:\/\/www.visionweb.com.ar\/index.php?rest_route=\/wp\/v2\/posts\/9211\/revisions\/9215"}],"wp:featuredmedia":[{"embeddable":true,"href":"https:\/\/www.visionweb.com.ar\/index.php?rest_route=\/wp\/v2\/media\/9213"}],"wp:attachment":[{"href":"https:\/\/www.visionweb.com.ar\/index.php?rest_route=%2Fwp%2Fv2%2Fmedia&parent=9211"}],"wp:term":[{"taxonomy":"category","embeddable":true,"href":"https:\/\/www.visionweb.com.ar\/index.php?rest_route=%2Fwp%2Fv2%2Fcategories&post=9211"},{"taxonomy":"post_tag","embeddable":true,"href":"https:\/\/www.visionweb.com.ar\/index.php?rest_route=%2Fwp%2Fv2%2Ftags&post=9211"}],"curies":[{"name":"wp","href":"https:\/\/api.w.org\/{rel}","templated":true}]}}