{"id":9202,"date":"2023-01-20T08:35:12","date_gmt":"2023-01-20T11:35:12","guid":{"rendered":"https:\/\/www.visionweb.com.ar\/?p=9202"},"modified":"2023-01-20T08:35:12","modified_gmt":"2023-01-20T11:35:12","slug":"lanus-el-municipio-avanza-con-el-programa-plazas-23","status":"publish","type":"post","link":"https:\/\/www.visionweb.com.ar\/?p=9202","title":{"rendered":"Lan\u00fas: El Municipio avanza con el Programa \u201cPlazas 23\u201d"},"content":{"rendered":"<p><em><strong>La iniciativa se enfoca en la puesta en valor de los espacios p\u00fablicos, y contempla la incorporaci\u00f3n de pictogramas dentro de las \u00e1reas de juegos para promover la Inclusi\u00f3n Social de personas con trastornos de lenguaje o comunicaci\u00f3n.<\/strong><\/em><!--more--><\/p>\n<div id=\"attachment_9204\" style=\"width: 310px\" class=\"wp-caption alignright\"><img loading=\"lazy\" decoding=\"async\" aria-describedby=\"caption-attachment-9204\" class=\"wp-image-9204 size-medium\" src=\"https:\/\/www.visionweb.com.ar\/wp-content\/uploads\/2023\/01\/lanus-plazas-2-300x200.jpg\" alt=\"\" width=\"300\" height=\"200\" srcset=\"https:\/\/www.visionweb.com.ar\/wp-content\/uploads\/2023\/01\/lanus-plazas-2-300x200.jpg 300w, https:\/\/www.visionweb.com.ar\/wp-content\/uploads\/2023\/01\/lanus-plazas-2.jpg 461w\" sizes=\"auto, (max-width: 300px) 100vw, 300px\" \/><p id=\"caption-attachment-9204\" class=\"wp-caption-text\">Fotos: Prensa de Lan\u00fas<\/p><\/div>\n<p><strong>E<\/strong>l Municipio de <strong>Lan\u00fas<\/strong> desarrolla el <strong>\u00abPrograma Plazas 23\u00bb<\/strong>, en el marco de las medidas destinadas a la recuperaci\u00f3n de los Espacios Verdes del Distrito, con el objetivo de profundizar los <strong>Trabajos de Modernizaci\u00f3n y puesta en valor de las plazas<\/strong>, que comenzaron desde el inicio de la Gesti\u00f3n del Intendente, N\u00e9stor Grindetti.<\/p>\n<p>Las obras, que incluyen la participaci\u00f3n de los vecinos y vecinas, comprenden una serie de intervenciones integrales que abarcan desde reparaciones menores como Reposici\u00f3n de Juegos faltantes y Carteles hasta la <strong>incorporaci\u00f3n de Juegos de Vanguardia, Sistema de Riego Automatizado y Parquizaci\u00f3n de \u00c1rboles<\/strong> o Especies Ornamentales de bajo mantenimiento, conforme indic\u00f3 Prensa de Lan\u00fas.<\/p>\n<p>Entre las tareas contempladas, figuran la <strong>Readecuaci\u00f3n<\/strong><strong> de Caminos, Canteros, Veredas, Rampas<\/strong>, Cordones, Rejas, Cestos y <strong>Solados de Caucho<\/strong>, como as\u00ed tambi\u00e9n, Colocaci\u00f3n de <strong>Mobiliario Urbano, Luminarias y C\u00e1maras de Seguridad<\/strong>.<\/p>\n<p><img loading=\"lazy\" decoding=\"async\" class=\"size-medium wp-image-9205 alignleft\" src=\"https:\/\/www.visionweb.com.ar\/wp-content\/uploads\/2023\/01\/lanus-plazas-300x201.jpg\" alt=\"\" width=\"300\" height=\"201\" srcset=\"https:\/\/www.visionweb.com.ar\/wp-content\/uploads\/2023\/01\/lanus-plazas-300x201.jpg 300w, https:\/\/www.visionweb.com.ar\/wp-content\/uploads\/2023\/01\/lanus-plazas.jpg 448w\" sizes=\"auto, (max-width: 300px) 100vw, 300px\" \/>Con la <strong>inclusi\u00f3n de los pictogramas dentro de las zonas de juego<\/strong> como herramienta visual que facilita la Comprensi\u00f3n y la Comunicaci\u00f3n y sirve de <strong>apoyo para los ni\u00f1os de Espectro Autista<\/strong>, tambi\u00e9n genera la posibilidad de entender el modo de uso de cada juego para todos por igual.<\/p>\n<p>Las plazas alcanzadas por este programa son las siguientes: Alajar\u00edn, Gardel, Tacuar\u00ed, Arias, Constituci\u00f3n, Villa Obrera, 1\u00ba de Mayo, Ricardo de Rojas, Dorrego, Sarmiento, Monteagudo y el Parque Lineal. <strong>(VW<\/strong><\/p>\n","protected":false},"excerpt":{"rendered":"<p>La iniciativa se enfoca en la puesta en valor de los espacios p\u00fablicos, y contempla la incorporaci\u00f3n de pictogramas dentro de las \u00e1reas de juegos para promover la Inclusi\u00f3n Social de personas con trastornos&#46;&#46;&#46;<\/p>\n","protected":false},"author":4,"featured_media":9205,"comment_status":"closed","ping_status":"closed","sticky":false,"template":"","format":"standard","meta":{"_monsterinsights_skip_tracking":false,"_monsterinsights_sitenote_active":false,"_monsterinsights_sitenote_note":"","_monsterinsights_sitenote_category":0,"footnotes":""},"categories":[8],"tags":[18,19,14,3823],"class_list":["post-9202","post","type-post","status-publish","format-standard","has-post-thumbnail","hentry","category-interes-general","tag-grindetti","tag-lanus","tag-municipio","tag-programa-plazas-23"],"_links":{"self":[{"href":"https:\/\/www.visionweb.com.ar\/index.php?rest_route=\/wp\/v2\/posts\/9202","targetHints":{"allow":["GET"]}}],"collection":[{"href":"https:\/\/www.visionweb.com.ar\/index.php?rest_route=\/wp\/v2\/posts"}],"about":[{"href":"https:\/\/www.visionweb.com.ar\/index.php?rest_route=\/wp\/v2\/types\/post"}],"author":[{"embeddable":true,"href":"https:\/\/www.visionweb.com.ar\/index.php?rest_route=\/wp\/v2\/users\/4"}],"replies":[{"embeddable":true,"href":"https:\/\/www.visionweb.com.ar\/index.php?rest_route=%2Fwp%2Fv2%2Fcomments&post=9202"}],"version-history":[{"count":2,"href":"https:\/\/www.visionweb.com.ar\/index.php?rest_route=\/wp\/v2\/posts\/9202\/revisions"}],"predecessor-version":[{"id":9206,"href":"https:\/\/www.visionweb.com.ar\/index.php?rest_route=\/wp\/v2\/posts\/9202\/revisions\/9206"}],"wp:featuredmedia":[{"embeddable":true,"href":"https:\/\/www.visionweb.com.ar\/index.php?rest_route=\/wp\/v2\/media\/9205"}],"wp:attachment":[{"href":"https:\/\/www.visionweb.com.ar\/index.php?rest_route=%2Fwp%2Fv2%2Fmedia&parent=9202"}],"wp:term":[{"taxonomy":"category","embeddable":true,"href":"https:\/\/www.visionweb.com.ar\/index.php?rest_route=%2Fwp%2Fv2%2Fcategories&post=9202"},{"taxonomy":"post_tag","embeddable":true,"href":"https:\/\/www.visionweb.com.ar\/index.php?rest_route=%2Fwp%2Fv2%2Ftags&post=9202"}],"curies":[{"name":"wp","href":"https:\/\/api.w.org\/{rel}","templated":true}]}}