{"id":9199,"date":"2023-01-19T12:22:47","date_gmt":"2023-01-19T15:22:47","guid":{"rendered":"https:\/\/www.visionweb.com.ar\/?p=9199"},"modified":"2023-01-19T12:23:33","modified_gmt":"2023-01-19T15:23:33","slug":"comercio-cerro-la-revision-de-paritarias-2022-con-un-ajuste-de-229","status":"publish","type":"post","link":"https:\/\/www.visionweb.com.ar\/?p=9199","title":{"rendered":"Comercio: Cerr\u00f3 la revisi\u00f3n de Paritarias 2022 con un ajuste de 22,9%"},"content":{"rendered":"<p><em><strong>La paritaria mercantil es la m\u00e1s grande del sector privado, alcanzando a m\u00e1s de un 1.200.000 empleado.<\/strong><\/em><!--more--><\/p>\n<p><strong><img loading=\"lazy\" decoding=\"async\" class=\"size-medium wp-image-1993 alignright\" src=\"https:\/\/www.visionweb.com.ar\/wp-content\/uploads\/2021\/06\/comercios-la-plata-300x171.jpg\" alt=\"\" width=\"300\" height=\"171\" srcset=\"https:\/\/www.visionweb.com.ar\/wp-content\/uploads\/2021\/06\/comercios-la-plata-300x171.jpg 300w, https:\/\/www.visionweb.com.ar\/wp-content\/uploads\/2021\/06\/comercios-la-plata-768x438.jpg 768w, https:\/\/www.visionweb.com.ar\/wp-content\/uploads\/2021\/06\/comercios-la-plata.jpg 800w\" sizes=\"auto, (max-width: 300px) 100vw, 300px\" \/>L<\/strong>as C\u00e1maras empresarias y los gremios de Comercio suscribieron un ajuste del 22,9%, correspondiente al \u00faltimo tramo del acuerdo paritario 2022 para la actividad mercantil.<\/p>\n<p>Con la suscripci\u00f3n\u00a0 de este acuerdo, las partes pactaron un incremento salarial del 22,9%, que sumado al 59,5% del primer tramo totaliza un 82,4%.<\/p>\n<p>El acuerdo salarial fue rubricado en el Ministerio de Trabajo por la Confederaci\u00f3n Argentina de la Mediana Empresa (<strong>CAME), la C\u00e1mara Argentina de Comercio y Servicios (CAC), la Uni\u00f3n de Entidades Comerciales Argentinas (UDECA) y la Federaci\u00f3n Argentina de Empleados de Comercio y Servicios (FAECYS).<\/strong><\/p>\n<p>El \u00faltimo ajuste acordado se abonar\u00e1 en dos tramos acumulativos: 13% en febrero \u2013sobre el sueldo de diciembre 2022\u2013 y 9,9% en marzo \u2013sobre el sueldo de febrero 2023.<\/p>\n<p>De acuerdo a lo informado por la <strong>CAME y la C\u00e1mara de Comercio y Servicios CACyS,<\/strong> \u00a0los aumentos ser\u00e1n sobre las escalas de las remuneraciones b\u00e1sicas del<strong> CCT N\u00b0 130\/75 (Convenio Colectivo de Trabajo),<\/strong> y <strong>el 59,5% otorgado durante el primer tramo de la paritaria<\/strong> continuar\u00e1 en su car\u00e1cter de no remunerativo hasta abril de 2023.<\/p>\n<p>Por otra parte,\u00a0 mediante la paritaria se habilit\u00f3 la posibilidad de que el empleador le compense al colaborador el pago en concepto de guarder\u00eda o trabajo de asistencia no terap\u00e9uticos de personas.<\/p>\n<p>Asimismo, en ele mismo acuerdo, se defini\u00f3 que sea con un tope m\u00e1ximo del 40% del salario mensual correspondiente a la categor\u00eda \u201cAsistencia y cuidados de personas\u201d del personal con retiro del r\u00e9gimen previsto en la Ley 26.844.<\/p>\n<p>Adem\u00e1s, las partes que integran el convenio colectivo mercantil se comprometieron a reunirse en marzo pr\u00f3ximo, a fin de analizar las escalas salariales convencionales, sumas, porcentajes, incorporaciones y en atenci\u00f3n al pr\u00f3ximo vencimiento que se producir\u00e1 del acuerdo paritario vigente.<\/p>\n<p>La paritaria mercantil es la m\u00e1s grande del sector privado, alcanzando a m\u00e1s de un 1.200.000 empleados<strong>(VW)<\/strong>.<\/p>\n<p>&nbsp;<\/p>\n<p>&nbsp;<\/p>\n","protected":false},"excerpt":{"rendered":"<p>La paritaria mercantil es la m\u00e1s grande del sector privado, alcanzando a m\u00e1s de un 1.200.000 empleado.<\/p>\n","protected":false},"author":3,"featured_media":1993,"comment_status":"closed","ping_status":"closed","sticky":false,"template":"","format":"standard","meta":{"_monsterinsights_skip_tracking":false,"_monsterinsights_sitenote_active":false,"_monsterinsights_sitenote_note":"","_monsterinsights_sitenote_category":0,"footnotes":""},"categories":[3,749],"tags":[1804,3822,309,2183],"class_list":["post-9199","post","type-post","status-publish","format-standard","has-post-thumbnail","hentry","category-actualidad","category-pymes","tag-ajuste","tag-cacys","tag-came","tag-paritaria"],"_links":{"self":[{"href":"https:\/\/www.visionweb.com.ar\/index.php?rest_route=\/wp\/v2\/posts\/9199","targetHints":{"allow":["GET"]}}],"collection":[{"href":"https:\/\/www.visionweb.com.ar\/index.php?rest_route=\/wp\/v2\/posts"}],"about":[{"href":"https:\/\/www.visionweb.com.ar\/index.php?rest_route=\/wp\/v2\/types\/post"}],"author":[{"embeddable":true,"href":"https:\/\/www.visionweb.com.ar\/index.php?rest_route=\/wp\/v2\/users\/3"}],"replies":[{"embeddable":true,"href":"https:\/\/www.visionweb.com.ar\/index.php?rest_route=%2Fwp%2Fv2%2Fcomments&post=9199"}],"version-history":[{"count":2,"href":"https:\/\/www.visionweb.com.ar\/index.php?rest_route=\/wp\/v2\/posts\/9199\/revisions"}],"predecessor-version":[{"id":9201,"href":"https:\/\/www.visionweb.com.ar\/index.php?rest_route=\/wp\/v2\/posts\/9199\/revisions\/9201"}],"wp:featuredmedia":[{"embeddable":true,"href":"https:\/\/www.visionweb.com.ar\/index.php?rest_route=\/wp\/v2\/media\/1993"}],"wp:attachment":[{"href":"https:\/\/www.visionweb.com.ar\/index.php?rest_route=%2Fwp%2Fv2%2Fmedia&parent=9199"}],"wp:term":[{"taxonomy":"category","embeddable":true,"href":"https:\/\/www.visionweb.com.ar\/index.php?rest_route=%2Fwp%2Fv2%2Fcategories&post=9199"},{"taxonomy":"post_tag","embeddable":true,"href":"https:\/\/www.visionweb.com.ar\/index.php?rest_route=%2Fwp%2Fv2%2Ftags&post=9199"}],"curies":[{"name":"wp","href":"https:\/\/api.w.org\/{rel}","templated":true}]}}