{"id":9189,"date":"2023-01-19T10:14:54","date_gmt":"2023-01-19T13:14:54","guid":{"rendered":"https:\/\/www.visionweb.com.ar\/?p=9189"},"modified":"2023-01-19T11:06:32","modified_gmt":"2023-01-19T14:06:32","slug":"el-banco-central-subio-la-tasa-de-interes-con-los-bancos","status":"publish","type":"post","link":"https:\/\/www.visionweb.com.ar\/?p=9189","title":{"rendered":"El Central aument\u00f3 la tasa de inter\u00e9s para los bancos  \u00a0"},"content":{"rendered":"<p><em><strong>Subi\u00f3 200 puntos b\u00e1sicos la tasa para las operaciones de pases.<\/strong><\/em><strong>\u00a0<\/strong><!--more--><\/p>\n<p><strong>\u00a0\u00a0\u00a0\u00a0\u00a0 <img loading=\"lazy\" decoding=\"async\" class=\"size-medium wp-image-9191 alignleft\" src=\"https:\/\/www.visionweb.com.ar\/wp-content\/uploads\/2023\/01\/Banco-Central-300x152.jpg\" alt=\"\" width=\"300\" height=\"152\" srcset=\"https:\/\/www.visionweb.com.ar\/wp-content\/uploads\/2023\/01\/Banco-Central-300x152.jpg 300w, https:\/\/www.visionweb.com.ar\/wp-content\/uploads\/2023\/01\/Banco-Central.bmp 508w\" sizes=\"auto, (max-width: 300px) 100vw, 300px\" \/>\u00a0\u00a0\u00a0\u00a0\u00a0\u00a0\u00a0 E<\/strong>l Banco Central de la Rep\u00fablica Argentina (BCRA) dispuso una suba de <strong>200 puntos b\u00e1sicos en la tasa para las operaciones de pases, que utilizan los bancos para su financiamiento.<\/strong><\/p>\n<p>En un comunicado oficial, la entidad que conduce <strong>Miguel Pesce<\/strong> precis\u00f3 ayer que: <strong>\u201cLa tasa de pases pasivos a 1 d\u00eda h\u00e1bil de plazo es de 72%, mientras que para las operaciones activas a 1 d\u00eda h\u00e1bil de plazo es de 97%\u201d<\/strong>.<\/p>\n<p>A la vez,<strong> el ministro de Econom\u00eda Sergio Massa, anunci\u00f3 ayer una recompra de t\u00edtulos p\u00fablicos por 1.000 millones de d\u00f3lares<\/strong>, lo que fue bien recibido por el mercado de bonos que suben hasta 11% tras dicho anuncio, y ya se vio reflejado en la lenta baja del riesgo pa\u00eds, que se ubica en torno de los 1.880 puntos b\u00e1sicos.<\/p>\n<p>En tanto los d\u00f3lares financieros experimentaron unas leve baja en la apertura, y cotizaron ayer, por unidad de d\u00f3lar, cerca de $340 (Bolsa) y a $361 (contado con liquidaci\u00f3n). <strong>(VW)<\/strong><\/p>\n<p>&nbsp;<\/p>\n","protected":false},"excerpt":{"rendered":"<p>Subi\u00f3 200 puntos b\u00e1sicos la tasa para las operaciones de pases.\u00a0<\/p>\n","protected":false},"author":4,"featured_media":9191,"comment_status":"closed","ping_status":"closed","sticky":false,"template":"","format":"standard","meta":{"_monsterinsights_skip_tracking":false,"_monsterinsights_sitenote_active":false,"_monsterinsights_sitenote_note":"","_monsterinsights_sitenote_category":0,"footnotes":""},"categories":[6],"tags":[1438,1472,3819,3818],"class_list":["post-9189","post","type-post","status-publish","format-standard","has-post-thumbnail","hentry","category-economia","tag-banco-central","tag-bcra","tag-operaciones-de-pases","tag-subio-tasas-con-los-bancos"],"_links":{"self":[{"href":"https:\/\/www.visionweb.com.ar\/index.php?rest_route=\/wp\/v2\/posts\/9189","targetHints":{"allow":["GET"]}}],"collection":[{"href":"https:\/\/www.visionweb.com.ar\/index.php?rest_route=\/wp\/v2\/posts"}],"about":[{"href":"https:\/\/www.visionweb.com.ar\/index.php?rest_route=\/wp\/v2\/types\/post"}],"author":[{"embeddable":true,"href":"https:\/\/www.visionweb.com.ar\/index.php?rest_route=\/wp\/v2\/users\/4"}],"replies":[{"embeddable":true,"href":"https:\/\/www.visionweb.com.ar\/index.php?rest_route=%2Fwp%2Fv2%2Fcomments&post=9189"}],"version-history":[{"count":4,"href":"https:\/\/www.visionweb.com.ar\/index.php?rest_route=\/wp\/v2\/posts\/9189\/revisions"}],"predecessor-version":[{"id":9194,"href":"https:\/\/www.visionweb.com.ar\/index.php?rest_route=\/wp\/v2\/posts\/9189\/revisions\/9194"}],"wp:featuredmedia":[{"embeddable":true,"href":"https:\/\/www.visionweb.com.ar\/index.php?rest_route=\/wp\/v2\/media\/9191"}],"wp:attachment":[{"href":"https:\/\/www.visionweb.com.ar\/index.php?rest_route=%2Fwp%2Fv2%2Fmedia&parent=9189"}],"wp:term":[{"taxonomy":"category","embeddable":true,"href":"https:\/\/www.visionweb.com.ar\/index.php?rest_route=%2Fwp%2Fv2%2Fcategories&post=9189"},{"taxonomy":"post_tag","embeddable":true,"href":"https:\/\/www.visionweb.com.ar\/index.php?rest_route=%2Fwp%2Fv2%2Ftags&post=9189"}],"curies":[{"name":"wp","href":"https:\/\/api.w.org\/{rel}","templated":true}]}}