{"id":9185,"date":"2023-01-19T09:49:08","date_gmt":"2023-01-19T12:49:08","guid":{"rendered":"https:\/\/www.visionweb.com.ar\/?p=9185"},"modified":"2023-01-19T09:49:08","modified_gmt":"2023-01-19T12:49:08","slug":"esteban-echeverria-nueva-edicion-del-paseo-dorrego","status":"publish","type":"post","link":"https:\/\/www.visionweb.com.ar\/?p=9185","title":{"rendered":"Esteban Echeverr\u00eda: Nueva edici\u00f3n del Paseo Dorrego"},"content":{"rendered":"<p><em><strong>Abren el Paseo Dorrego este fin de semana a partir de las 16 en Monte Grande con shows en vivo, propuestas gastron\u00f3micas, ferias de emprendedores y hasta clases de zumba.<\/strong><\/em><!--more--><\/p>\n<p><strong><img loading=\"lazy\" decoding=\"async\" class=\"size-medium wp-image-9187 alignright\" src=\"https:\/\/www.visionweb.com.ar\/wp-content\/uploads\/2023\/01\/paseo-dorregp-est-etcheverr-300x174.jpg\" alt=\"\" width=\"300\" height=\"174\" srcset=\"https:\/\/www.visionweb.com.ar\/wp-content\/uploads\/2023\/01\/paseo-dorregp-est-etcheverr-300x174.jpg 300w, https:\/\/www.visionweb.com.ar\/wp-content\/uploads\/2023\/01\/paseo-dorregp-est-etcheverr.bmp 493w\" sizes=\"auto, (max-width: 300px) 100vw, 300px\" \/>\u00a0\u00a0\u00a0 L<\/strong>lega a <strong>Esteban Echeverr\u00eda una nueva edici\u00f3n del Paseo Dorrego<\/strong> este fin de semana, un <strong>evento gastron\u00f3mico y cultural a cielo abierto<\/strong> donde habr\u00e1\u00a0shows en vivo y feria de emprendedores locales.<\/p>\n<p>Este s\u00e1bado y domingo, a partir de las 16, los vecinos podr\u00e1n recorrer el tradicional paseo gastron\u00f3mico de Monte Grande que se convertir\u00e1 en peatonal desde Dorrego entre Rojas y Rotta.<\/p>\n<p>Durante ambos d\u00edas, los vecinos podr\u00e1n disfrutar\u00a0<strong>shows en vivo, clases de zumba, variedad de propuestas gastron\u00f3micas y distintas ferias de emprendedores locales<\/strong>.<\/p>\n<p>Cabe recordar, que adem\u00e1s previo a la propuesta tambi\u00e9n se ver\u00e1\u00a0<strong>afectado el tr\u00e1nsito de la zona<\/strong>, con desv\u00edos. <strong>(VW)<\/strong><\/p>\n<p>&nbsp;<\/p>\n","protected":false},"excerpt":{"rendered":"<p>Abren el Paseo Dorrego este fin de semana a partir de las 16 en Monte Grande con shows en vivo, propuestas gastron\u00f3micas, ferias de emprendedores y hasta clases de zumba.<\/p>\n","protected":false},"author":4,"featured_media":9187,"comment_status":"closed","ping_status":"closed","sticky":false,"template":"","format":"standard","meta":{"_monsterinsights_skip_tracking":false,"_monsterinsights_sitenote_active":false,"_monsterinsights_sitenote_note":"","_monsterinsights_sitenote_category":0,"footnotes":""},"categories":[8],"tags":[3814,3817,3815,3816],"class_list":["post-9185","post","type-post","status-publish","format-standard","has-post-thumbnail","hentry","category-interes-general","tag-esteban-etcheverria","tag-evento-a-cielo-abierto","tag-monte-grande","tag-paseo-dorrego"],"_links":{"self":[{"href":"https:\/\/www.visionweb.com.ar\/index.php?rest_route=\/wp\/v2\/posts\/9185","targetHints":{"allow":["GET"]}}],"collection":[{"href":"https:\/\/www.visionweb.com.ar\/index.php?rest_route=\/wp\/v2\/posts"}],"about":[{"href":"https:\/\/www.visionweb.com.ar\/index.php?rest_route=\/wp\/v2\/types\/post"}],"author":[{"embeddable":true,"href":"https:\/\/www.visionweb.com.ar\/index.php?rest_route=\/wp\/v2\/users\/4"}],"replies":[{"embeddable":true,"href":"https:\/\/www.visionweb.com.ar\/index.php?rest_route=%2Fwp%2Fv2%2Fcomments&post=9185"}],"version-history":[{"count":2,"href":"https:\/\/www.visionweb.com.ar\/index.php?rest_route=\/wp\/v2\/posts\/9185\/revisions"}],"predecessor-version":[{"id":9188,"href":"https:\/\/www.visionweb.com.ar\/index.php?rest_route=\/wp\/v2\/posts\/9185\/revisions\/9188"}],"wp:featuredmedia":[{"embeddable":true,"href":"https:\/\/www.visionweb.com.ar\/index.php?rest_route=\/wp\/v2\/media\/9187"}],"wp:attachment":[{"href":"https:\/\/www.visionweb.com.ar\/index.php?rest_route=%2Fwp%2Fv2%2Fmedia&parent=9185"}],"wp:term":[{"taxonomy":"category","embeddable":true,"href":"https:\/\/www.visionweb.com.ar\/index.php?rest_route=%2Fwp%2Fv2%2Fcategories&post=9185"},{"taxonomy":"post_tag","embeddable":true,"href":"https:\/\/www.visionweb.com.ar\/index.php?rest_route=%2Fwp%2Fv2%2Ftags&post=9185"}],"curies":[{"name":"wp","href":"https:\/\/api.w.org\/{rel}","templated":true}]}}