{"id":9181,"date":"2023-01-19T09:27:43","date_gmt":"2023-01-19T12:27:43","guid":{"rendered":"https:\/\/www.visionweb.com.ar\/?p=9181"},"modified":"2023-01-19T09:27:43","modified_gmt":"2023-01-19T12:27:43","slug":"indec-los-precios-mayoristas-subieron-61-en-diciembre-con-un-alza-del-948-en-todo-el-2022","status":"publish","type":"post","link":"https:\/\/www.visionweb.com.ar\/?p=9181","title":{"rendered":"INDEC: Los Precios Mayoristas subieron 6,1% en diciembre, con un\u00a0alza del 94,8 %\u00a0en todo el 2022"},"content":{"rendered":"<p><em><strong>Los productos importados\u00a0subieron el 8%, mientras que los Primarios\u00a0 6% promedio, con 10,1% en los Agropecuarios, y 7,7% en\u00a0Petr\u00f3leo Crudo\u00a0y\u00a0Gas, entre otros.<\/strong><\/em><strong>\u00a0\u00a0\u00a0\u00a0\u00a0 <\/strong><!--more--><\/p>\n<p><strong> <img loading=\"lazy\" decoding=\"async\" class=\"size-medium wp-image-9183 alignright\" src=\"https:\/\/www.visionweb.com.ar\/wp-content\/uploads\/2023\/01\/indec-pre-mayoristas-300x292.jpg\" alt=\"\" width=\"300\" height=\"292\" srcset=\"https:\/\/www.visionweb.com.ar\/wp-content\/uploads\/2023\/01\/indec-pre-mayoristas-300x292.jpg 300w, https:\/\/www.visionweb.com.ar\/wp-content\/uploads\/2023\/01\/indec-pre-mayoristas.bmp 408w\" sizes=\"auto, (max-width: 300px) 100vw, 300px\" \/>\u00a0\u00a0 E<\/strong>l Instituto Nacional de Estad\u00edstica y Censos (INDEC), ya inform\u00f3 el \u00edndice de\u00a0<strong>Precios Mayoristas de diciembre, que subi\u00f3 en 6,1%<\/strong>\u00a0y acumul\u00f3 un<strong>\u00a0<\/strong><strong>alza del 94,8 %<\/strong>\u00a0durante el a\u00f1o pasado.<\/p>\n<p>De esta manera, el organismo\u00a0<strong>complet\u00f3 la difusi\u00f3n sobre la variaci\u00f3n de los \u00edndices de precios<\/strong><strong>\u00a0<\/strong>que comenz\u00f3 la semana pasada, cuando inform\u00f3 que los minoristas subieron 5,1 %\u00a0en diciembre y 94,8% en todo el a\u00f1o.<\/p>\n<p>En el\u00a0<strong>segmento mayorista<\/strong>, durante diciembre, los\u00a0<strong>productos Primarios<\/strong>\u00a0subieron 6%; los\u00a0<strong>manufacturados<\/strong><strong>\u00a0<\/strong>el 5,4%; los <strong>importados<\/strong><strong>\u00a0<\/strong>el 8%, alzas todas estas que fueron compensadas en t\u00e9rminos estad\u00edsticos por un retroceso del 1% en el valor de la energ\u00eda el\u00e9ctrica que consumen las empresas.<\/p>\n<p>Entre los Productos Primarios se destac\u00f3 el alza del 10,1% en los <strong>Agropecuarios<\/strong>, del 7,7% en\u00a0<strong>Petr\u00f3leo Crudo<\/strong><strong>\u00a0<\/strong>y\u00a0<strong>Gas<\/strong>, 6,8% en Minerales no metal\u00edferos, y una baja del 2,1 % en los pesqueros.<\/p>\n<p>En tanto, el Costo de la<strong> Construcci\u00f3n<\/strong> avanz\u00f3 en el \u00faltimo mes del a\u00f1o el 5,8% y <strong>subi\u00f3 97,6% durante el 2022<\/strong>. <strong>(VW)<\/strong><\/p>\n<p>&nbsp;<\/p>\n","protected":false},"excerpt":{"rendered":"<p>Los productos importados\u00a0subieron el 8%, mientras que los Primarios\u00a0 6% promedio, con 10,1% en los Agropecuarios, y 7,7% en\u00a0Petr\u00f3leo Crudo\u00a0y\u00a0Gas, entre otros.\u00a0\u00a0\u00a0\u00a0\u00a0<\/p>\n","protected":false},"author":4,"featured_media":9183,"comment_status":"closed","ping_status":"closed","sticky":false,"template":"","format":"standard","meta":{"_monsterinsights_skip_tracking":false,"_monsterinsights_sitenote_active":false,"_monsterinsights_sitenote_note":"","_monsterinsights_sitenote_category":0,"footnotes":""},"categories":[6],"tags":[75,3813],"class_list":["post-9181","post","type-post","status-publish","format-standard","has-post-thumbnail","hentry","category-economia","tag-indec","tag-precios-mayorustad-diciembre-2022"],"_links":{"self":[{"href":"https:\/\/www.visionweb.com.ar\/index.php?rest_route=\/wp\/v2\/posts\/9181","targetHints":{"allow":["GET"]}}],"collection":[{"href":"https:\/\/www.visionweb.com.ar\/index.php?rest_route=\/wp\/v2\/posts"}],"about":[{"href":"https:\/\/www.visionweb.com.ar\/index.php?rest_route=\/wp\/v2\/types\/post"}],"author":[{"embeddable":true,"href":"https:\/\/www.visionweb.com.ar\/index.php?rest_route=\/wp\/v2\/users\/4"}],"replies":[{"embeddable":true,"href":"https:\/\/www.visionweb.com.ar\/index.php?rest_route=%2Fwp%2Fv2%2Fcomments&post=9181"}],"version-history":[{"count":2,"href":"https:\/\/www.visionweb.com.ar\/index.php?rest_route=\/wp\/v2\/posts\/9181\/revisions"}],"predecessor-version":[{"id":9184,"href":"https:\/\/www.visionweb.com.ar\/index.php?rest_route=\/wp\/v2\/posts\/9181\/revisions\/9184"}],"wp:featuredmedia":[{"embeddable":true,"href":"https:\/\/www.visionweb.com.ar\/index.php?rest_route=\/wp\/v2\/media\/9183"}],"wp:attachment":[{"href":"https:\/\/www.visionweb.com.ar\/index.php?rest_route=%2Fwp%2Fv2%2Fmedia&parent=9181"}],"wp:term":[{"taxonomy":"category","embeddable":true,"href":"https:\/\/www.visionweb.com.ar\/index.php?rest_route=%2Fwp%2Fv2%2Fcategories&post=9181"},{"taxonomy":"post_tag","embeddable":true,"href":"https:\/\/www.visionweb.com.ar\/index.php?rest_route=%2Fwp%2Fv2%2Ftags&post=9181"}],"curies":[{"name":"wp","href":"https:\/\/api.w.org\/{rel}","templated":true}]}}