{"id":9178,"date":"2023-01-19T08:00:35","date_gmt":"2023-01-19T11:00:35","guid":{"rendered":"https:\/\/www.visionweb.com.ar\/?p=9178"},"modified":"2023-01-18T19:47:30","modified_gmt":"2023-01-18T22:47:30","slug":"intendentes-peronistas-se-reuniran-en-la-costa","status":"publish","type":"post","link":"https:\/\/www.visionweb.com.ar\/?p=9178","title":{"rendered":"Intendentes peronistas se reunir\u00e1n en la costa"},"content":{"rendered":"<p><em><strong>Ser\u00e1n los jefes comunales de la Primera y la Tercera secci\u00f3n electoral. El eje del encuentro pasa por la estrategia a seguir para las pr\u00f3ximas elecciones.<\/strong><\/em><!--more--><\/p>\n<div id=\"attachment_9179\" style=\"width: 310px\" class=\"wp-caption alignright\"><img loading=\"lazy\" decoding=\"async\" aria-describedby=\"caption-attachment-9179\" class=\"wp-image-9179 size-medium\" src=\"https:\/\/www.visionweb.com.ar\/wp-content\/uploads\/2023\/01\/INTENDENTES-PERONISTAS-300x175.png\" alt=\"\" width=\"300\" height=\"175\" srcset=\"https:\/\/www.visionweb.com.ar\/wp-content\/uploads\/2023\/01\/INTENDENTES-PERONISTAS-300x175.png 300w, https:\/\/www.visionweb.com.ar\/wp-content\/uploads\/2023\/01\/INTENDENTES-PERONISTAS.png 600w\" sizes=\"auto, (max-width: 300px) 100vw, 300px\" \/><p id=\"caption-attachment-9179\" class=\"wp-caption-text\"><em><strong>Los intendentes peronistas buscan mayor protagonismo a la hora de elegir los candidatos.<\/strong><\/em><\/p><\/div>\n<p><strong>\u00a0 \u00a0 \u00a0 \u00a0L<\/strong>os jefes comunales peronistas de la provincia de Buenos Aires compartir\u00e1n este s\u00e1bado un almuerzo\u00a0 en el municipio de La Costa, que preside el intendente Cristian Cardoza.<\/p>\n<p>Si bien el eje central del encuentro apuntar\u00e1 a visualizar una estrategia electoral peopia para las pr\u00f3ximas elecciones, en verdad lo que buscan es alcanzar un mayor protagonismo en el Frente de Todos, hace tiempo que se vienen reuniendo para avanzar con el dise\u00f1o de estrategias electorales propias.<\/p>\n<p>Con la presencia, Cristian Cardoza, como anfitri\u00f3n, los jefes comunales de la primera y tercera secci\u00f3n electoral analizar\u00e1n el escenario pol\u00edtico actual, la situaci\u00f3n de cada uno de sus municipios y expectativas para los pr\u00f3ximos comicios, anticiparon a VW voceros cercanos al PJ.<\/p>\n<p>Luego del renunciamiento de Cristina Fern\u00e1ndez de Kirchner a cualquier tipo de candidatura, los intendentes pejotistas bonaerense, coincidieron en la necesidad de\u00a0 tener m\u00e1s poder de decisi\u00f3n dentro del Frente de Todos de cara a las urnas y a la hora de elegir los candidatos a cargos electivos.<\/p>\n<p><strong>Reelecci\u00f3n<\/strong><\/p>\n<p>Durante las \u00faltimas semanas, varios mandatarios locales alzaron su voz para respaldar la reelecci\u00f3n de Axel Kicillof en la provincia de Buenos Aires y aunque todav\u00eda no lo hicieron todos los intendentes oficialistas, desde Gobernaci\u00f3n aseguran que ya cuentan con el apoyo de 50 jefes comunales.<\/p>\n<p>La \u00faltima reuni\u00f3n de la Liga fue en diciembre del a\u00f1o pasado en Ca\u00f1uelas luego de la sentencia contra de CFK. Tras ello este fin de semana volver\u00e1n a encontrarse, pero esta vez en la costa bonaerense, escenario elegido en enero por los pol\u00edticos tanto del oficialismo como de la oposici\u00f3n<strong>(VW)<\/strong>.<\/p>\n<p>&nbsp;<\/p>\n","protected":false},"excerpt":{"rendered":"<p>Ser\u00e1n los jefes comunales de la Primera y la Tercera secci\u00f3n electoral. El eje del encuentro pasa por la estrategia a seguir para las pr\u00f3ximas elecciones.<\/p>\n","protected":false},"author":3,"featured_media":9179,"comment_status":"closed","ping_status":"closed","sticky":false,"template":"","format":"standard","meta":{"_monsterinsights_skip_tracking":false,"_monsterinsights_sitenote_active":false,"_monsterinsights_sitenote_note":"","_monsterinsights_sitenote_category":0,"footnotes":""},"categories":[4],"tags":[340,1994,264,3812],"class_list":["post-9178","post","type-post","status-publish","format-standard","has-post-thumbnail","hentry","category-politica","tag-elecciones","tag-fdt","tag-intendentes","tag-protagonismo"],"_links":{"self":[{"href":"https:\/\/www.visionweb.com.ar\/index.php?rest_route=\/wp\/v2\/posts\/9178","targetHints":{"allow":["GET"]}}],"collection":[{"href":"https:\/\/www.visionweb.com.ar\/index.php?rest_route=\/wp\/v2\/posts"}],"about":[{"href":"https:\/\/www.visionweb.com.ar\/index.php?rest_route=\/wp\/v2\/types\/post"}],"author":[{"embeddable":true,"href":"https:\/\/www.visionweb.com.ar\/index.php?rest_route=\/wp\/v2\/users\/3"}],"replies":[{"embeddable":true,"href":"https:\/\/www.visionweb.com.ar\/index.php?rest_route=%2Fwp%2Fv2%2Fcomments&post=9178"}],"version-history":[{"count":1,"href":"https:\/\/www.visionweb.com.ar\/index.php?rest_route=\/wp\/v2\/posts\/9178\/revisions"}],"predecessor-version":[{"id":9180,"href":"https:\/\/www.visionweb.com.ar\/index.php?rest_route=\/wp\/v2\/posts\/9178\/revisions\/9180"}],"wp:featuredmedia":[{"embeddable":true,"href":"https:\/\/www.visionweb.com.ar\/index.php?rest_route=\/wp\/v2\/media\/9179"}],"wp:attachment":[{"href":"https:\/\/www.visionweb.com.ar\/index.php?rest_route=%2Fwp%2Fv2%2Fmedia&parent=9178"}],"wp:term":[{"taxonomy":"category","embeddable":true,"href":"https:\/\/www.visionweb.com.ar\/index.php?rest_route=%2Fwp%2Fv2%2Fcategories&post=9178"},{"taxonomy":"post_tag","embeddable":true,"href":"https:\/\/www.visionweb.com.ar\/index.php?rest_route=%2Fwp%2Fv2%2Ftags&post=9178"}],"curies":[{"name":"wp","href":"https:\/\/api.w.org\/{rel}","templated":true}]}}