{"id":9173,"date":"2023-01-18T17:59:16","date_gmt":"2023-01-18T20:59:16","guid":{"rendered":"https:\/\/www.visionweb.com.ar\/?p=9173"},"modified":"2023-01-18T17:59:16","modified_gmt":"2023-01-18T20:59:16","slug":"en-balcarce-grindetti-pidio-al-gobierno-sacarle-un-pie-de-la-cabeza-al-campo","status":"publish","type":"post","link":"https:\/\/www.visionweb.com.ar\/?p=9173","title":{"rendered":"En Balcarce, Grindetti pidi\u00f3 al Gobierno \u201csacarle un pie de la cabeza al campo\u201d"},"content":{"rendered":"<p><strong><em>Grindetti lleg\u00f3 a Balcarce como parte de su gira por la costa atl\u00e1ntica, comparti\u00f3 un encuentro con productores agropecuarios de la regi\u00f3n, mantuvo una reuni\u00f3n con su par, Esteban Reino y se reuni\u00f3 con militantes y vecinos de Juntos.<\/em><\/strong><!--more--><\/p>\n<p><img loading=\"lazy\" decoding=\"async\" class=\"size-medium wp-image-9175 alignright\" src=\"https:\/\/www.visionweb.com.ar\/wp-content\/uploads\/2023\/01\/grindetti-en-balcarce-278x300.jpg\" alt=\"\" width=\"278\" height=\"300\" srcset=\"https:\/\/www.visionweb.com.ar\/wp-content\/uploads\/2023\/01\/grindetti-en-balcarce-278x300.jpg 278w, https:\/\/www.visionweb.com.ar\/wp-content\/uploads\/2023\/01\/grindetti-en-balcarce.bmp 360w\" sizes=\"auto, (max-width: 278px) 100vw, 278px\" \/>La gira costera del intendente PRO y precandidato a gobernador Nestor Grindetti, tuvo una nueva parada en la localidad de Balcarce, donde el jefe comunal de Lan\u00fas, acompa\u00f1ado del diputado provincial, Adrian Urreli, se interiorizaron sobre la actualidad de la actividad agropecuaria y las dificultades que atraviesa el sector, producto de la sequ\u00eda y la carga impositiva.<\/p>\n<p>\u00abEs un momento de mucha dificultad para el campo argentino por la sequ\u00eda y la fuerte carga impositiva que soportan los productores, m\u00e1s del 80% de los suelos productores bonaerenses est\u00e1n afectados por la falta de agua, a esta altura el gobierno tiene la obligaci\u00f3n moral de sacarle un pie de la cabeza al campo bajando las retenciones, permitiendo mejorar los niveles de exportaci\u00f3n \u00ab, afirm\u00f3 Grindetti.<\/p>\n<p><a href=\"https:\/\/www.visionweb.com.ar\/wp-content\/uploads\/2023\/01\/grindetti-en-balcarce-2.bmp\"><img loading=\"lazy\" decoding=\"async\" class=\"size-medium wp-image-9176 alignleft\" src=\"https:\/\/www.visionweb.com.ar\/wp-content\/uploads\/2023\/01\/grindetti-en-balcarce-2-300x215.jpg\" alt=\"\" width=\"300\" height=\"215\" srcset=\"https:\/\/www.visionweb.com.ar\/wp-content\/uploads\/2023\/01\/grindetti-en-balcarce-2-300x215.jpg 300w, https:\/\/www.visionweb.com.ar\/wp-content\/uploads\/2023\/01\/grindetti-en-balcarce-2.bmp 415w\" sizes=\"auto, (max-width: 300px) 100vw, 300px\" \/><\/a>Por su parte, Grindetti comparti\u00f3 una reuni\u00f3n con el jefe comunal de la localidad de Balcarce, Estaban Reino con quien analiz\u00f3 la situaci\u00f3n econ\u00f3mica y social de la regi\u00f3n al tiempo que intercambi\u00f3 miradas sobre el momento pol\u00edtico que atraviesa juntos por el cambio en la provincia y el pa\u00eds.<\/p>\n<p>M\u00e1s temprano, Grindetti y Urreli conversaron con el dirigente liberal, Alvaro Zicarelli. En sus redes sociales, el jefe comunal lanusense expres\u00f3:\u00a0 \u00abCon \u00c1lvaro coincidimos en la dif\u00edcil situaci\u00f3n econ\u00f3mica que atraviesa el pa\u00eds y la necesidad de reducir tasas e impuestos en la provincia para favorecer al sector privado y permitir mayor volumen de inversiones, por otro lado, entendemos la pol\u00edtica de la misma manera \u00abcercan\u00eda y gesti\u00f3n\u00bb<\/p>\n<p>Fueron de la partida los dirigentes PRO, Roberto Pagano y Mart\u00edn Heinrich y el ex legislador bonaerense, Gustavo Velez. <strong>(VW)<\/strong><\/p>\n<p>&nbsp;<\/p>\n","protected":false},"excerpt":{"rendered":"<p>Grindetti lleg\u00f3 a Balcarce como parte de su gira por la costa atl\u00e1ntica, comparti\u00f3 un encuentro con productores agropecuarios de la regi\u00f3n, mantuvo una reuni\u00f3n con su par, Esteban Reino y se reuni\u00f3 con&#46;&#46;&#46;<\/p>\n","protected":false},"author":4,"featured_media":9176,"comment_status":"closed","ping_status":"closed","sticky":false,"template":"","format":"standard","meta":{"_monsterinsights_skip_tracking":false,"_monsterinsights_sitenote_active":false,"_monsterinsights_sitenote_note":"","_monsterinsights_sitenote_category":0,"footnotes":""},"categories":[4],"tags":[1987,1341,227,3811,18],"class_list":["post-9173","post","type-post","status-publish","format-standard","has-post-thumbnail","hentry","category-politica","tag-balcarce","tag-campo","tag-costa","tag-esteban-rico","tag-grindetti"],"_links":{"self":[{"href":"https:\/\/www.visionweb.com.ar\/index.php?rest_route=\/wp\/v2\/posts\/9173","targetHints":{"allow":["GET"]}}],"collection":[{"href":"https:\/\/www.visionweb.com.ar\/index.php?rest_route=\/wp\/v2\/posts"}],"about":[{"href":"https:\/\/www.visionweb.com.ar\/index.php?rest_route=\/wp\/v2\/types\/post"}],"author":[{"embeddable":true,"href":"https:\/\/www.visionweb.com.ar\/index.php?rest_route=\/wp\/v2\/users\/4"}],"replies":[{"embeddable":true,"href":"https:\/\/www.visionweb.com.ar\/index.php?rest_route=%2Fwp%2Fv2%2Fcomments&post=9173"}],"version-history":[{"count":2,"href":"https:\/\/www.visionweb.com.ar\/index.php?rest_route=\/wp\/v2\/posts\/9173\/revisions"}],"predecessor-version":[{"id":9177,"href":"https:\/\/www.visionweb.com.ar\/index.php?rest_route=\/wp\/v2\/posts\/9173\/revisions\/9177"}],"wp:featuredmedia":[{"embeddable":true,"href":"https:\/\/www.visionweb.com.ar\/index.php?rest_route=\/wp\/v2\/media\/9176"}],"wp:attachment":[{"href":"https:\/\/www.visionweb.com.ar\/index.php?rest_route=%2Fwp%2Fv2%2Fmedia&parent=9173"}],"wp:term":[{"taxonomy":"category","embeddable":true,"href":"https:\/\/www.visionweb.com.ar\/index.php?rest_route=%2Fwp%2Fv2%2Fcategories&post=9173"},{"taxonomy":"post_tag","embeddable":true,"href":"https:\/\/www.visionweb.com.ar\/index.php?rest_route=%2Fwp%2Fv2%2Ftags&post=9173"}],"curies":[{"name":"wp","href":"https:\/\/api.w.org\/{rel}","templated":true}]}}