{"id":9154,"date":"2023-01-17T10:12:06","date_gmt":"2023-01-17T13:12:06","guid":{"rendered":"https:\/\/www.visionweb.com.ar\/?p=9154"},"modified":"2023-01-17T10:12:06","modified_gmt":"2023-01-17T13:12:06","slug":"grindetti-retoma-su-campana-por-la-costa-atlantica","status":"publish","type":"post","link":"https:\/\/www.visionweb.com.ar\/?p=9154","title":{"rendered":"Grindetti retoma su campa\u00f1a por la costa atl\u00e1ntica"},"content":{"rendered":"<p><strong><em>El jefe comunal PRO y precandidato a gobernador, Nestor Grindetti visit\u00f3 Mar del Plata como parte de una gira costera que incluir\u00e1 recorridas por las localidades de Balcarce, Villa Gesell y Pinamar.<\/em><\/strong><!--more--><\/p>\n<div id=\"attachment_9159\" style=\"width: 310px\" class=\"wp-caption alignright\"><img loading=\"lazy\" decoding=\"async\" aria-describedby=\"caption-attachment-9159\" class=\"wp-image-9159 size-medium\" src=\"https:\/\/www.visionweb.com.ar\/wp-content\/uploads\/2023\/01\/GRINDETTI-JUNTO-MA-EMPRESRIOS-EN-MDQ-300x201.png\" alt=\"\" width=\"300\" height=\"201\" srcset=\"https:\/\/www.visionweb.com.ar\/wp-content\/uploads\/2023\/01\/GRINDETTI-JUNTO-MA-EMPRESRIOS-EN-MDQ-300x201.png 300w, https:\/\/www.visionweb.com.ar\/wp-content\/uploads\/2023\/01\/GRINDETTI-JUNTO-MA-EMPRESRIOS-EN-MDQ.png 497w\" sizes=\"auto, (max-width: 300px) 100vw, 300px\" \/><p id=\"caption-attachment-9159\" class=\"wp-caption-text\">El Jefe comunal de Lan\u00fas, N\u00e9stor Grindetti, charla con empresarios marplantenscs (Foto: Equipo de Campa\u00f1a)<\/p><\/div>\n<p><strong>E<\/strong>l intendente de Lan\u00fas y pre candidato a gobernador (PRO),\u00a0 N\u00e9stor Grindetti encabez\u00f3 un desayuno de trabajo con miembros de la Fundaci\u00f3n Global, una organizaci\u00f3n Independiente que re\u00fane empresarios y comerciantes marplatences.<\/p>\n<p>El titular del Ejecutivo de Lan\u00fas, en el encuentro de trabajo, estuvo acompa\u00f1ado del diputado provincial, Adrian Urreli y comparti\u00f3 su mirada sobre la situaci\u00f3n econ\u00f3mica actual del pa\u00eds y la provincia de Buenos Aires, sus proyectos para modificar la matriz impositiva provincial y los desaf\u00edos de las econom\u00edas regionales bonaerenses.<\/p>\n<p>\u00abMar del Plata es una ciudad que combina desarrollo cultural y deportivo con una fuerte apuesta por las industrias del conocimiento, es una segunda capital en nuestra provincia de Buenos Aires, una ciudad cabecera desde donde se debe apuntalar el desarrollo de la Provincia\u00bb afirm\u00f3 Grindetti.<\/p>\n<p>Respecto de la gesti\u00f3n de los intendentes, el pre Candidato a gobernador agreg\u00f3: \u00abEl trabajo de Guillermo ( Montenegro) demuestra que hay que confiar en los intendentes y darles mayores herramientas para hacer crecer sus distritos, por eso creo fuertemente en un proceso de descentralizaci\u00f3n y mayor autonom\u00eda municipal, que la provincia fije las pol\u00edticas y los distritos puedan ejecutarlas\u00bb<\/p>\n<p>M\u00e1s tarde, el jefe comunal lanusense visit\u00f3 el polo tecnol\u00f3gico de la ciudad y visit\u00f3 Grupo N\u00facleo, Neutr\u00f3n y Aticma, la asociaci\u00f3n de empresas de tecnolog\u00eda. Siendo estructuras modelo en fabricaci\u00f3n de tecnolog\u00eda y aceleraci\u00f3n de proyectos, son pioneros en la promoci\u00f3n de la investigaci\u00f3n, el desarrollo y la expansi\u00f3n de emprendimientos startups.<\/p>\n<p>En relaci\u00f3n a una eventual candidatura del ex presidente Macri, Grindetti expres\u00f3 :\u00bb Todos saben de mi relaci\u00f3n con Mauricio, es el l\u00edder de nuestro espacio y lo dije p\u00fablicamente varias veces, creo que merece su segundo tiempo, todav\u00eda no sabemos qu\u00e9 decisi\u00f3n va a tomar y no quiero presionarlo, ser candidato a presidente no es una decisi\u00f3n f\u00e1cil, ni se toma de la noche a la ma\u00f1ana\u00bb<\/p>\n<p>\u00abSiento que Patricia (Bullrich) es quien est\u00e1 m\u00e1s cerca del pensamiento de Mauricio respecto de la manera de ver la pol\u00edtica y cuenta con el coraje y la determinaci\u00f3n para encarar las transformaciones que necesita el pa\u00eds, por eso estoy trabajando con ella y creo que es la mejor candidata que hoy tiene el PRO\u00bb, subray\u00f3.<\/p>\n<p>La agenda de Grindetti incluye entrevistas con medios locales de la ciudad, recorridas por centros comerciales y la visita al Teatro Tronador para participar del concierto del cantante, Abel Pintos, quien desde el 2 de enero lleva realizados 6 shows en la ciudad y se esperan otros 5 m\u00e1s hasta finalizar el mes.<\/p>\n<p>Durante la semana, el jefe comunal tiene previsto visitar las localidades de Balcarce, Villa Gesell y Pinamar donde matizara una agenda productiva con encuentros con referentes de Juntos por el Cambio<strong>(VW)<\/strong>.<\/p>\n","protected":false},"excerpt":{"rendered":"<p>El jefe comunal PRO y precandidato a gobernador, Nestor Grindetti visit\u00f3 Mar del Plata como parte de una gira costera que incluir\u00e1 recorridas por las localidades de Balcarce, Villa Gesell y Pinamar.<\/p>\n","protected":false},"author":3,"featured_media":9159,"comment_status":"closed","ping_status":"closed","sticky":false,"template":"","format":"standard","meta":{"_monsterinsights_skip_tracking":false,"_monsterinsights_sitenote_active":false,"_monsterinsights_sitenote_note":"","_monsterinsights_sitenote_category":0,"footnotes":""},"categories":[1],"tags":[],"class_list":["post-9154","post","type-post","status-publish","format-standard","has-post-thumbnail","hentry","category-uncategorized"],"_links":{"self":[{"href":"https:\/\/www.visionweb.com.ar\/index.php?rest_route=\/wp\/v2\/posts\/9154","targetHints":{"allow":["GET"]}}],"collection":[{"href":"https:\/\/www.visionweb.com.ar\/index.php?rest_route=\/wp\/v2\/posts"}],"about":[{"href":"https:\/\/www.visionweb.com.ar\/index.php?rest_route=\/wp\/v2\/types\/post"}],"author":[{"embeddable":true,"href":"https:\/\/www.visionweb.com.ar\/index.php?rest_route=\/wp\/v2\/users\/3"}],"replies":[{"embeddable":true,"href":"https:\/\/www.visionweb.com.ar\/index.php?rest_route=%2Fwp%2Fv2%2Fcomments&post=9154"}],"version-history":[{"count":1,"href":"https:\/\/www.visionweb.com.ar\/index.php?rest_route=\/wp\/v2\/posts\/9154\/revisions"}],"predecessor-version":[{"id":9160,"href":"https:\/\/www.visionweb.com.ar\/index.php?rest_route=\/wp\/v2\/posts\/9154\/revisions\/9160"}],"wp:featuredmedia":[{"embeddable":true,"href":"https:\/\/www.visionweb.com.ar\/index.php?rest_route=\/wp\/v2\/media\/9159"}],"wp:attachment":[{"href":"https:\/\/www.visionweb.com.ar\/index.php?rest_route=%2Fwp%2Fv2%2Fmedia&parent=9154"}],"wp:term":[{"taxonomy":"category","embeddable":true,"href":"https:\/\/www.visionweb.com.ar\/index.php?rest_route=%2Fwp%2Fv2%2Fcategories&post=9154"},{"taxonomy":"post_tag","embeddable":true,"href":"https:\/\/www.visionweb.com.ar\/index.php?rest_route=%2Fwp%2Fv2%2Ftags&post=9154"}],"curies":[{"name":"wp","href":"https:\/\/api.w.org\/{rel}","templated":true}]}}