{"id":9133,"date":"2023-01-16T12:15:06","date_gmt":"2023-01-16T15:15:06","guid":{"rendered":"https:\/\/www.visionweb.com.ar\/?p=9133"},"modified":"2023-01-16T12:15:06","modified_gmt":"2023-01-16T15:15:06","slug":"ponen-en-marcha-un-programa-digitalizacion","status":"publish","type":"post","link":"https:\/\/www.visionweb.com.ar\/?p=9133","title":{"rendered":"Ponen en marcha un Programa Digitalizaci\u00f3n"},"content":{"rendered":"<p><strong><em>El puerto de Mar del Plata, se constituy\u00f3 este fin de semana en el\u00a0 escenario para la presentaci\u00f3n de el Programa de Digitalizaci\u00f3n y Modernizaci\u00f3n Tecnol\u00f3gica en los Puertos Bonaerenses.<\/em><\/strong><!--more--><\/p>\n<p><img loading=\"lazy\" decoding=\"async\" class=\"size-medium wp-image-6002 alignright\" src=\"https:\/\/www.visionweb.com.ar\/wp-content\/uploads\/2022\/06\/MEGA-OBRA-EN-PUERTO-DOCK-SUD-300x201.png\" alt=\"\" width=\"300\" height=\"201\" srcset=\"https:\/\/www.visionweb.com.ar\/wp-content\/uploads\/2022\/06\/MEGA-OBRA-EN-PUERTO-DOCK-SUD-300x201.png 300w, https:\/\/www.visionweb.com.ar\/wp-content\/uploads\/2022\/06\/MEGA-OBRA-EN-PUERTO-DOCK-SUD-768x514.png 768w, https:\/\/www.visionweb.com.ar\/wp-content\/uploads\/2022\/06\/MEGA-OBRA-EN-PUERTO-DOCK-SUD.png 800w\" sizes=\"auto, (max-width: 300px) 100vw, 300px\" \/>El anuncio del Programa se concret\u00f3\u00a0 en el Instituto Nacional de Investigaci\u00f3n y Desarrollo Pesquero (INIDEP), presidido por el gobernador bonaerense, Axel Kichilof.<\/p>\n<p>\u201cEl sistema portuario de nuestra provincia tiene un potencial enorme, pero hace mucho tiempo que no contaba con las pol\u00edticas p\u00fablicas que le permitiera desarrollar todas sus capacidades\u201d, expres\u00f3 Kicillof, al hablar en el acto de presentaci\u00f3n.<\/p>\n<p>Junto al Gobernador se encontraba la vicegobernadora Ver\u00f3nica Magario; la directora ejecutiva de la ANSES, Fernanda Raverta; el ministro de Producci\u00f3n, Ciencia e Innovaci\u00f3n Tecnol\u00f3gica, Augusto Costa y el secretario de Comercio de la Naci\u00f3n, Mat\u00edas Tombolini.<\/p>\n<p>El mandatario bonaerense, record\u00f3 que: \u201cCuando asumimos, no exist\u00eda un solo dato acerca de lo que estaba pasando en los puertos: la Provincia no conoc\u00eda ni los vol\u00famenes de bienes y servicios ni las necesidades de cada uno de los consorcios\u201d.<\/p>\n<p>En ese sentido, el Gobernador se\u00f1al\u00f3: \u201cDesde un primer momento empezamos a rearmar el sistema de puertos en articulaci\u00f3n con cada uno de los consorcios. Hoy damos un paso m\u00e1s, muy importante, que requer\u00eda de una gran inversi\u00f3n y un gran esfuerzo para modernizarlos y digitalizar toda la informaci\u00f3n\u201d, a\u00f1adi\u00f3.<\/p>\n<p>A partir del trabajo conjunto entre la Subsecretar\u00eda de Asuntos Portuarios de la Provincia y el Proyecto Ventanilla \u00danica de Comercio Exterior (VUCE) del Ministerio de Econom\u00eda de la Naci\u00f3n, este programa apunta a que los puertos p\u00fablicos bonaerenses adquieran equipamiento tecnol\u00f3gico con desarrollo de software.<\/p>\n<p>La inversi\u00f3n se realiza con financiamiento del Banco Interamericano de Desarrollo (BID) por un total de $560 millones, y permitir\u00e1 hacer m\u00e1s eficiente la log\u00edstica; agilizar tr\u00e1mites y reducir costos; optimizar las funciones de los organismos de control; y mejorar la seguridad y el seguimiento de las cargas.<\/p>\n<p>\u201cPara que los programas de precios, el orden fiscal y la acumulaci\u00f3n de reservas se puedan llevar adelante, es necesario gestionar al mismo tiempo el comercio exterior e interior\u201d, expres\u00f3 Tombolini.<\/p>\n<p>Con relaci\u00f3n a las importaciones Tombolini a\u00f1adi\u00f3 \u201cEl el festival de importaciones se termin\u00f3 en la Argentina, e incorporar tecnolog\u00eda en nuestros puertos nos permite que se acabe el tiempo de los vivos, y que florezca el de quienes est\u00e1n realmente comprometidos con el pa\u00eds y forman parte de un proceso que permite hacer crecer la econom\u00eda de manera sostenida\u201d.<\/p>\n<p>Por su parte, Costa subray\u00f3 que \u201cnos encontramos con un sistema portuario fragmentado, con una absoluta desconexi\u00f3n y falta de complementariedad, por lo que nos propusimos revertir ese camino\u201d. \u201cCon esta iniciativa apuntamos a pensarlo como un engranaje fundamental de nuestro sistema de comercializaci\u00f3n y como el motor de desarrollo de la competitividad de nuestra Provincia, con una mirada integral y sustentable\u201d, a\u00f1adi\u00f3.<\/p>\n<p>Por \u00faltimo, Kicillof resalt\u00f3 que \u201ceste programa le da un impulso mayor al proceso de modernizaci\u00f3n que est\u00e1 en marcha: todos los puertos bonaerenses van a estar conectados y van a contar con los instrumentos de medici\u00f3n, control y seguimiento\u201d. \u201cEstas son las inversiones que nos permiten dar un salto de calidad en t\u00e9rminos de log\u00edstica y recuperar el rol de los puertos para el beneficio de las ciudades, la provincia y el pa\u00eds\u201d, concluy\u00f3<strong>(VW)<\/strong>.<\/p>\n<p>&nbsp;<\/p>\n","protected":false},"excerpt":{"rendered":"<p>El puerto de Mar del Plata, se constituy\u00f3 este fin de semana en el\u00a0 escenario para la presentaci\u00f3n de el Programa de Digitalizaci\u00f3n y Modernizaci\u00f3n Tecnol\u00f3gica en los Puertos Bonaerenses.<\/p>\n","protected":false},"author":3,"featured_media":6002,"comment_status":"closed","ping_status":"closed","sticky":false,"template":"","format":"standard","meta":{"_monsterinsights_skip_tracking":false,"_monsterinsights_sitenote_active":false,"_monsterinsights_sitenote_note":"","_monsterinsights_sitenote_category":0,"footnotes":""},"categories":[6],"tags":[],"class_list":["post-9133","post","type-post","status-publish","format-standard","has-post-thumbnail","hentry","category-economia"],"_links":{"self":[{"href":"https:\/\/www.visionweb.com.ar\/index.php?rest_route=\/wp\/v2\/posts\/9133","targetHints":{"allow":["GET"]}}],"collection":[{"href":"https:\/\/www.visionweb.com.ar\/index.php?rest_route=\/wp\/v2\/posts"}],"about":[{"href":"https:\/\/www.visionweb.com.ar\/index.php?rest_route=\/wp\/v2\/types\/post"}],"author":[{"embeddable":true,"href":"https:\/\/www.visionweb.com.ar\/index.php?rest_route=\/wp\/v2\/users\/3"}],"replies":[{"embeddable":true,"href":"https:\/\/www.visionweb.com.ar\/index.php?rest_route=%2Fwp%2Fv2%2Fcomments&post=9133"}],"version-history":[{"count":1,"href":"https:\/\/www.visionweb.com.ar\/index.php?rest_route=\/wp\/v2\/posts\/9133\/revisions"}],"predecessor-version":[{"id":9134,"href":"https:\/\/www.visionweb.com.ar\/index.php?rest_route=\/wp\/v2\/posts\/9133\/revisions\/9134"}],"wp:featuredmedia":[{"embeddable":true,"href":"https:\/\/www.visionweb.com.ar\/index.php?rest_route=\/wp\/v2\/media\/6002"}],"wp:attachment":[{"href":"https:\/\/www.visionweb.com.ar\/index.php?rest_route=%2Fwp%2Fv2%2Fmedia&parent=9133"}],"wp:term":[{"taxonomy":"category","embeddable":true,"href":"https:\/\/www.visionweb.com.ar\/index.php?rest_route=%2Fwp%2Fv2%2Fcategories&post=9133"},{"taxonomy":"post_tag","embeddable":true,"href":"https:\/\/www.visionweb.com.ar\/index.php?rest_route=%2Fwp%2Fv2%2Ftags&post=9133"}],"curies":[{"name":"wp","href":"https:\/\/api.w.org\/{rel}","templated":true}]}}