{"id":9131,"date":"2023-01-16T11:41:33","date_gmt":"2023-01-16T14:41:33","guid":{"rendered":"https:\/\/www.visionweb.com.ar\/?p=9131"},"modified":"2023-01-16T11:53:35","modified_gmt":"2023-01-16T14:53:35","slug":"el-gobierno-creo-un-area-para-prevenir-e-investigar-delitos-ambientales","status":"publish","type":"post","link":"https:\/\/www.visionweb.com.ar\/?p=9131","title":{"rendered":"El Gobierno cre\u00f3 un \u00e1rea para prevenir e investigar delitos ambientales"},"content":{"rendered":"<p><em><strong>Funcionar\u00e1 bajo la \u00f3rbita del Ministerio de Seguridad de la Naci\u00f3n. Atender{a la detecci{on de delitos ambientales.<\/strong><\/em><!--more--><\/p>\n<p><strong><img loading=\"lazy\" decoding=\"async\" class=\"size-full wp-image-3905 alignright\" src=\"https:\/\/www.visionweb.com.ar\/wp-content\/uploads\/2021\/12\/incendios-centr-cultural-de-montanacom.bmp\" alt=\"\" width=\"508\" height=\"284\" \/>E<\/strong>l Gobierno Nacional, a trav\u00e9s del Ministerio de Seguridad, cre\u00f3 una Unidad de An\u00e1lisis y Prevenci\u00f3n de Delitos Ambientales, tanto en el territorio nacional como en \u201cespacios mar\u00edtimos sujetos a la jurisdicci\u00f3n nacional\u201d.<\/p>\n<p>A trav\u00e9s de la Resoluci\u00f3n 19\/2023, publicada en el Bolet\u00edn Oficial, el Poder Ejecutivo dispuso la puesta en marcha de la Unidad de An\u00e1lisis y Prevenci\u00f3n de Delitos Ambientales en el \u00e1mbito de la Subsecretar\u00eda de Investigaci\u00f3n Criminal y Cooperaci\u00f3n Judicial de la Secretar\u00eda de Seguridad y Pol\u00edtica Criminal del Ministerio de Seguridad, que conduce An\u00edbal Fern\u00e1ndez.<\/p>\n<p>La resoluci\u00f3n establece entre los objetivos de la nueva \u00e1rea \u201cla detecci\u00f3n y prevenci\u00f3n de las diferentes manifestaciones de los delitos ambientales que se desarrollen dentro del territorio nacional ya sea que afecten la flora, fauna, suelo, aire, aguas y\/o espacios mar\u00edtimos sujetos a la jurisdicci\u00f3n nacional\u201d, se indic\u00f3 desde fuentes oficiales..<\/p>\n<p>Tambi\u00e9n \u201crecolectar y sistematizar informaci\u00f3n sobre los delitos ambientales cometidos en el territorio nacional, proveniente tanto de fuentes abiertas, como de las fuerzas policiales y de seguridad federales\u201d, adem\u00e1s de \u201cdesarrollar indicadores y elaborar informes peri\u00f3dicos que sirvan de insumo para el trabajo en el \u00e1mbito de la Mesa de Evaluaci\u00f3n de Delitos Ambientales y a solicitud de otras \u00e1reas\u201d de la cartera de Seguridad.<\/p>\n<p>La Unidad tambi\u00e9n buscar\u00e1 \u201celaborar un mapa de situaci\u00f3n, a fin de detectar \u2018zonas calientes\u2019, individualizando los delitos por zonas con la finalidad de proponer medidas tendientes a la prevenci\u00f3n de los il\u00edcitos ambientales\u201d.<\/p>\n<p>En tanto, el art\u00edculo 11 de la resoluci\u00f3n indic\u00f3 que \u201cla presente medida no implica erogaci\u00f3n presupuestaria alguna al Estado nacional\u201d. La resoluci\u00f3n 19\/2023 lleva la firma del ministro Fern\u00e1ndez.<\/p>\n<p>Ser\u00e1 la Secretar\u00eda de Seguridad y Pol\u00edtica Criminal la encargada de designan al titular de la Unidad de An\u00e1lisis y Prevenci\u00f3n de Delitos Ambientales, quien a su vez tendr\u00e1 a cargo la conducci\u00f3n de la Mesa de Evaluaci\u00f3n de Delitos Ambientales.<\/p>\n<p>La mencionada mesa estar\u00e1 integrada adem\u00e1s por representantes de la Direcci\u00f3n Nacional de Investigaci\u00f3n Criminal; de la Direcci\u00f3n de Investigaci\u00f3n de Delitos Federales; de la Direcci\u00f3n Nacional de Inteligencia Criminal; de las direcciones, departamentos y\/o \u00e1reas especializadas en materia ambiental de las fuerzas federales; y de \u201ctodo otro personal de entidades estatales, nacionales o provinciales y\/u organizaciones de la sociedad civil competentes en la materia cuya invitaci\u00f3n se encuentre fundada conforme a la problem\u00e1tica tratada\u201d<strong>(VW)<\/strong>.<\/p>\n","protected":false},"excerpt":{"rendered":"<p>Funcionar\u00e1 bajo la \u00f3rbita del Ministerio de Seguridad de la Naci\u00f3n. Atender{a la detecci{on de delitos ambientales.<\/p>\n","protected":false},"author":3,"featured_media":3905,"comment_status":"closed","ping_status":"closed","sticky":false,"template":"","format":"standard","meta":{"_monsterinsights_skip_tracking":false,"_monsterinsights_sitenote_active":false,"_monsterinsights_sitenote_note":"","_monsterinsights_sitenote_category":0,"footnotes":""},"categories":[8],"tags":[3796,536,529],"class_list":["post-9131","post","type-post","status-publish","format-standard","has-post-thumbnail","hentry","category-interes-general","tag-creacion","tag-incendios","tag-seguridad"],"_links":{"self":[{"href":"https:\/\/www.visionweb.com.ar\/index.php?rest_route=\/wp\/v2\/posts\/9131","targetHints":{"allow":["GET"]}}],"collection":[{"href":"https:\/\/www.visionweb.com.ar\/index.php?rest_route=\/wp\/v2\/posts"}],"about":[{"href":"https:\/\/www.visionweb.com.ar\/index.php?rest_route=\/wp\/v2\/types\/post"}],"author":[{"embeddable":true,"href":"https:\/\/www.visionweb.com.ar\/index.php?rest_route=\/wp\/v2\/users\/3"}],"replies":[{"embeddable":true,"href":"https:\/\/www.visionweb.com.ar\/index.php?rest_route=%2Fwp%2Fv2%2Fcomments&post=9131"}],"version-history":[{"count":1,"href":"https:\/\/www.visionweb.com.ar\/index.php?rest_route=\/wp\/v2\/posts\/9131\/revisions"}],"predecessor-version":[{"id":9132,"href":"https:\/\/www.visionweb.com.ar\/index.php?rest_route=\/wp\/v2\/posts\/9131\/revisions\/9132"}],"wp:featuredmedia":[{"embeddable":true,"href":"https:\/\/www.visionweb.com.ar\/index.php?rest_route=\/wp\/v2\/media\/3905"}],"wp:attachment":[{"href":"https:\/\/www.visionweb.com.ar\/index.php?rest_route=%2Fwp%2Fv2%2Fmedia&parent=9131"}],"wp:term":[{"taxonomy":"category","embeddable":true,"href":"https:\/\/www.visionweb.com.ar\/index.php?rest_route=%2Fwp%2Fv2%2Fcategories&post=9131"},{"taxonomy":"post_tag","embeddable":true,"href":"https:\/\/www.visionweb.com.ar\/index.php?rest_route=%2Fwp%2Fv2%2Ftags&post=9131"}],"curies":[{"name":"wp","href":"https:\/\/api.w.org\/{rel}","templated":true}]}}