{"id":9128,"date":"2023-01-16T08:15:57","date_gmt":"2023-01-16T11:15:57","guid":{"rendered":"https:\/\/www.visionweb.com.ar\/?p=9128"},"modified":"2023-01-16T08:15:57","modified_gmt":"2023-01-16T11:15:57","slug":"vecinos-reclaman-mejorar-la-salida-de-un-paso-bajo-a-nivel","status":"publish","type":"post","link":"https:\/\/www.visionweb.com.ar\/?p=9128","title":{"rendered":"Vecinos reclaman mejorar la salida de un paso bajo a nivel"},"content":{"rendered":"<p><em><strong>Es la salida del paso bajo nivel que vincula a Banfield Este y Oeste por las calles Rinc\u00f3n y Vieytes. Piden autorizar estacionamientos.<\/strong><\/em> <!--more--><\/p>\n<div id=\"attachment_9129\" style=\"width: 310px\" class=\"wp-caption alignright\"><img loading=\"lazy\" decoding=\"async\" aria-describedby=\"caption-attachment-9129\" class=\"wp-image-9129 size-medium\" src=\"https:\/\/www.visionweb.com.ar\/wp-content\/uploads\/2023\/01\/BAJO-NIVEL-BANFIELD-300x238.png\" alt=\"\" width=\"300\" height=\"238\" srcset=\"https:\/\/www.visionweb.com.ar\/wp-content\/uploads\/2023\/01\/BAJO-NIVEL-BANFIELD-300x238.png 300w, https:\/\/www.visionweb.com.ar\/wp-content\/uploads\/2023\/01\/BAJO-NIVEL-BANFIELD.png 487w\" sizes=\"auto, (max-width: 300px) 100vw, 300px\" \/><p id=\"caption-attachment-9129\" class=\"wp-caption-text\"><em><strong>La obra se habilit\u00f3, pero faltan detalles (Gentileza: Concejal Jorge Villalba)<\/strong><\/em><\/p><\/div>\n<p><strong>L<\/strong>a reciente inauguraci\u00f3n del paso bajo nivel que vincula a Banfield Este, calle Rinc\u00f3n, con Banfield l Oeste, por la\u00a0 calle Vieytes, logr\u00f3 resolver un problema de antigua data, las demoras generadas por las barreras bajas del ferrocarril Roca, cuando la frecuencia entre tren y tren es menor.<\/p>\n<p>Los lugare\u00f1os suelen recordar que los automovilistas, hasta hace pocos meses, deb\u00edan esperar m\u00e1s de 10 minutos para cruzar de un lado al otro, lo mismo que los peatones.<\/p>\n<p>Lo cierto es que el problema qued\u00f3 resuelto en forma parcial con la habilitaci\u00f3n definitiva del paso bajo a nivel que se inaugur\u00f3 antes de fines de 2022, \u201cuna obra hist\u00f3rica en infraestructura para el Distrito\u201d, aseguran desde el municipio de Lomas de Zamora.<\/p>\n<p>La obra que comenz\u00f3 a proyectarse en el 2015 por diferentes circunstancias, tiempo despu\u00e9s se suspendi\u00f3, hasta que en el a\u00f1o que acaba de terminar se pusieron en marcha los trabajos para la construcci\u00f3n de paso bajo a nivel.<\/p>\n<p>Sin embargo, m\u00e1s all\u00e1 de las buenas intenciones, los vecinos advirtieron ciertos inconvenientes en la circulaci\u00f3n, sobre todo en la salida de Vieytes y Alem, por la falta de finalizaci\u00f3n de la obra, que dificulta la circulaci\u00f3n de los peatones, sobre todo para quienes tienen alguna limitaci\u00f3n en su movilidad.<\/p>\n<p>En ese sentido, el concejal Jorge Villalba (Coalici\u00f3n &#8211; C\u00edvica Ari), recibi\u00f3 los reclamos vecinales en la sede partidaria de la agrupaci\u00f3n pol\u00edtica de Banfield y explic\u00f3: \u201cLa rampa de acceso del lado Este est\u00e1 perfecta, pero al llegar a la salida de Viytes y Alem, uno se encuentra con que faltan detalles\u201d<\/p>\n<p>\u201cOtro de los reclamos de los vecinos tiene que ver con pa prohibici\u00f3n de estacionar sobre Vieytes, ni en Rinc\u00f3n, porque est\u00e1 prohibido. Los frentistas est\u00e1n preocupados, porque no pueden dejar sus veh\u00edculos en el lugar\u201d, detalla Villalba.<\/p>\n<p>La falta de estacionamiento impacta, adem\u00e1s, \u00a0en los comercios frentistas de la zona y ser\u00eda bueno \u201chabilitar alguna alternativa de estacionamiento sobre Alem o, sobre Acevedo, porque se dificulta porque las dos arterias son recorridas por el colectivo 541 que pasa por la estaci\u00f3n Banfield\u201d, detalla el edil.<\/p>\n<p>Por otra parte, sobe la calle Vieytes, se encuentra un colegio privado. En la \u00e9poca de clases las cosas se pueden complicar para la seguridad de los chicos, a lo que se deben sumar los inconvenientes para la carga y\u00a0 descarga de mercader\u00edas para los comercios de la zona.<\/p>\n<p>Villalba recogi\u00f3 el pedido de los vecinos y se confeccionaron sendas notas que fueron presentadas ante la\u00a0 Secretar\u00eda de Obras P\u00fablica, a la Direcci\u00f3n de Tr\u00e1nsito y Transporte y a la intendenta de Lomas de Zamora, Marina Lesci, quien reemplaza a Mart\u00edn Insaurralde, hoy Jefe de Gabinte de la provincia de Buenos Aires <strong>(WP)<\/strong><\/p>\n","protected":false},"excerpt":{"rendered":"<p>Es la salida del paso bajo nivel que vincula a Banfield Este y Oeste por las calles Rinc\u00f3n y Vieytes. Piden autorizar estacionamientos.<\/p>\n","protected":false},"author":3,"featured_media":9129,"comment_status":"closed","ping_status":"closed","sticky":false,"template":"","format":"standard","meta":{"_monsterinsights_skip_tracking":false,"_monsterinsights_sitenote_active":false,"_monsterinsights_sitenote_note":"","_monsterinsights_sitenote_category":0,"footnotes":""},"categories":[8],"tags":[3795,681,204,224],"class_list":["post-9128","post","type-post","status-publish","format-standard","has-post-thumbnail","hentry","category-interes-general","tag-autos","tag-banfield","tag-paso","tag-roca"],"_links":{"self":[{"href":"https:\/\/www.visionweb.com.ar\/index.php?rest_route=\/wp\/v2\/posts\/9128","targetHints":{"allow":["GET"]}}],"collection":[{"href":"https:\/\/www.visionweb.com.ar\/index.php?rest_route=\/wp\/v2\/posts"}],"about":[{"href":"https:\/\/www.visionweb.com.ar\/index.php?rest_route=\/wp\/v2\/types\/post"}],"author":[{"embeddable":true,"href":"https:\/\/www.visionweb.com.ar\/index.php?rest_route=\/wp\/v2\/users\/3"}],"replies":[{"embeddable":true,"href":"https:\/\/www.visionweb.com.ar\/index.php?rest_route=%2Fwp%2Fv2%2Fcomments&post=9128"}],"version-history":[{"count":1,"href":"https:\/\/www.visionweb.com.ar\/index.php?rest_route=\/wp\/v2\/posts\/9128\/revisions"}],"predecessor-version":[{"id":9130,"href":"https:\/\/www.visionweb.com.ar\/index.php?rest_route=\/wp\/v2\/posts\/9128\/revisions\/9130"}],"wp:featuredmedia":[{"embeddable":true,"href":"https:\/\/www.visionweb.com.ar\/index.php?rest_route=\/wp\/v2\/media\/9129"}],"wp:attachment":[{"href":"https:\/\/www.visionweb.com.ar\/index.php?rest_route=%2Fwp%2Fv2%2Fmedia&parent=9128"}],"wp:term":[{"taxonomy":"category","embeddable":true,"href":"https:\/\/www.visionweb.com.ar\/index.php?rest_route=%2Fwp%2Fv2%2Fcategories&post=9128"},{"taxonomy":"post_tag","embeddable":true,"href":"https:\/\/www.visionweb.com.ar\/index.php?rest_route=%2Fwp%2Fv2%2Ftags&post=9128"}],"curies":[{"name":"wp","href":"https:\/\/api.w.org\/{rel}","templated":true}]}}