{"id":9123,"date":"2023-01-13T18:44:09","date_gmt":"2023-01-13T21:44:09","guid":{"rendered":"https:\/\/www.visionweb.com.ar\/?p=9123"},"modified":"2023-01-13T18:44:09","modified_gmt":"2023-01-13T21:44:09","slug":"provincia-habra-transito-restringido-domingo-y-lunes-por-el-recambio-turistico","status":"publish","type":"post","link":"https:\/\/www.visionweb.com.ar\/?p=9123","title":{"rendered":"Provincia: Habr\u00e1 tr\u00e1nsito restringido domingo y lunes por el recambio tur\u00edstico"},"content":{"rendered":"<p><em><strong>Estar\u00e1n exceptuados de esta prohibici\u00f3n, los veh\u00edculos de transporte de leche cruda y sus productos derivados, como as\u00ed tambi\u00e9n los veh\u00edculos de emergencias; unidades m\u00f3viles de televisi\u00f3n prensa; gr\u00faas\/asistencia, entre otros.<\/strong><\/em><strong>\u00a0<\/strong><!--more--><\/p>\n<p><img loading=\"lazy\" decoding=\"async\" class=\"size-medium wp-image-9125 alignright\" src=\"https:\/\/www.visionweb.com.ar\/wp-content\/uploads\/2023\/01\/restricciones-por-recambio-turistico-300x190.jpg\" alt=\"\" width=\"300\" height=\"190\" srcset=\"https:\/\/www.visionweb.com.ar\/wp-content\/uploads\/2023\/01\/restricciones-por-recambio-turistico-300x190.jpg 300w, https:\/\/www.visionweb.com.ar\/wp-content\/uploads\/2023\/01\/restricciones-por-recambio-turistico.bmp 524w\" sizes=\"auto, (max-width: 300px) 100vw, 300px\" \/>La Direcci\u00f3n de Vialidad de la provincia de Buenos Aires dispuso<strong> restringir el tr\u00e1nsito<\/strong> los d\u00edas\u00a0<strong>domingo 15 y lunes 16 de enero, <\/strong>durante los cuales <strong>no podr\u00e1n circular veh\u00edculos de gran porte<\/strong> por la autopista Buenos Aires-La Plata, la autov\u00eda 2 y otras cinco rutas bonaerenses, con motivo del recambio tur\u00edstico hacia la Costa Atl\u00e1ntica, se inform\u00f3 oficialmente.<\/p>\n<p><strong>\u00a0<\/strong>El comunicado oficial, detall\u00f3<strong> \u201cLa restricci\u00f3n de circular a veh\u00edculos de m\u00e1s de 7 toneladas de porte alcanza a la Autov\u00eda 2, Rutas Provinciales (RP) N\u00b0 11, 36, 56, 63, 74 y Autopista Buenos Aires-La Plata\u201d<\/strong>, con el objetivo de facilitar el desplazamiento vehicular y prevenir siniestros de tr\u00e1nsito en rutas tur\u00edsticas.<\/p>\n<p><strong>\u00a0<\/strong><strong>En sentido a la Costa Atl\u00e1ntica, la restricci\u00f3n regir\u00e1 desde este domingo 15 de 14 a 23.59<\/strong>; y en sentido a CABA, la restricci\u00f3n ser\u00e1 el domingo 15 de 14 a 23.59 y el lunes 16 de 6 a 14 horas.<\/p>\n<p>En la autov\u00eda 2, la restricci\u00f3n afecta desde km 40,5 del Ramal Buenos Aires \u2013 Mar del Plata de la Autopista Buenos Aires \u2013 La Plata hasta el Km 400 (Camet); y en la ruta provincial 11, desde intersecci\u00f3n con RP N\u00ba 36 (Pipinas) hasta el Km 537 (Chapadmalal).<\/p>\n<p>En la ruta provincial 36, no podr\u00e1n circular camiones de gran porte desde la Rotonda RP N\u00ba 10 (Prolongaci\u00f3n Av. 66 \u2013 La Plata) hasta la intersecci\u00f3n con RP N\u00ba 11 (Pipinas) y por la ruta 56, desde su intersecci\u00f3n con la RP N\u00ba 11 (Gral. Conesa) hasta su intersecci\u00f3n con la RP N\u00ba 74 (Gral. Madariaga).<\/p>\n<p>En la ruta 63 la restricci\u00f3n operar\u00e1 desde el Distribuidor de Tr\u00e1nsito con RP N\u00ba 2 (Dolores) hasta Intersecci\u00f3n con RP N\u00ba 11 (Esquina de Crotto) y en la ruta provincial 74, desde su intersecci\u00f3n con la RP N\u00ba 56 (Maip\u00fa) hasta su intersecci\u00f3n con la RP N\u00ba 11 (Pinamar).<\/p>\n<p>Vialidad bonaerense precis\u00f3 que\u00a0<strong>quedan exceptuados de esta prohibici\u00f3n<\/strong>, los veh\u00edculos de transporte de leche cruda, sus productos derivados y envases asociado; transporte de animales vivos, de pescado y mariscos, de productos frutihort\u00edcolas; los veh\u00edculos de emergencias; el transporte exclusivo de prensa y unidades m\u00f3viles de televisi\u00f3n; gr\u00faas\/asistencia a veh\u00edculos averiados o accidentados; transporte de combustible, de medicinas o de residuos s\u00f3lidos urbanos y\/o patog\u00e9nicos.<\/p>\n<p><strong>\u00a0<\/strong><strong>Recomendaciones a los conductores: <\/strong>circular con las luces bajas encendidas; con la VTV actualizada; respetar las velocidades m\u00e1ximas y m\u00ednimas; colocarse el cintur\u00f3n de seguridad; no sobrepasar a otro veh\u00edculo con presencia de doble l\u00ednea amarilla; haber descansado antes de emprender un viaje y no beber alcohol.<\/p>\n<p>Tambi\u00e9n, se record\u00f3 que los ni\u00f1os menores de 12 a\u00f1os deben viajar en el asiento trasero correctamente sujetados, y de acuerdo a la edad con las butacas de seguridad correspondientes. <strong>(VW)<\/strong><\/p>\n<p>&nbsp;<\/p>\n","protected":false},"excerpt":{"rendered":"<p>Estar\u00e1n exceptuados de esta prohibici\u00f3n, los veh\u00edculos de transporte de leche cruda y sus productos derivados, como as\u00ed tambi\u00e9n los veh\u00edculos de emergencias; unidades m\u00f3viles de televisi\u00f3n prensa; gr\u00faas\/asistencia, entre otros.\u00a0<\/p>\n","protected":false},"author":4,"featured_media":9125,"comment_status":"closed","ping_status":"closed","sticky":false,"template":"","format":"standard","meta":{"_monsterinsights_skip_tracking":false,"_monsterinsights_sitenote_active":false,"_monsterinsights_sitenote_note":"","_monsterinsights_sitenote_category":0,"footnotes":""},"categories":[8],"tags":[356,3793,3794,1041],"class_list":["post-9123","post","type-post","status-publish","format-standard","has-post-thumbnail","hentry","category-interes-general","tag-provincia","tag-recambio-turistico","tag-restricciones-de-transito","tag-rutas"],"_links":{"self":[{"href":"https:\/\/www.visionweb.com.ar\/index.php?rest_route=\/wp\/v2\/posts\/9123","targetHints":{"allow":["GET"]}}],"collection":[{"href":"https:\/\/www.visionweb.com.ar\/index.php?rest_route=\/wp\/v2\/posts"}],"about":[{"href":"https:\/\/www.visionweb.com.ar\/index.php?rest_route=\/wp\/v2\/types\/post"}],"author":[{"embeddable":true,"href":"https:\/\/www.visionweb.com.ar\/index.php?rest_route=\/wp\/v2\/users\/4"}],"replies":[{"embeddable":true,"href":"https:\/\/www.visionweb.com.ar\/index.php?rest_route=%2Fwp%2Fv2%2Fcomments&post=9123"}],"version-history":[{"count":2,"href":"https:\/\/www.visionweb.com.ar\/index.php?rest_route=\/wp\/v2\/posts\/9123\/revisions"}],"predecessor-version":[{"id":9126,"href":"https:\/\/www.visionweb.com.ar\/index.php?rest_route=\/wp\/v2\/posts\/9123\/revisions\/9126"}],"wp:featuredmedia":[{"embeddable":true,"href":"https:\/\/www.visionweb.com.ar\/index.php?rest_route=\/wp\/v2\/media\/9125"}],"wp:attachment":[{"href":"https:\/\/www.visionweb.com.ar\/index.php?rest_route=%2Fwp%2Fv2%2Fmedia&parent=9123"}],"wp:term":[{"taxonomy":"category","embeddable":true,"href":"https:\/\/www.visionweb.com.ar\/index.php?rest_route=%2Fwp%2Fv2%2Fcategories&post=9123"},{"taxonomy":"post_tag","embeddable":true,"href":"https:\/\/www.visionweb.com.ar\/index.php?rest_route=%2Fwp%2Fv2%2Ftags&post=9123"}],"curies":[{"name":"wp","href":"https:\/\/api.w.org\/{rel}","templated":true}]}}