{"id":9108,"date":"2023-01-13T10:24:13","date_gmt":"2023-01-13T13:24:13","guid":{"rendered":"https:\/\/www.visionweb.com.ar\/?p=9108"},"modified":"2023-01-13T10:31:16","modified_gmt":"2023-01-13T13:31:16","slug":"el-poder-ejecutivo-convoco-a-sesiones-extraordinarias","status":"publish","type":"post","link":"https:\/\/www.visionweb.com.ar\/?p=9108","title":{"rendered":"El Poder Ejecutivo convoc\u00f3 a sesiones extraordinarias"},"content":{"rendered":"<p><em><strong>Ser\u00e1 a partir del 23 de enero y hasta el 28 de febrero. Se buscar\u00e1 tratar un paquete de 27 leyes, entre las que se incluy\u00f3 el Juicio pol\u00edtico a la Corte y el proyecto de ley agroindustrial.<\/strong><\/em><!--more--><\/p>\n<p><strong><img loading=\"lazy\" decoding=\"async\" class=\"size-full wp-image-1797 alignleft\" src=\"https:\/\/www.visionweb.com.ar\/wp-content\/uploads\/2021\/06\/congreso.bmp\" alt=\"\" width=\"443\" height=\"304\" \/>E<\/strong>l Poder Ejecutivo nacional convoc\u00f3 al Congreso a Sesiones extraordinarias para avanzar con el tratamiento de un paquete que contiene 27 proyectos de ley, inform\u00f3 este viernes en Casa Rosada la vocera presidencial Gabriela Cerruti.<\/p>\n<p>La convocatoria del Poder Ejecutivo a sesiones extraordinarias del Congreso de la Naci\u00f3n se hizo efectiva este viernes con la publicaci\u00f3n en el Bolet\u00edn Oficial, del Decreto 17\/2023, firmado por el presidente Alberto Fern\u00e1ndez y el jefe de Gabinete, Juan Manzur.<\/p>\n<p>\u201cTenemos un extenso temario con proyectos importantes para todos los argentinos y las argentinas que tienen que ver con el desarrollo productivo y temas judiciales, como la designaci\u00f3n del Procurador General de la Naci\u00f3n y la reforma del Consejo de la Magistratura, que la misma Corte Suprema de Justicia ha pedido que se lleven adelante\u201d, afirm\u00f3 la vocera en la habitual rueda de prensa.<\/p>\n<p><strong>Precios<\/strong><\/p>\n<p>Al ser consultada por la evoluci\u00f3n del \u00edndice de Precios al Consumidor, Cerruti resalt\u00f3 que se est\u00e1 logrando el objetivo primordial que se propuso al asumir el ministro de Econom\u00eda, Sergio Massa, de llegar a una inflaci\u00f3n anual que no fuera de tres d\u00edgitos producto de un descenso mensual paulatino.<\/p>\n<p>\u201cEstamos en un momento en el cual sigue creciendo el empleo registrado\u201d, remarc\u00f3 la funcionaria, y destac\u00f3 que \u201cactualmente 21 provincias est\u00e1n en una situaci\u00f3n de pleno empleo\u201d.<\/p>\n<p>Formar\u00e1n parte del debate parlamentario los proyectos de modificaci\u00f3n de la Ley de Tr\u00e1nsito y Seguridad Vial sobre Alcoholemia Cero para la conducci\u00f3n de veh\u00edculo, para establecer el Sistema de Residencia de Equipos de Salud, de aprobaci\u00f3n del Plan Nacional de Ciencia, Tecnolog\u00eda e Innovaci\u00f3n 2030, modificaciones a la Ley de Fomento de la Innovaci\u00f3n Tecnol\u00f3gica, a la Ley de Ejecuci\u00f3n de la Pena Privativa de Libertad y de Abordaje Integral de la Violencia Institucional en Seguridad y Servicios Penitenciarios.<\/p>\n<p>Tambi\u00e9n los proyectos de solicitud de juicio pol\u00edtico a los integrantes de la Corte Suprema de Justicia de la Naci\u00f3n y para ampliar su n\u00famero de integrantes, el tratamiento para designar al Procurados General de la Naci\u00f3n.<\/p>\n<p>Tambi\u00e9n se incluy\u00f3 en el paquete de proyectos, la modificaciones a la Ley tendiente a la legislaci\u00f3n vinculada a la prevenci\u00f3n del lavado de activos y financiaci\u00f3n de terrorismo y a la Ley del Consejo de la Magistratura y la creaci\u00f3n del Parque Nacional Laguna El Palmar y del \u00c1rea Marina Protegida Agujero Azul.<\/p>\n<p>Asimismo las iniciativas de creaci\u00f3n del pago de deuda provisional, de universidades nacionales y del r\u00e9gimen de fomento al desarrollo agroindustrial, para establecer un r\u00e9gimen diferencial para los y las trabajadoras que se desempe\u00f1an como combatientes de incendios forestales o rurales.<\/p>\n<p>Adem\u00e1s se impulsa un r\u00e9gimen simplificado para peque\u00f1os contribuyentes tecnol\u00f3gicos, que asegura la contenci\u00f3n y acompa\u00f1amiento de las personas que reciben diagn\u00f3stico de s\u00edndrome de Down, de exteriorizaci\u00f3n del ahorro argentino, de promoci\u00f3n de nuevas energ\u00edas e inversiones con valor agregado en el sector energ\u00e9tico y para modificar el Sistema Estad\u00edstico Nacional, entre otros<strong>(VW)<\/strong>.<\/p>\n<p>&nbsp;<\/p>\n","protected":false},"excerpt":{"rendered":"<p>Ser\u00e1 a partir del 23 de enero y hasta el 28 de febrero. Se buscar\u00e1 tratar un paquete de 27 leyes, entre las que se incluy\u00f3 el Juicio pol\u00edtico a la Corte y el&#46;&#46;&#46;<\/p>\n","protected":false},"author":3,"featured_media":1797,"comment_status":"closed","ping_status":"closed","sticky":false,"template":"","format":"standard","meta":{"_monsterinsights_skip_tracking":false,"_monsterinsights_sitenote_active":false,"_monsterinsights_sitenote_note":"","_monsterinsights_sitenote_category":0,"footnotes":""},"categories":[4],"tags":[485,3787,3786],"class_list":["post-9108","post","type-post","status-publish","format-standard","has-post-thumbnail","hentry","category-politica","tag-congreso","tag-juicio-politico","tag-sesiones-extraordinarias"],"_links":{"self":[{"href":"https:\/\/www.visionweb.com.ar\/index.php?rest_route=\/wp\/v2\/posts\/9108","targetHints":{"allow":["GET"]}}],"collection":[{"href":"https:\/\/www.visionweb.com.ar\/index.php?rest_route=\/wp\/v2\/posts"}],"about":[{"href":"https:\/\/www.visionweb.com.ar\/index.php?rest_route=\/wp\/v2\/types\/post"}],"author":[{"embeddable":true,"href":"https:\/\/www.visionweb.com.ar\/index.php?rest_route=\/wp\/v2\/users\/3"}],"replies":[{"embeddable":true,"href":"https:\/\/www.visionweb.com.ar\/index.php?rest_route=%2Fwp%2Fv2%2Fcomments&post=9108"}],"version-history":[{"count":4,"href":"https:\/\/www.visionweb.com.ar\/index.php?rest_route=\/wp\/v2\/posts\/9108\/revisions"}],"predecessor-version":[{"id":9112,"href":"https:\/\/www.visionweb.com.ar\/index.php?rest_route=\/wp\/v2\/posts\/9108\/revisions\/9112"}],"wp:featuredmedia":[{"embeddable":true,"href":"https:\/\/www.visionweb.com.ar\/index.php?rest_route=\/wp\/v2\/media\/1797"}],"wp:attachment":[{"href":"https:\/\/www.visionweb.com.ar\/index.php?rest_route=%2Fwp%2Fv2%2Fmedia&parent=9108"}],"wp:term":[{"taxonomy":"category","embeddable":true,"href":"https:\/\/www.visionweb.com.ar\/index.php?rest_route=%2Fwp%2Fv2%2Fcategories&post=9108"},{"taxonomy":"post_tag","embeddable":true,"href":"https:\/\/www.visionweb.com.ar\/index.php?rest_route=%2Fwp%2Fv2%2Ftags&post=9108"}],"curies":[{"name":"wp","href":"https:\/\/api.w.org\/{rel}","templated":true}]}}