{"id":9081,"date":"2023-01-11T14:51:31","date_gmt":"2023-01-11T17:51:31","guid":{"rendered":"https:\/\/www.visionweb.com.ar\/?p=9081"},"modified":"2023-01-11T14:53:04","modified_gmt":"2023-01-11T17:53:04","slug":"alte-brown-el-programa-escuelas-abiertas-de-verano-arranco-en-53-establecimientos","status":"publish","type":"post","link":"https:\/\/www.visionweb.com.ar\/?p=9081","title":{"rendered":"Alte Brown: El programa \u201cEscuelas Abiertas de Verano\u201d arranc\u00f3 en 53 establecimientos"},"content":{"rendered":"<p><em><strong>Los chicos que participan de estas jornadas de verano, a trav\u00e9s de las escuelas, tiene la posiblidad de disfrutar de jornadas de nataci\u00f3n.<\/strong><\/em>\u00a0 <!--more--><\/p>\n<div id=\"attachment_9083\" style=\"width: 310px\" class=\"wp-caption alignright\"><img loading=\"lazy\" decoding=\"async\" aria-describedby=\"caption-attachment-9083\" class=\"wp-image-9083 size-medium\" src=\"https:\/\/www.visionweb.com.ar\/wp-content\/uploads\/2023\/01\/ESCUALA-DE-VACACIONES-300x161.png\" alt=\"\" width=\"300\" height=\"161\" srcset=\"https:\/\/www.visionweb.com.ar\/wp-content\/uploads\/2023\/01\/ESCUALA-DE-VACACIONES-300x161.png 300w, https:\/\/www.visionweb.com.ar\/wp-content\/uploads\/2023\/01\/ESCUALA-DE-VACACIONES.png 499w\" sizes=\"auto, (max-width: 300px) 100vw, 300px\" \/><p id=\"caption-attachment-9083\" class=\"wp-caption-text\">Los peque\u00f1os de Almirante Brown pueden disfrutar de las vacaciones organizadas por las escuelas. (Foto: Prensa A.Brown)<\/p><\/div>\n<p><strong>U<\/strong>n total de 53 escuelas se sumaron al programa \u00abEscuelas Abiertas de Verano\u00bb, que se lelva adelante en el municipio de Almirante Brown, junto a la Provincia de Buenos Aires.<\/p>\n<p>Desde esta iniciativa los alumnos y alumnas de todas las edades realizan juegos, actividades acu\u00e1ticas y deportivas aprovechando el receso por vacaciones.<\/p>\n<p style=\"font-weight: 400;\">La iniciativa, realizada entre el Consejo Escolar y con la Direcci\u00f3n General de Cultura y Educaci\u00f3n bonaerense, se lleva adelante en 53 establecimientos educativos del distrito de forma libre y gratuita.<\/p>\n<p style=\"font-weight: 400;\">En este sentido, las actividades se realizan en jardines de infantes, para chicos y chicas de 3 a 5 a\u00f1os (de 9 a 13 horas); en escuelas primarias, de 3 a 12 a\u00f1os (9 a 13 horas); en Centros de Educaci\u00f3n Complementaria (CEC) de 6 a 17 a\u00f1os (de 9 a 13 horas); y en el Centro de Educaci\u00f3n F\u00edsica N\u00b056, con j\u00f3venes de 13 a 19 a\u00f1os (de 14 a 18 horas).<\/p>\n<p style=\"font-weight: 400;\">Desde el Municipio de Almirante Brown y en articulaci\u00f3n con el Consejo Escolar y la Provincia, dijeron desde la Comuna, se ponen a disposici\u00f3n los materiales necesarios para realizar las distintas actividades art\u00edsticas, recreativas y deportivas.<\/p>\n<p style=\"font-weight: 400;\">Adem\u00e1s se realizan traslados para las jornadas de nataci\u00f3n en el Polideportivo de Ministro Rivadavia.<\/p>\n<p style=\"font-weight: 400;\">\u201cSeguimos generando propuestas para nuestros ni\u00f1os, ni\u00f1as y adolescentes. Adem\u00e1s de la Colonia de Verano junto a las instituciones, ahora sumamos las escuelas de verano aprovechando el receso escolar\u201d, subray\u00f3 Mariano Cascallares, diputado provincial en uso de licencia como jefe comunal.<\/p>\n<p style=\"font-weight: 400;\">Por su parte, el intendente interino Juan Fabiani remarc\u00f3 que \u00aben verano continuamos garantizando el derecho al futuro de las infancias\u201d.<\/p>\n<p style=\"font-weight: 400;\">Las inscripciones siguen disponibles y los interesados podr\u00e1n acercarse en cada una de las instituciones participantes, entre ellas los jardines N\u00b0903, N\u00b0937 y N\u00b0956; las escuelas primarias N\u00b02, N\u00b04, N\u00b07, N\u00b08, N\u00b011, N\u00b014, N\u00b015, N\u00b017, N\u00b019, N\u00b020, N\u00b021, N\u00b023, N\u00b024, N\u00b025, N\u00b028, N\u00b029, N\u00b031, N\u00b033, N\u00b034, N\u00b036, N\u00b038, N\u00b041, N\u00b042, N\u00b043, N\u00b044, N\u00b045, N\u00b046, N\u00b052, N\u00b053, N\u00b054, N\u00b055, N\u00b061, N\u00b062, N\u00b063, N\u00b064, N\u00b069, N\u00b070, N\u00b072, N\u00b073, N\u00b074, N\u00b076, N\u00b077, N\u00b078, N\u00b079, N\u00b081 y N\u00b082. Tambi\u00e9n los CEC N\u00b0801, 802 y 803 y el CEF N\u00b056 de Don Orione<strong>(VW)<\/strong>.<\/p>\n","protected":false},"excerpt":{"rendered":"<p>Los chicos que participan de estas jornadas de verano, a trav\u00e9s de las escuelas, tiene la posiblidad de disfrutar de jornadas de nataci\u00f3n.\u00a0<\/p>\n","protected":false},"author":3,"featured_media":9083,"comment_status":"closed","ping_status":"closed","sticky":false,"template":"","format":"standard","meta":{"_monsterinsights_skip_tracking":false,"_monsterinsights_sitenote_active":false,"_monsterinsights_sitenote_note":"","_monsterinsights_sitenote_category":0,"footnotes":""},"categories":[3,5],"tags":[1305,430,3772,3773],"class_list":["post-9081","post","type-post","status-publish","format-standard","has-post-thumbnail","hentry","category-actualidad","category-sociedad","tag-brown","tag-escuelas","tag-jornadas","tag-l-vacaciones"],"_links":{"self":[{"href":"https:\/\/www.visionweb.com.ar\/index.php?rest_route=\/wp\/v2\/posts\/9081","targetHints":{"allow":["GET"]}}],"collection":[{"href":"https:\/\/www.visionweb.com.ar\/index.php?rest_route=\/wp\/v2\/posts"}],"about":[{"href":"https:\/\/www.visionweb.com.ar\/index.php?rest_route=\/wp\/v2\/types\/post"}],"author":[{"embeddable":true,"href":"https:\/\/www.visionweb.com.ar\/index.php?rest_route=\/wp\/v2\/users\/3"}],"replies":[{"embeddable":true,"href":"https:\/\/www.visionweb.com.ar\/index.php?rest_route=%2Fwp%2Fv2%2Fcomments&post=9081"}],"version-history":[{"count":1,"href":"https:\/\/www.visionweb.com.ar\/index.php?rest_route=\/wp\/v2\/posts\/9081\/revisions"}],"predecessor-version":[{"id":9084,"href":"https:\/\/www.visionweb.com.ar\/index.php?rest_route=\/wp\/v2\/posts\/9081\/revisions\/9084"}],"wp:featuredmedia":[{"embeddable":true,"href":"https:\/\/www.visionweb.com.ar\/index.php?rest_route=\/wp\/v2\/media\/9083"}],"wp:attachment":[{"href":"https:\/\/www.visionweb.com.ar\/index.php?rest_route=%2Fwp%2Fv2%2Fmedia&parent=9081"}],"wp:term":[{"taxonomy":"category","embeddable":true,"href":"https:\/\/www.visionweb.com.ar\/index.php?rest_route=%2Fwp%2Fv2%2Fcategories&post=9081"},{"taxonomy":"post_tag","embeddable":true,"href":"https:\/\/www.visionweb.com.ar\/index.php?rest_route=%2Fwp%2Fv2%2Ftags&post=9081"}],"curies":[{"name":"wp","href":"https:\/\/api.w.org\/{rel}","templated":true}]}}