{"id":9078,"date":"2023-01-11T14:35:44","date_gmt":"2023-01-11T17:35:44","guid":{"rendered":"https:\/\/www.visionweb.com.ar\/?p=9078"},"modified":"2023-01-11T14:35:44","modified_gmt":"2023-01-11T17:35:44","slug":"colonia-de-verano-grindetti-y-kravetz-visitaron-el-predio-recreativo","status":"publish","type":"post","link":"https:\/\/www.visionweb.com.ar\/?p=9078","title":{"rendered":"Colonia de Verano: Grindetti y Kravetz visitaron el predio recreativo"},"content":{"rendered":"<p><em><strong>Un total de 3.600 chicos y chicas disfrutan en forma gratuita de la pileta, y de las diferentes actividades recreativas organizadas por el Municipio.<\/strong><\/em><!--more--><\/p>\n<div id=\"attachment_9080\" style=\"width: 310px\" class=\"wp-caption alignright\"><img loading=\"lazy\" decoding=\"async\" aria-describedby=\"caption-attachment-9080\" class=\"wp-image-9080 size-medium\" src=\"https:\/\/www.visionweb.com.ar\/wp-content\/uploads\/2023\/01\/lanus-muni-colonia-verano-300x188.jpg\" alt=\"\" width=\"300\" height=\"188\" srcset=\"https:\/\/www.visionweb.com.ar\/wp-content\/uploads\/2023\/01\/lanus-muni-colonia-verano-300x188.jpg 300w, https:\/\/www.visionweb.com.ar\/wp-content\/uploads\/2023\/01\/lanus-muni-colonia-verano.jpg 519w\" sizes=\"auto, (max-width: 300px) 100vw, 300px\" \/><p id=\"caption-attachment-9080\" class=\"wp-caption-text\">El intendente acompa\u00f1\u00f3 a los ni\u00f1os. Foto: Prensa de Lan\u00fas<\/p><\/div>\n<p><strong>E<\/strong>l Intendente de Lan\u00fas, N\u00e9stor Grindetti, el Jefe de Gabinete, Diego Kravetz y el Secretario de Educaci\u00f3n, Empleo y Deportes, Dami\u00e1n Sala, visitaron la Colonia de Verano del Vel\u00f3dromo, que se desarrolla en el Parque Eva Per\u00f3n (C\u00f3rdoba y Purita) hasta la primera semana de febrero.<\/p>\n<p>Esta cl\u00e1sica propuesta organizada por el \u00e1rea de Deportes Local alcanza a un total de 3.600 menores, de entre 6 y 12 a\u00f1os, conforme indic\u00f3 Prensa de Lan\u00fas.<\/p>\n<p>Entre las actividades m\u00e1s destacadas est\u00e1 el acceso a la Pileta en forma totalmente gratuita, como as\u00ed tambi\u00e9n distintas Disciplinas F\u00edsicas, siempre bajo la Supervisi\u00f3n de los Profesores del Municipio.<\/p>\n<p>El espacio tambi\u00e9n brinda Talleres de Ping Pong, Hockey, Taekwondo y Pat\u00edn, y aprender a utilizar las Rampas de Skate.<\/p>\n<p>La Colonia est\u00e1 dividida en Dos Turnos (400 cupos cada uno) con el objetivo de brindar un servicio personalizado que garantice la Seguridad de los Asistentes quienes se anotaron previamente por la web o pertenecen a diferentes Instituciones de la Sociedad.<\/p>\n<p>Mediante estas jornadas que se efect\u00faan todos los a\u00f1os, el Municipio tambi\u00e9n apunta a reforzar los Lazos Sociales y a promover la Integraci\u00f3n Comunitaria por medio de la puesta en pr\u00e1ctica de los valores que inculca el Deporte. <strong>(VW)<\/strong><\/p>\n<p>&nbsp;<\/p>\n","protected":false},"excerpt":{"rendered":"<p>Un total de 3.600 chicos y chicas disfrutan en forma gratuita de la pileta, y de las diferentes actividades recreativas organizadas por el Municipio.<\/p>\n","protected":false},"author":4,"featured_media":9080,"comment_status":"closed","ping_status":"closed","sticky":false,"template":"","format":"standard","meta":{"_monsterinsights_skip_tracking":false,"_monsterinsights_sitenote_active":false,"_monsterinsights_sitenote_note":"","_monsterinsights_sitenote_category":0,"footnotes":""},"categories":[4,5],"tags":[3770,18,241,3771],"class_list":["post-9078","post","type-post","status-publish","format-standard","has-post-thumbnail","hentry","category-politica","category-sociedad","tag-colonia-de-verano","tag-grindetti","tag-kravetz","tag-muni-lanus"],"_links":{"self":[{"href":"https:\/\/www.visionweb.com.ar\/index.php?rest_route=\/wp\/v2\/posts\/9078","targetHints":{"allow":["GET"]}}],"collection":[{"href":"https:\/\/www.visionweb.com.ar\/index.php?rest_route=\/wp\/v2\/posts"}],"about":[{"href":"https:\/\/www.visionweb.com.ar\/index.php?rest_route=\/wp\/v2\/types\/post"}],"author":[{"embeddable":true,"href":"https:\/\/www.visionweb.com.ar\/index.php?rest_route=\/wp\/v2\/users\/4"}],"replies":[{"embeddable":true,"href":"https:\/\/www.visionweb.com.ar\/index.php?rest_route=%2Fwp%2Fv2%2Fcomments&post=9078"}],"version-history":[{"count":2,"href":"https:\/\/www.visionweb.com.ar\/index.php?rest_route=\/wp\/v2\/posts\/9078\/revisions"}],"predecessor-version":[{"id":9082,"href":"https:\/\/www.visionweb.com.ar\/index.php?rest_route=\/wp\/v2\/posts\/9078\/revisions\/9082"}],"wp:featuredmedia":[{"embeddable":true,"href":"https:\/\/www.visionweb.com.ar\/index.php?rest_route=\/wp\/v2\/media\/9080"}],"wp:attachment":[{"href":"https:\/\/www.visionweb.com.ar\/index.php?rest_route=%2Fwp%2Fv2%2Fmedia&parent=9078"}],"wp:term":[{"taxonomy":"category","embeddable":true,"href":"https:\/\/www.visionweb.com.ar\/index.php?rest_route=%2Fwp%2Fv2%2Fcategories&post=9078"},{"taxonomy":"post_tag","embeddable":true,"href":"https:\/\/www.visionweb.com.ar\/index.php?rest_route=%2Fwp%2Fv2%2Ftags&post=9078"}],"curies":[{"name":"wp","href":"https:\/\/api.w.org\/{rel}","templated":true}]}}