{"id":9073,"date":"2023-01-11T14:05:52","date_gmt":"2023-01-11T17:05:52","guid":{"rendered":"https:\/\/www.visionweb.com.ar\/?p=9073"},"modified":"2023-01-11T14:08:33","modified_gmt":"2023-01-11T17:08:33","slug":"la-produccion-industrial-bonaerense-crecio-mas-del-9","status":"publish","type":"post","link":"https:\/\/www.visionweb.com.ar\/?p=9073","title":{"rendered":"La producci\u00f3n industrial bonaerense creci\u00f3 m\u00e1s del 9%"},"content":{"rendered":"<p><em><strong>El dato corresponde\u00a0 a septiembre de 2022, de acuerdo al \u00edndice publicado por el Indicador sint\u00e9tico de la Industria manufacturera (ISIM).<\/strong><\/em><!--more--><\/p>\n<p><strong><img loading=\"lazy\" decoding=\"async\" class=\"size-medium wp-image-7939 alignright\" src=\"https:\/\/www.visionweb.com.ar\/wp-content\/uploads\/2022\/10\/INDUSTRIAS-PYMES-300x168.png\" alt=\"\" width=\"300\" height=\"168\" srcset=\"https:\/\/www.visionweb.com.ar\/wp-content\/uploads\/2022\/10\/INDUSTRIAS-PYMES-300x168.png 300w, https:\/\/www.visionweb.com.ar\/wp-content\/uploads\/2022\/10\/INDUSTRIAS-PYMES.png 640w\" sizes=\"auto, (max-width: 300px) 100vw, 300px\" \/>L<\/strong>a producci\u00f3n industrial bonaerense creci\u00f3 9,6% en septiembre \u00faltimo, con respecto a igual mes de 2021, inform\u00f3 esta semana el ISIM, organismo dependiente del ministerio de Hacienda y Finanzas bonaerense.<\/p>\n<p>En los primeros nueve meses de 2022, la actividad acumul\u00f3 una suba de 7,8% respecto al mismo periodo del a\u00f1o anterior.La producci\u00f3n manufacturera lleva 19 meses de crecimiento ininterrumpido.<\/p>\n<p>El ISIM, elaborado por la Direcci\u00f3n Provincial de Estad\u00edstica, mostr\u00f3 que en septiembre de 2022 nueve de los once bloques que componen el \u00cfndice PBA tuvieron aumentos interanuales, consign\u00f3 el informe provincial.<\/p>\n<p>Las principales variaciones, por orden de incidencia, fueron: Textiles y cueros (44,9%); Minerales no met\u00e1licos (33,3%); Productos qu\u00edmicos (7,9%); Alimentos y bebidas (4,0%); M\u00e1quinas y equipos (6,3%); Refinaci\u00f3n de petr\u00f3leo (7,0%); Veh\u00edculos automotores (6,9%); Metales comunes (5,9%) y Papel y cart\u00f3n (5,0%).<\/p>\n<p>Consultado al respecto el Ministro de Hacienda bonaerense, Pablo L\u00f3pez asegur\u00f3 que: \u201cLa industria de la Provincia lleva 19 meses de alza interanual ininterrumpida, el periodo m\u00e1s extenso de crecimiento desde el inicio de la serie\u00bb.<\/p>\n<p>\u00abAdem\u00e1s, los niveles de producci\u00f3n superan todos los meses equivalentes de 2019, lo cual sit\u00faa a 2022 un 13,9% por encima de ese a\u00f1o\u201d, ampli\u00f3.<\/p>\n<p><img loading=\"lazy\" decoding=\"async\" class=\"size-medium wp-image-9074 alignleft\" src=\"https:\/\/www.visionweb.com.ar\/wp-content\/uploads\/2023\/01\/CRECE-LA-INDUSTRIA-300x214.png\" alt=\"\" width=\"300\" height=\"214\" srcset=\"https:\/\/www.visionweb.com.ar\/wp-content\/uploads\/2023\/01\/CRECE-LA-INDUSTRIA-300x214.png 300w, https:\/\/www.visionweb.com.ar\/wp-content\/uploads\/2023\/01\/CRECE-LA-INDUSTRIA.png 448w\" sizes=\"auto, (max-width: 300px) 100vw, 300px\" \/>Respecto de la incidencia de la actividad productiva en la econom\u00eda bonaerense, el titular de la cartera econ\u00f3mica provincial agreg\u00f3 que \u201cla industria es un motor fundamental para el desarrollo bonaerense y, la sostenibilidad de su crecimiento es una muestra de un nuevo modelo productivo en la Provincia\u00bb, cerr\u00f3 .<\/p>\n<p>Respecto de las pol\u00edticas pol\u00edticas implementadas en la Provincia, destac\u00f3 \u00ablas decisiones de inversi\u00f3n del sector privado que son indispensables para reactivar la industrializaci\u00f3n bonaerense. Seguiremos trabajando para profundizar ese camino\u201d.<\/p>\n<p>El ISIM tiene como objetivo disponer de un indicador mensual que permita observar el comportamiento de la actividad industrial provincial.<\/p>\n<p>LAS mediciones se constituye mediante el seguimiento y estimaci\u00f3n de los denominados Bloques Industriales, conformados por grupos productivos de actividades con caracter\u00edsticas comunes, a trav\u00e9s de estimaciones mensuales sobre el sector manufacturero provincial.<\/p>\n<p>Para la confecci\u00f3n de las estad\u00edsticas, se utiliza asimismo, informaci\u00f3n proveniente de la Encuesta Industrial Mensual que realiza el INDEC y datos obtenidos por relevamientos propios que realiza la Direcci\u00f3n Provincial<strong>(VW)<\/strong>.<\/p>\n","protected":false},"excerpt":{"rendered":"<p>El dato corresponde\u00a0 a septiembre de 2022, de acuerdo al \u00edndice publicado por el Indicador sint\u00e9tico de la Industria manufacturera (ISIM).<\/p>\n","protected":false},"author":3,"featured_media":7939,"comment_status":"closed","ping_status":"closed","sticky":false,"template":"","format":"standard","meta":{"_monsterinsights_skip_tracking":false,"_monsterinsights_sitenote_active":false,"_monsterinsights_sitenote_note":"","_monsterinsights_sitenote_category":0,"footnotes":""},"categories":[6,749],"tags":[2784,299,3768,3769],"class_list":["post-9073","post","type-post","status-publish","format-standard","has-post-thumbnail","hentry","category-economia","category-pymes","tag-crecimiento","tag-industrias","tag-rubros","tag-textiles-y-manufactura"],"_links":{"self":[{"href":"https:\/\/www.visionweb.com.ar\/index.php?rest_route=\/wp\/v2\/posts\/9073","targetHints":{"allow":["GET"]}}],"collection":[{"href":"https:\/\/www.visionweb.com.ar\/index.php?rest_route=\/wp\/v2\/posts"}],"about":[{"href":"https:\/\/www.visionweb.com.ar\/index.php?rest_route=\/wp\/v2\/types\/post"}],"author":[{"embeddable":true,"href":"https:\/\/www.visionweb.com.ar\/index.php?rest_route=\/wp\/v2\/users\/3"}],"replies":[{"embeddable":true,"href":"https:\/\/www.visionweb.com.ar\/index.php?rest_route=%2Fwp%2Fv2%2Fcomments&post=9073"}],"version-history":[{"count":3,"href":"https:\/\/www.visionweb.com.ar\/index.php?rest_route=\/wp\/v2\/posts\/9073\/revisions"}],"predecessor-version":[{"id":9077,"href":"https:\/\/www.visionweb.com.ar\/index.php?rest_route=\/wp\/v2\/posts\/9073\/revisions\/9077"}],"wp:featuredmedia":[{"embeddable":true,"href":"https:\/\/www.visionweb.com.ar\/index.php?rest_route=\/wp\/v2\/media\/7939"}],"wp:attachment":[{"href":"https:\/\/www.visionweb.com.ar\/index.php?rest_route=%2Fwp%2Fv2%2Fmedia&parent=9073"}],"wp:term":[{"taxonomy":"category","embeddable":true,"href":"https:\/\/www.visionweb.com.ar\/index.php?rest_route=%2Fwp%2Fv2%2Fcategories&post=9073"},{"taxonomy":"post_tag","embeddable":true,"href":"https:\/\/www.visionweb.com.ar\/index.php?rest_route=%2Fwp%2Fv2%2Ftags&post=9073"}],"curies":[{"name":"wp","href":"https:\/\/api.w.org\/{rel}","templated":true}]}}