{"id":9051,"date":"2023-01-10T10:27:47","date_gmt":"2023-01-10T13:27:47","guid":{"rendered":"https:\/\/www.visionweb.com.ar\/?p=9051"},"modified":"2023-01-10T10:27:47","modified_gmt":"2023-01-10T13:27:47","slug":"la-sucesora-de-victoria-donda-en-el-inadi-es-greta-pena","status":"publish","type":"post","link":"https:\/\/www.visionweb.com.ar\/?p=9051","title":{"rendered":"La sucesora de Victoria Donda en el\u00a0Inadi es\u00a0Greta Pena\u00a0"},"content":{"rendered":"<p><em><strong><span style=\"line-height: 1.5;\">Tambi\u00e9n el Ejecutivo nacional prorrog\u00f3 la intervenci\u00f3n del Inadi, hasta el 10 de diciembre de este a\u00f1o.<\/span><\/strong><\/em><!--more--><\/p>\n<p><strong><img loading=\"lazy\" decoding=\"async\" class=\"size-medium wp-image-9053 alignright\" src=\"https:\/\/www.visionweb.com.ar\/wp-content\/uploads\/2023\/01\/greta-Pena-300x224.jpg\" alt=\"\" width=\"300\" height=\"224\" srcset=\"https:\/\/www.visionweb.com.ar\/wp-content\/uploads\/2023\/01\/greta-Pena-300x224.jpg 300w, https:\/\/www.visionweb.com.ar\/wp-content\/uploads\/2023\/01\/greta-Pena-320x240.jpg 320w, https:\/\/www.visionweb.com.ar\/wp-content\/uploads\/2023\/01\/greta-Pena.bmp 468w\" sizes=\"auto, (max-width: 300px) 100vw, 300px\" \/>G<\/strong>reta Pena es la <strong>nueva interventora<\/strong> del Instituto Nacional contra la Discriminaci\u00f3n, la Xenofobia y el Racismo (<strong>Inadi)<\/strong>, quien\u00a0fue designada\u00a0a trav\u00e9s del\u00a0decreto 15\/2023, que lleva la firma de Alberto Fern\u00e1ndez, \u00a0y\u00a0se public\u00f3 este martes en el Bolet\u00edn Oficial.<\/p>\n<p>Greta Marisa Pena, es periodista y abogada (48), hasta ahora ten\u00eda el cargo de secretaria de Pol\u00edticas de Igualdad y Diversidad del Ministerio de las Mujeres, G\u00e9neros y Diversidad.<\/p>\n<p>Tambi\u00e9n presidi\u00f3 la Asociaci\u00f3n Civil \u00ab100% Diversidad y Derechos\u00bb, cuyo objetivo es la promoci\u00f3n y la defensa del \u00abreconocimiento y respeto por la libre orientaci\u00f3n sexual e identidad de g\u00e9nero de todos y todas\u00bb, seg\u00fan su p\u00e1gina web.<\/p>\n<p>En sus redes sociales Pena se define como : \u00abActivista lesbiana feminista. Mam\u00e1 de Nina y Uma\u00bb.<\/p>\n<p><strong>Sobre Greta Pena<\/strong>: Desde 1997 est\u00e1 en el sector p\u00fablico. Ocup\u00f3 sucesivamente la Direcci\u00f3n de Prevenci\u00f3n e Investigaci\u00f3n de Pr\u00e1cticas Discriminatorias y la Coordinaci\u00f3n de Prevenci\u00f3n y Protecci\u00f3n de Derechos.<\/p>\n<p>Luego fue asesora en la Subsecretar\u00eda de Promoci\u00f3n de Derechos Humanos de la Naci\u00f3n y, ya en los \u00faltimos meses de Cristina Kirchner en la Casa Rosada, ocup\u00f3 la Direcci\u00f3n Nacional de Articulaci\u00f3n y Enlace con los Ministerios P\u00fablicos dentro del Ministerio de Seguridad.<\/p>\n<p>Desde julio de 2016 pas\u00f3 cuatro a\u00f1os como asesora en la Direcci\u00f3n de Pol\u00edticas de G\u00e9nero de la Procuraci\u00f3n General de la Naci\u00f3n.<\/p>\n<p>En el mandato de Alberto Fern\u00e1ndez, fue nombrada como Subdirectora Ejecutiva de la Agencia Nacional de Discapacidad, en noviembre de 2020. En marzo de 2022 renunci\u00f3 a ese puesto y lleg\u00f3 a su cargo en el Ministerio de las Mujeres, G\u00e9neros y Diversidad, el mismo que ahora abandona para hacerse cargo del Inadi.<\/p>\n<p><strong>Donda<\/strong>: Cabe recordar que luego de la controvertida salida de Victoria Donda del\u00a0organismo, el vicejefe de Gabinete Juan Manuel Olmos, desminti\u00f3 que esta acci\u00f3n hubiera sido por voluntad propia, ya que su mandato culminaba a fin de 2022.<\/p>\n<p>La ex diputada nacional public\u00f3 una carta en la que cuestion\u00f3 con dureza al gobierno de Alberto Fern\u00e1ndez. <strong>(VW)<\/strong><\/p>\n<p>&nbsp;<\/p>\n","protected":false},"excerpt":{"rendered":"<p>Tambi\u00e9n el Ejecutivo nacional prorrog\u00f3 la intervenci\u00f3n del Inadi, hasta el 10 de diciembre de este a\u00f1o.<\/p>\n","protected":false},"author":4,"featured_media":9053,"comment_status":"closed","ping_status":"closed","sticky":false,"template":"","format":"standard","meta":{"_monsterinsights_skip_tracking":false,"_monsterinsights_sitenote_active":false,"_monsterinsights_sitenote_note":"","_monsterinsights_sitenote_category":0,"footnotes":""},"categories":[4],"tags":[3763,305,3762,303],"class_list":["post-9051","post","type-post","status-publish","format-standard","has-post-thumbnail","hentry","category-politica","tag-decreto-15-2023","tag-donda","tag-greta-pena","tag-inadi"],"_links":{"self":[{"href":"https:\/\/www.visionweb.com.ar\/index.php?rest_route=\/wp\/v2\/posts\/9051","targetHints":{"allow":["GET"]}}],"collection":[{"href":"https:\/\/www.visionweb.com.ar\/index.php?rest_route=\/wp\/v2\/posts"}],"about":[{"href":"https:\/\/www.visionweb.com.ar\/index.php?rest_route=\/wp\/v2\/types\/post"}],"author":[{"embeddable":true,"href":"https:\/\/www.visionweb.com.ar\/index.php?rest_route=\/wp\/v2\/users\/4"}],"replies":[{"embeddable":true,"href":"https:\/\/www.visionweb.com.ar\/index.php?rest_route=%2Fwp%2Fv2%2Fcomments&post=9051"}],"version-history":[{"count":2,"href":"https:\/\/www.visionweb.com.ar\/index.php?rest_route=\/wp\/v2\/posts\/9051\/revisions"}],"predecessor-version":[{"id":9054,"href":"https:\/\/www.visionweb.com.ar\/index.php?rest_route=\/wp\/v2\/posts\/9051\/revisions\/9054"}],"wp:featuredmedia":[{"embeddable":true,"href":"https:\/\/www.visionweb.com.ar\/index.php?rest_route=\/wp\/v2\/media\/9053"}],"wp:attachment":[{"href":"https:\/\/www.visionweb.com.ar\/index.php?rest_route=%2Fwp%2Fv2%2Fmedia&parent=9051"}],"wp:term":[{"taxonomy":"category","embeddable":true,"href":"https:\/\/www.visionweb.com.ar\/index.php?rest_route=%2Fwp%2Fv2%2Fcategories&post=9051"},{"taxonomy":"post_tag","embeddable":true,"href":"https:\/\/www.visionweb.com.ar\/index.php?rest_route=%2Fwp%2Fv2%2Ftags&post=9051"}],"curies":[{"name":"wp","href":"https:\/\/api.w.org\/{rel}","templated":true}]}}