{"id":9046,"date":"2023-01-10T09:25:13","date_gmt":"2023-01-10T12:25:13","guid":{"rendered":"https:\/\/www.visionweb.com.ar\/?p=9046"},"modified":"2023-01-10T09:25:13","modified_gmt":"2023-01-10T12:25:13","slug":"grindetti-avanza-en-el-pedido-de-la-descentralizacion-de-la-educacion","status":"publish","type":"post","link":"https:\/\/www.visionweb.com.ar\/?p=9046","title":{"rendered":"Grindetti avanza en el pedido de la descentralizaci\u00f3n de la educaci\u00f3n"},"content":{"rendered":"<p><em><strong>Durante el lanzamiento del programa de Obras de Verano en m\u00e1s de 30 escuelas del distrito apunt\u00f3 para lograr la\u00a0descentralizaci\u00f3n de la educaci\u00f3n p\u00fablica hacia los municipios.<\/strong><\/em><strong>\u00a0<\/strong><!--more--><\/p>\n<p><strong> <img loading=\"lazy\" decoding=\"async\" class=\"size-medium wp-image-9048 alignright\" src=\"https:\/\/www.visionweb.com.ar\/wp-content\/uploads\/2023\/01\/grindetti-obras-en-escuelas-300x219.jpg\" alt=\"\" width=\"300\" height=\"219\" srcset=\"https:\/\/www.visionweb.com.ar\/wp-content\/uploads\/2023\/01\/grindetti-obras-en-escuelas-300x219.jpg 300w, https:\/\/www.visionweb.com.ar\/wp-content\/uploads\/2023\/01\/grindetti-obras-en-escuelas.bmp 502w\" sizes=\"auto, (max-width: 300px) 100vw, 300px\" \/>\u00a0\u00a0\u00a0 E<\/strong>l intendente de Lan\u00fas y precandidato a gobernador del PRO, N\u00e9stor Grindetti, solicit\u00f3 que <strong>el control de los docentes pase a manos de los municipios<\/strong>, junto con las obras de infraestructura\u00a0en establecimientos y el Servicio Alimentario Escolar (SAE), comedores.<\/p>\n<p>Al igual que con los planes sociales y la Polic\u00eda, Grindetti propuso avanzar en una mayor descentralizaci\u00f3n de la educaci\u00f3n p\u00fablica hacia los municipios.<\/p>\n<p>Y en cuanto a la educaci\u00f3n, entre las principales propuestas se encuentra el traspaso de los edificios escolares, el control de las obras de infraestructura, el servicio alimentario escolar, el transporte, control de las asistencias del personal docente y el otorgamiento de licencias m\u00e9dicas, entre otras medidas.<\/p>\n<p>El intendente fij\u00f3 estos conceptos durante el lanzamiento del programa de obras de verano en m\u00e1s de 30 escuelas del distrito.<\/p>\n<p><strong><a href=\"https:\/\/www.visionweb.com.ar\/wp-content\/uploads\/2023\/01\/grindetti-obras-escuelas2.bmp\"><img loading=\"lazy\" decoding=\"async\" class=\"size-medium wp-image-9049 alignleft\" src=\"https:\/\/www.visionweb.com.ar\/wp-content\/uploads\/2023\/01\/grindetti-obras-escuelas2-300x187.jpg\" alt=\"\" width=\"300\" height=\"187\" srcset=\"https:\/\/www.visionweb.com.ar\/wp-content\/uploads\/2023\/01\/grindetti-obras-escuelas2-300x187.jpg 300w, https:\/\/www.visionweb.com.ar\/wp-content\/uploads\/2023\/01\/grindetti-obras-escuelas2.bmp 573w\" sizes=\"auto, (max-width: 300px) 100vw, 300px\" \/><\/a>Grindetti junto a Diego Kravetz<\/strong>, <strong>Dami\u00e1n Sala<\/strong>\u00a0y la secretaria de Desarrollo Urbano\u00a0<strong>Connie Rivas Godio<\/strong>, en el lanzamiento del programa\u00a0<strong>\u00abPlan de obras de verano en escuelas 2023\u00bb.<\/strong><\/p>\n<p>En ese marco indic\u00f3: \u201cEs para mejorar el servicio educativo en la provincia de Buenos Aires\u201d.\u00a0<strong>\u201cParte de lo que tenemos que hacer es ordenar el sistema de responsabilidades en cuanto a la educaci\u00f3n, ser m\u00e1s claros sobre cu\u00e1les son las facultades de los municipios y hasta donde llega su intervenci\u00f3n y donde es la provincia la que tiene que actuar, el sistema est\u00e1 hecho para que nadie tenga la culpa\u201d<\/strong>, analiz\u00f3 Grindetti.<\/p>\n<p>A la vez detall\u00f3: \u201cEn Lan\u00fas llevamos realizadas unas 150 obras en escuelas del distrito desde que comenzamos nuestra gesti\u00f3n, m\u00e1s del 70% del fondo educativo es destinado a obras de infraestructura escolar. Los intendentes tienen que tener m\u00e1s injerencia en la educaci\u00f3n, hay que avanzar en una profundizaci\u00f3n de la descentralizaci\u00f3n hacia las comunas\u201d.<\/p>\n<p>En ese marco, plante\u00f3 que\u00a0<strong>\u201cel control de las inasistencias de los docentes, el otorgamiento de licencias m\u00e9dicas, el transporte, los comedores escolares, las obras de infraestructura deben ser ejecutadas por los municipios, es muy dif\u00edcil desde La Plata saber lo que pasa en una escuela de Trenque Lauquen o de Lan\u00fas, la provincia debe fijar las pol\u00edticas educativas y controlar que se cumplan\u201d<\/strong>.<\/p>\n<p>Por otro lado, Grindetti le otorg\u00f3 mayor relevancia a la figura del director de escuela: \u201cHay que <strong>empoderar a los directores de escuela<\/strong>, darles nuevamente esa <strong>figura de autoridad hacia dentro de la comunidad educativa <\/strong>y que tambi\u00e9n tengan su autonom\u00eda para la toma de decisiones, adem\u00e1s tenemos que fortalecer las regiones educativas, hoy tenemos unas 25 en toda la provincia, hay que darles m\u00e1s herramientas de control y protagonismo en el \u00e1mbito educativo\u201d.<\/p>\n<p><strong>\u00a0<\/strong><strong>Grindetti suma este reclamo a los que ya hab\u00eda realizado, que tienen que ver con el traspaso del control de la Polic\u00eda y de los Planes Sociales.<\/strong><\/p>\n<p><strong>\u00a0<\/strong>\u201cLa administraci\u00f3n de la asistencia social debe descentralizarse en los municipios, de esta manera se elimina la intermediaci\u00f3n y el plan social llega de manera directa al vecino que lo necesita, como contrapartida debe realizarse una tarea para la comunidad\u201d, dijo hace varios meses sobre \u00e9ste \u00faltimo punto. <strong>(VW)<\/strong><\/p>\n<p>&nbsp;<\/p>\n","protected":false},"excerpt":{"rendered":"<p>Durante el lanzamiento del programa de Obras de Verano en m\u00e1s de 30 escuelas del distrito apunt\u00f3 para lograr la\u00a0descentralizaci\u00f3n de la educaci\u00f3n p\u00fablica hacia los municipios.\u00a0<\/p>\n","protected":false},"author":4,"featured_media":9049,"comment_status":"closed","ping_status":"closed","sticky":false,"template":"","format":"standard","meta":{"_monsterinsights_skip_tracking":false,"_monsterinsights_sitenote_active":false,"_monsterinsights_sitenote_note":"","_monsterinsights_sitenote_category":0,"footnotes":""},"categories":[7,4],"tags":[3760,287,19,3761],"class_list":["post-9046","post","type-post","status-publish","format-standard","has-post-thumbnail","hentry","category-educacion-y-cultura","category-politica","tag-descentralizacion-de-escuelas","tag-grindett","tag-lanus","tag-lanzamiento-obras-en-escuekas"],"_links":{"self":[{"href":"https:\/\/www.visionweb.com.ar\/index.php?rest_route=\/wp\/v2\/posts\/9046","targetHints":{"allow":["GET"]}}],"collection":[{"href":"https:\/\/www.visionweb.com.ar\/index.php?rest_route=\/wp\/v2\/posts"}],"about":[{"href":"https:\/\/www.visionweb.com.ar\/index.php?rest_route=\/wp\/v2\/types\/post"}],"author":[{"embeddable":true,"href":"https:\/\/www.visionweb.com.ar\/index.php?rest_route=\/wp\/v2\/users\/4"}],"replies":[{"embeddable":true,"href":"https:\/\/www.visionweb.com.ar\/index.php?rest_route=%2Fwp%2Fv2%2Fcomments&post=9046"}],"version-history":[{"count":2,"href":"https:\/\/www.visionweb.com.ar\/index.php?rest_route=\/wp\/v2\/posts\/9046\/revisions"}],"predecessor-version":[{"id":9050,"href":"https:\/\/www.visionweb.com.ar\/index.php?rest_route=\/wp\/v2\/posts\/9046\/revisions\/9050"}],"wp:featuredmedia":[{"embeddable":true,"href":"https:\/\/www.visionweb.com.ar\/index.php?rest_route=\/wp\/v2\/media\/9049"}],"wp:attachment":[{"href":"https:\/\/www.visionweb.com.ar\/index.php?rest_route=%2Fwp%2Fv2%2Fmedia&parent=9046"}],"wp:term":[{"taxonomy":"category","embeddable":true,"href":"https:\/\/www.visionweb.com.ar\/index.php?rest_route=%2Fwp%2Fv2%2Fcategories&post=9046"},{"taxonomy":"post_tag","embeddable":true,"href":"https:\/\/www.visionweb.com.ar\/index.php?rest_route=%2Fwp%2Fv2%2Ftags&post=9046"}],"curies":[{"name":"wp","href":"https:\/\/api.w.org\/{rel}","templated":true}]}}