{"id":9038,"date":"2023-01-09T14:52:16","date_gmt":"2023-01-09T17:52:16","guid":{"rendered":"https:\/\/www.visionweb.com.ar\/?p=9038"},"modified":"2023-01-09T14:52:16","modified_gmt":"2023-01-09T17:52:16","slug":"provincia-alerta-naranja-por-elevadas-temperaturas-y-nada-de-lluvias","status":"publish","type":"post","link":"https:\/\/www.visionweb.com.ar\/?p=9038","title":{"rendered":"Provincia: Alerta naranja por elevadas temperaturas y nada de lluvias"},"content":{"rendered":"<p><em><strong>La m\u00e1xima de\u00a0hoy es de 31 y para ma\u00f1ana martes la marca ser\u00e1 de 34 grados. No hay pron\u00f3sticos de lluvias y hay alertas para evitar incendios.<\/strong><\/em><!--more--><\/p>\n<div id=\"attachment_9040\" style=\"width: 310px\" class=\"wp-caption alignright\"><img loading=\"lazy\" decoding=\"async\" aria-describedby=\"caption-attachment-9040\" class=\"wp-image-9040 size-medium\" src=\"https:\/\/www.visionweb.com.ar\/wp-content\/uploads\/2023\/01\/smn-ola-de-calor-300x227.jpg\" alt=\"\" width=\"300\" height=\"227\" srcset=\"https:\/\/www.visionweb.com.ar\/wp-content\/uploads\/2023\/01\/smn-ola-de-calor-300x227.jpg 300w, https:\/\/www.visionweb.com.ar\/wp-content\/uploads\/2023\/01\/smn-ola-de-calor.bmp 556w\" sizes=\"auto, (max-width: 300px) 100vw, 300px\" \/><p id=\"caption-attachment-9040\" class=\"wp-caption-text\">Foto: SMN<\/p><\/div>\n<p><strong>E<\/strong>l Servicio Meteorol\u00f3gico Nacional (SMN) activ\u00f3 el\u00a0<strong>alerta naranja por las elevadas temperaturas<\/strong>, que no dejan de ascender. Este lunes se presenta con cielo completamente despejado y una m\u00e1xima de\u00a0<strong>31 grados<\/strong>.<\/p>\n<p><strong>El \u201cnivel naranja\u201d provoca un \u201cefecto moderado a alto en la salud\u201d de las personas<\/strong>,\u00a0especialmente para los grupos de riesgo\u201d, indica el SMN.<\/p>\n<p>El\u00a0<strong>martes<\/strong><strong>\u00a0<\/strong>seguir\u00e1 subiendo con una marca t\u00e9rmica de 34 grados, con cielo parcialmente nublado.<\/p>\n<p>La temperatura se mover\u00e1 entre los 22 y los 31 grados el <strong>mi\u00e9rcoles<\/strong>, y\u00a0el\u00a0<strong>jueves<\/strong><strong>\u00a0<\/strong>ser\u00e1 un d\u00eda con cielo parcialmente nublado y m\u00e1xima de 29 grados.<\/p>\n<p>El\u00a0<strong>viernes<\/strong><strong>\u00a0<\/strong>las nubes se van corriendo y dan paso a una marca t\u00e9rmica de 32.<\/p>\n<p>Para el fin de semana habr\u00e1 buenas condiciones con cielo parcialmente nublado y m\u00e1xima de 32 grados para el\u00a0<strong>s\u00e1bado<\/strong>, mientras que el <strong>domingo<\/strong><strong>\u00a0<\/strong>la marca t\u00e9rmica desciende a 28.<\/p>\n<p>En esa l\u00ednea, desde el <strong>Ministerio de Salud<\/strong>\u00a0 expusieron la importancia de <strong>evitar que la ola de calor afecte<\/strong> tanto a las personas como a sus mascotas.<\/p>\n<p>Las principales recomendaciones de la cartera sanitaria son: <strong>aumentar el consumo de agua sin esperar a tener sed para mantener una hidrataci\u00f3n adecuada<\/strong>; evitar exponerse al sol especialmente entre las 10 y las 16; prestar atenci\u00f3n a los beb\u00e9s, ni\u00f1os y ni\u00f1as y adultos mayores; evitar las bebidas con cafe\u00edna, con alcohol o muy azucaradas; eludir comidas muy abundantes; ingerir verduras y frutas, y reducir la actividad f\u00edsica.<\/p>\n<p><strong>Verano sin lluvias<\/strong>: Frente al seco y caluroso pron\u00f3stico, las autoridades de la Provincia est\u00e1n en alerta por la posible propagaci\u00f3n de<strong>\u00a0<\/strong><strong>incendios en pastizales<\/strong>, bosques naturales, predios recreativos y explotaciones agr\u00edcolas.<\/p>\n<p>En el campo lo saben y lo transitan desde hace por lo menos tres a\u00f1os: es tanta la\u00a0<strong>sequ\u00eda<\/strong>, que los bonaerenses del extenso interior provincial dicen que la pampa ya no es \u201ch\u00fameda\u201d.<\/p>\n<p>A la vez, la llegada de turistas a la costa Atl\u00e1ntica de Buenos Aires aumenta los riesgos, y las rutas repletas pueden propiciar<strong>\u00a0<\/strong><strong>el fuego en las banquinas.<\/strong><\/p>\n<p>Las\u00a0previsiones\u00a0clim\u00e1ticas no ayudan. Seg\u00fan un informe del Servicio Meteorol\u00f3gico Nacional en el per\u00edodo enero-octubre de 2022, todos los distritos de la costa provincial recibiero<strong>n entre 200 y 300 mil\u00edmetros menos que el promedio<\/strong>. Esta deficiencia h\u00eddrica se arrastra por varios per\u00edodos.<\/p>\n<p>Seg\u00fan el <strong>INTA Balcarce<\/strong>, el fen\u00f3meno de la Ni\u00f1a continuar\u00e1 en las primeras semanas de enero de 2023 y hay\u00a0<strong>un 76% de probabilidades que se mantenga la sequ\u00eda.<\/strong><\/p>\n<p>En este contexto, el operativo de seguridad \u2013ahora denominado \u201cDe Sol a Sol\u201d- contiene por primera vez<strong>\u00a0<\/strong><strong>un cap\u00edtulo exclusivo para el control del fuego<\/strong>. La provincia puso en marcha un Consejo de Coordinaci\u00f3n para tomar decisiones espec\u00edficas. Intervienen, adem\u00e1s de Seguridad, los ministerios de Medio Ambiente y de Desarrollo Agrario. <strong>(VW)<\/strong><\/p>\n<p>&nbsp;<\/p>\n","protected":false},"excerpt":{"rendered":"<p>La m\u00e1xima de\u00a0hoy es de 31 y para ma\u00f1ana martes la marca ser\u00e1 de 34 grados. No hay pron\u00f3sticos de lluvias y hay alertas para evitar incendios.<\/p>\n","protected":false},"author":4,"featured_media":9040,"comment_status":"closed","ping_status":"closed","sticky":false,"template":"","format":"standard","meta":{"_monsterinsights_skip_tracking":false,"_monsterinsights_sitenote_active":false,"_monsterinsights_sitenote_note":"","_monsterinsights_sitenote_category":0,"footnotes":""},"categories":[8],"tags":[3571,3756,2488,356,1629],"class_list":["post-9038","post","type-post","status-publish","format-standard","has-post-thumbnail","hentry","category-interes-general","tag-alerta-naranja","tag-prevencion-de-incendios","tag-pronostico-servicio-meterorologico","tag-provincia","tag-smn"],"_links":{"self":[{"href":"https:\/\/www.visionweb.com.ar\/index.php?rest_route=\/wp\/v2\/posts\/9038","targetHints":{"allow":["GET"]}}],"collection":[{"href":"https:\/\/www.visionweb.com.ar\/index.php?rest_route=\/wp\/v2\/posts"}],"about":[{"href":"https:\/\/www.visionweb.com.ar\/index.php?rest_route=\/wp\/v2\/types\/post"}],"author":[{"embeddable":true,"href":"https:\/\/www.visionweb.com.ar\/index.php?rest_route=\/wp\/v2\/users\/4"}],"replies":[{"embeddable":true,"href":"https:\/\/www.visionweb.com.ar\/index.php?rest_route=%2Fwp%2Fv2%2Fcomments&post=9038"}],"version-history":[{"count":2,"href":"https:\/\/www.visionweb.com.ar\/index.php?rest_route=\/wp\/v2\/posts\/9038\/revisions"}],"predecessor-version":[{"id":9041,"href":"https:\/\/www.visionweb.com.ar\/index.php?rest_route=\/wp\/v2\/posts\/9038\/revisions\/9041"}],"wp:featuredmedia":[{"embeddable":true,"href":"https:\/\/www.visionweb.com.ar\/index.php?rest_route=\/wp\/v2\/media\/9040"}],"wp:attachment":[{"href":"https:\/\/www.visionweb.com.ar\/index.php?rest_route=%2Fwp%2Fv2%2Fmedia&parent=9038"}],"wp:term":[{"taxonomy":"category","embeddable":true,"href":"https:\/\/www.visionweb.com.ar\/index.php?rest_route=%2Fwp%2Fv2%2Fcategories&post=9038"},{"taxonomy":"post_tag","embeddable":true,"href":"https:\/\/www.visionweb.com.ar\/index.php?rest_route=%2Fwp%2Fv2%2Ftags&post=9038"}],"curies":[{"name":"wp","href":"https:\/\/api.w.org\/{rel}","templated":true}]}}