{"id":9032,"date":"2023-01-09T08:59:03","date_gmt":"2023-01-09T11:59:03","guid":{"rendered":"https:\/\/www.visionweb.com.ar\/?p=9032"},"modified":"2023-01-09T12:00:49","modified_gmt":"2023-01-09T15:00:49","slug":"grindetti-en-campana-suma-a-miguel-caneo","status":"publish","type":"post","link":"https:\/\/www.visionweb.com.ar\/?p=9032","title":{"rendered":"Grindetti en campa\u00f1a suma a Miguel Caneo"},"content":{"rendered":"<p><em><strong>De cara a las elecciones de 2023 busca desarrollar un proyecto para desarrollar el f\u00fatbol amateur en la provincia de Buenos Aires.<\/strong><\/em><!--more--><\/p>\n<p><strong><img loading=\"lazy\" decoding=\"async\" class=\"size-medium wp-image-9034 alignright\" src=\"https:\/\/www.visionweb.com.ar\/wp-content\/uploads\/2023\/01\/grindetti-y-caneo-300x195.jpg\" alt=\"\" width=\"300\" height=\"195\" srcset=\"https:\/\/www.visionweb.com.ar\/wp-content\/uploads\/2023\/01\/grindetti-y-caneo-300x195.jpg 300w, https:\/\/www.visionweb.com.ar\/wp-content\/uploads\/2023\/01\/grindetti-y-caneo.bmp 615w\" sizes=\"auto, (max-width: 300px) 100vw, 300px\" \/>E<\/strong>l intendente de Lan\u00fas y precandidato a gobernador del PRO, N\u00e9stor Grindetti sum\u00f3 al ex futbolista de Boca y Quilmes Miguel Caneo a su equipo, para trabajar en un proyecto para desarrollar el f\u00fatbol amateur en la provincia de Buenos Aires.<\/p>\n<p>En una de sus primeras actividades durante la semana en Pinamar, Grindetti, junto al dirigente Carlos Walter, recibi\u00f3 al ex futbolista de Club Quilmes, Miguel Caneo.<\/p>\n<p><strong>Caneo<\/strong>, mediocampista surgido en Boca y s\u00edmbolo de Quilmes,\u00a0<strong>conocido como el Chino,<\/strong><strong>\u00a0<\/strong>protagoniz\u00f3 un posteo donde comparte un desayuno en Pinamar junto con el alcalde de Lan\u00fas, N\u00e9stor Grindetti, quien anunci\u00f3 que el exfutbolista se sumar\u00e1 a sus equipos de campa\u00f1a de cara a las elecciones de 2023.<\/p>\n<p>Campe\u00f3n con Boca, con Colo Colo de Chile y de Colombia con Boyac\u00e1 Chic\u00f3,\u00a0<strong>Caneo se consagr\u00f3 en Quilmes<\/strong>, donde logr\u00f3 dos ascensos a Primera Divisi\u00f3n y marc\u00f3 45 goles en 192 partidos disputados.<\/p>\n<p>En esa sinton\u00eda, Grindetti que es vicepresidente de Independiente\u00a0<strong> suma a Caneo en la campa\u00f1a lanusense para disputar la gobernaci\u00f3n en 2023 en el marco de un proyecto para desarrollar el f\u00fatbol amateur<\/strong><strong>\u00a0<\/strong>en la provincia de Buenos Aires, a trav\u00e9s del trabajo <strong>con clubes de barrio.<\/strong><\/p>\n<p>Por el momento, Caneo acompa\u00f1a a al intendente de Lan\u00fas en su recorrida por la costa atl\u00e1ntica bajo el lema\u00a0<strong>Cercan\u00eda y Gesti\u00f3n<\/strong>.<\/p>\n<p>En la recorrida prevista tambi\u00e9n visitar\u00e1 Mar del Plata, Villa Gesell, Balcarce y San Clemente, entre otros distritos de la quinta secci\u00f3n electoral, donde el jefe comunal espera sumar adeptos entre vecinos y productores locales.<\/p>\n<p>De esta manera, buscar\u00e1 \u00abconectar con los vecinos y comerciantes locales para conocer la realidad productiva de la regi\u00f3n\u00bb, seg\u00fan explicaron desde su entorno.<\/p>\n<p><a href=\"https:\/\/www.visionweb.com.ar\/wp-content\/uploads\/2023\/01\/grindetti-y-varios.bmp\"><img loading=\"lazy\" decoding=\"async\" class=\"wp-image-9035 size-medium alignleft\" src=\"https:\/\/www.visionweb.com.ar\/wp-content\/uploads\/2023\/01\/grindetti-y-varios-298x300.jpg\" alt=\"\" width=\"298\" height=\"300\" srcset=\"https:\/\/www.visionweb.com.ar\/wp-content\/uploads\/2023\/01\/grindetti-y-varios-298x300.jpg 298w, https:\/\/www.visionweb.com.ar\/wp-content\/uploads\/2023\/01\/grindetti-y-varios-150x150.jpg 150w, https:\/\/www.visionweb.com.ar\/wp-content\/uploads\/2023\/01\/grindetti-y-varios-80x80.jpg 80w, https:\/\/www.visionweb.com.ar\/wp-content\/uploads\/2023\/01\/grindetti-y-varios-65x65.jpg 65w, https:\/\/www.visionweb.com.ar\/wp-content\/uploads\/2023\/01\/grindetti-y-varios.bmp 500w\" sizes=\"auto, (max-width: 298px) 100vw, 298px\" \/><\/a><\/p>\n<p><strong>En campa\u00f1a: <\/strong>Adem\u00e1s, Grindetti comparti\u00f3 un desayuno con los dirigentes PRO\u00a0<strong>Hernan Lombardi, Dami\u00e1n Arabia, Pablo Tonelli y Martin Yeza,<\/strong> entre otros.<\/p>\n<p>\u00abLa provincia requiere de que todos los dirigentes pongamos el hombro, pero fundamentalmente de nuestra experiencia\u00bb, sostuvo Grindetti.<\/p>\n<p>\u00abLos vecinos no se pueden dar el lujo de esperar la curva de aprendizaje de los dirigentes, por eso vengo con esta idea de cercan\u00eda y gesti\u00f3n. Hay que escuchar para resolver los problemas, pero para eso hay que cocer las problem\u00e1ticas y vivirlas en el territorio\u00bb analiz\u00f3 Grindetti.<\/p>\n<p>Desde el a\u00f1o pasado, el jefe comunal lanusense viene recorriendo la provincia de Buenos Aires con la intenci\u00f3n de presentar una propuesta provincial \u00abcon una mirada que profundice las autonom\u00edas municipales\u00bb.<\/p>\n<p>Adem\u00e1s, busca descentralizar la gesti\u00f3n provincial, al tiempo que realza algunos proyectos tales como la creaci\u00f3n del seguro de desempleo en reemplazo de los planes sociales y el pase de la polic\u00eda local a la \u00f3rbita de los municipios. <strong>(VW)<\/strong><\/p>\n<p>&nbsp;<\/p>\n","protected":false},"excerpt":{"rendered":"<p>De cara a las elecciones de 2023 busca desarrollar un proyecto para desarrollar el f\u00fatbol amateur en la provincia de Buenos Aires.<\/p>\n","protected":false},"author":4,"featured_media":9035,"comment_status":"closed","ping_status":"closed","sticky":false,"template":"","format":"standard","meta":{"_monsterinsights_skip_tracking":false,"_monsterinsights_sitenote_active":false,"_monsterinsights_sitenote_note":"","_monsterinsights_sitenote_category":0,"footnotes":""},"categories":[4],"tags":[3753,3755,18,3754],"class_list":["post-9032","post","type-post","status-publish","format-standard","has-post-thumbnail","hentry","category-politica","tag-campana-2023","tag-futbol-amateur","tag-grindetti","tag-miguel-caneo"],"_links":{"self":[{"href":"https:\/\/www.visionweb.com.ar\/index.php?rest_route=\/wp\/v2\/posts\/9032","targetHints":{"allow":["GET"]}}],"collection":[{"href":"https:\/\/www.visionweb.com.ar\/index.php?rest_route=\/wp\/v2\/posts"}],"about":[{"href":"https:\/\/www.visionweb.com.ar\/index.php?rest_route=\/wp\/v2\/types\/post"}],"author":[{"embeddable":true,"href":"https:\/\/www.visionweb.com.ar\/index.php?rest_route=\/wp\/v2\/users\/4"}],"replies":[{"embeddable":true,"href":"https:\/\/www.visionweb.com.ar\/index.php?rest_route=%2Fwp%2Fv2%2Fcomments&post=9032"}],"version-history":[{"count":3,"href":"https:\/\/www.visionweb.com.ar\/index.php?rest_route=\/wp\/v2\/posts\/9032\/revisions"}],"predecessor-version":[{"id":9037,"href":"https:\/\/www.visionweb.com.ar\/index.php?rest_route=\/wp\/v2\/posts\/9032\/revisions\/9037"}],"wp:featuredmedia":[{"embeddable":true,"href":"https:\/\/www.visionweb.com.ar\/index.php?rest_route=\/wp\/v2\/media\/9035"}],"wp:attachment":[{"href":"https:\/\/www.visionweb.com.ar\/index.php?rest_route=%2Fwp%2Fv2%2Fmedia&parent=9032"}],"wp:term":[{"taxonomy":"category","embeddable":true,"href":"https:\/\/www.visionweb.com.ar\/index.php?rest_route=%2Fwp%2Fv2%2Fcategories&post=9032"},{"taxonomy":"post_tag","embeddable":true,"href":"https:\/\/www.visionweb.com.ar\/index.php?rest_route=%2Fwp%2Fv2%2Ftags&post=9032"}],"curies":[{"name":"wp","href":"https:\/\/api.w.org\/{rel}","templated":true}]}}