{"id":9029,"date":"2023-01-09T08:06:06","date_gmt":"2023-01-09T11:06:06","guid":{"rendered":"https:\/\/www.visionweb.com.ar\/?p=9029"},"modified":"2023-01-09T08:06:06","modified_gmt":"2023-01-09T11:06:06","slug":"operativo-verano-el-registro-de-las-personas-estara-presente-en-localidades-turisticas","status":"publish","type":"post","link":"https:\/\/www.visionweb.com.ar\/?p=9029","title":{"rendered":"Operativo verano: El Registro de las Personas estar\u00e1 presente en localidades tur\u00edsticas"},"content":{"rendered":"<p><strong><em>Durante la temporada de verano, los m\u00f3viles estar\u00e1n presentes en los principales puntos de la Provincia para que m\u00e1s bonaerenses gestionen sus tr\u00e1mites mientras disfrutan de sus vacaciones.<\/em><\/strong><!--more--><\/p>\n<div id=\"attachment_9030\" style=\"width: 310px\" class=\"wp-caption alignright\"><img loading=\"lazy\" decoding=\"async\" aria-describedby=\"caption-attachment-9030\" class=\"wp-image-9030 size-medium\" src=\"https:\/\/www.visionweb.com.ar\/wp-content\/uploads\/2023\/01\/REGISTRO-EN-SIERRA-E-LA-VENTANA-300x212.png\" alt=\"\" width=\"300\" height=\"212\" srcset=\"https:\/\/www.visionweb.com.ar\/wp-content\/uploads\/2023\/01\/REGISTRO-EN-SIERRA-E-LA-VENTANA-300x212.png 300w, https:\/\/www.visionweb.com.ar\/wp-content\/uploads\/2023\/01\/REGISTRO-EN-SIERRA-E-LA-VENTANA.png 497w\" sizes=\"auto, (max-width: 300px) 100vw, 300px\" \/><p id=\"caption-attachment-9030\" class=\"wp-caption-text\"><strong><em>Las autoridades bonaerenses habilitan oficinas m\u00f3viles del Registro Nacional de las Personas en las zonas tur\u00edsticas (Prensa Buenos Aires)<\/em><\/strong><\/p><\/div>\n<p><strong>D<\/strong>urante la temporada de verano, el Registro de las Personas realizar\u00e1 operativos en distintos destinos tur\u00edsticos de la provincia de Buenos Aires para facilitar el acceso a diferentes tr\u00e1mites como DNI y Pasaporte, solicitud de partidas de nacimiento y certificados de domicilio y extrav\u00edo.<\/p>\n<p>Adem\u00e1s, los turistas bonaerenses que se encuentren disfrutando de sus vacaciones y los vecinos de estas localidades, podr\u00e1n iniciar la gesti\u00f3n para tramitar el cambio de g\u00e9nero y efectuar todo tipo de consultas referidas a reconocimientos, rectificaciones o inscripciones tard\u00edas de nacimiento.<\/p>\n<p>Durante los meses de enero y febrero, los equipos de trabajo del Registro recorrer\u00e1n diferentes localidades de los municipios de <em><strong>Balcarce, General Alvarado, La Costa, Mar Chiquita, Monte Hermoso, Necochea, Tandil, Tornquist, Tres Arroyos, y Villa Gesell, i<\/strong><\/em>nstal\u00e1ndose en puntos claves para garantizar la atenci\u00f3n.<\/p>\n<p>El cronograma incluye adem\u00e1s las lagunas de los partidos de Chascom\u00fas, Jun\u00edn,\u00a0 Lobos y Navarro, indicaron desde la Provincia.<\/p>\n<p>El primer operativo tendr\u00e1 lugar en el partido de Tornquist, en el horario de 18 a 22. Desde el 3 hasta el 5 de enero, las unidades funcionar\u00e1n en la Estaci\u00f3n de Tren de la localidad de Sierra de la Ventana. En tanto, el 6 y 7 de enero los puestos se ubicar\u00e1n en la Asociaci\u00f3n de Fomento de Villa Ventana.<\/p>\n<p>En las redes sociales del Registro (<a href=\"https:\/\/www.facebook.com\/registropba\" target=\"_blank\" rel=\"noopener noreferrer\">Facebook<\/a>,\u00a0<a href=\"https:\/\/www.instagram.com\/registropba\/\" target=\"_blank\" rel=\"noopener noreferrer\">Instagram<\/a>\u00a0y\u00a0<a href=\"https:\/\/twitter.com\/registropba\" target=\"_blank\" rel=\"noopener noreferrer\">Twitter<\/a>) se informar\u00e1 con antelaci\u00f3n el resto de las fechas, horarios y ubicaci\u00f3n de las unidades.<\/p>\n<p>Cabe destacar que los operativos de verano buscan acercar el Registro a las personas, para facilitar a los y las bonaerenses el acceso a distintos tr\u00e1mites registrales y garantizar as\u00ed el derecho a la identidad<strong>(VW)<\/strong>.<\/p>\n","protected":false},"excerpt":{"rendered":"<p>Durante la temporada de verano, los m\u00f3viles estar\u00e1n presentes en los principales puntos de la Provincia para que m\u00e1s bonaerenses gestionen sus tr\u00e1mites mientras disfrutan de sus vacaciones.<\/p>\n","protected":false},"author":3,"featured_media":9030,"comment_status":"closed","ping_status":"closed","sticky":false,"template":"","format":"standard","meta":{"_monsterinsights_skip_tracking":false,"_monsterinsights_sitenote_active":false,"_monsterinsights_sitenote_note":"","_monsterinsights_sitenote_category":0,"footnotes":""},"categories":[8,700],"tags":[3752,269,49,446,3751],"class_list":["post-9029","post","type-post","status-publish","format-standard","has-post-thumbnail","hentry","category-interes-general","category-turismo","tag-registros","tag-tramites","tag-turismo","tag-vecinos","tag-zonas"],"_links":{"self":[{"href":"https:\/\/www.visionweb.com.ar\/index.php?rest_route=\/wp\/v2\/posts\/9029","targetHints":{"allow":["GET"]}}],"collection":[{"href":"https:\/\/www.visionweb.com.ar\/index.php?rest_route=\/wp\/v2\/posts"}],"about":[{"href":"https:\/\/www.visionweb.com.ar\/index.php?rest_route=\/wp\/v2\/types\/post"}],"author":[{"embeddable":true,"href":"https:\/\/www.visionweb.com.ar\/index.php?rest_route=\/wp\/v2\/users\/3"}],"replies":[{"embeddable":true,"href":"https:\/\/www.visionweb.com.ar\/index.php?rest_route=%2Fwp%2Fv2%2Fcomments&post=9029"}],"version-history":[{"count":1,"href":"https:\/\/www.visionweb.com.ar\/index.php?rest_route=\/wp\/v2\/posts\/9029\/revisions"}],"predecessor-version":[{"id":9031,"href":"https:\/\/www.visionweb.com.ar\/index.php?rest_route=\/wp\/v2\/posts\/9029\/revisions\/9031"}],"wp:featuredmedia":[{"embeddable":true,"href":"https:\/\/www.visionweb.com.ar\/index.php?rest_route=\/wp\/v2\/media\/9030"}],"wp:attachment":[{"href":"https:\/\/www.visionweb.com.ar\/index.php?rest_route=%2Fwp%2Fv2%2Fmedia&parent=9029"}],"wp:term":[{"taxonomy":"category","embeddable":true,"href":"https:\/\/www.visionweb.com.ar\/index.php?rest_route=%2Fwp%2Fv2%2Fcategories&post=9029"},{"taxonomy":"post_tag","embeddable":true,"href":"https:\/\/www.visionweb.com.ar\/index.php?rest_route=%2Fwp%2Fv2%2Ftags&post=9029"}],"curies":[{"name":"wp","href":"https:\/\/api.w.org\/{rel}","templated":true}]}}