{"id":9019,"date":"2023-01-06T10:36:27","date_gmt":"2023-01-06T13:36:27","guid":{"rendered":"https:\/\/www.visionweb.com.ar\/?p=9019"},"modified":"2023-01-06T10:36:27","modified_gmt":"2023-01-06T13:36:27","slug":"kicillof-creo-el-cargo-de-coordinador-para-las-nuevas-casas-de-la-provincia","status":"publish","type":"post","link":"https:\/\/www.visionweb.com.ar\/?p=9019","title":{"rendered":"Kicillof cre\u00f3 el cargo de \u201ccoordinador\u201d para las nuevas Casas de la Provincia"},"content":{"rendered":"<p><em><strong>Los nombrados tendr\u00e1n las funciones de \u201ccoordinar los espacios multiagenciales\u201d,\u00a0recibir y gestionar reclamos. A la vez, ser\u00e1n responsables por el cuidado, uso, mantenimiento y conservaci\u00f3n del edificio donde funcione la referida casa.<\/strong><\/em><!--more--><\/p>\n<div id=\"attachment_9021\" style=\"width: 310px\" class=\"wp-caption alignright\"><img loading=\"lazy\" decoding=\"async\" aria-describedby=\"caption-attachment-9021\" class=\"wp-image-9021 size-medium\" src=\"https:\/\/www.visionweb.com.ar\/wp-content\/uploads\/2023\/01\/casas-de-ls-provincia-300x169.jpg\" alt=\"\" width=\"300\" height=\"169\" srcset=\"https:\/\/www.visionweb.com.ar\/wp-content\/uploads\/2023\/01\/casas-de-ls-provincia-300x169.jpg 300w, https:\/\/www.visionweb.com.ar\/wp-content\/uploads\/2023\/01\/casas-de-ls-provincia.bmp 615w\" sizes=\"auto, (max-width: 300px) 100vw, 300px\" \/><p id=\"caption-attachment-9021\" class=\"wp-caption-text\">Modelo de proyecto Casas de la Provincia, que estar\u00e1n en los 135 municipios. (Foto: gba.gob.ar)<\/p><\/div>\n<p><strong>E<\/strong>l gobernador Axel Kicillof cre\u00f3 un<strong>\u00a0<\/strong><strong>nuevo cargo de \u00abCoordinador\u00bb<\/strong><strong>\u00a0<\/strong>para cada una de las <strong>nuevas Casas de la Provincia<\/strong>, cuya construcci\u00f3n avanza en algunos municipios bonaerenses y en otros a\u00fan est\u00e1n en proyecto.<\/p>\n<p>De esta manera, el Gobierno bonaerense <strong>nombrar\u00e1 a<\/strong> <strong>coordinadores para que est\u00e9n a cargo de la organizaci\u00f3n y el cuidado de las Casas de la Provincia<\/strong> que se construyen, o est\u00e1n en proceso en los 135 municipios de la Provincia.<\/p>\n<p>Seg\u00fan el decreto N\u00ba 2226\/2022, publicado en el Bolet\u00edn Oficial del distrito, se estableci\u00f3 ayer que las Casas ubicadas en los distintos municipios \u00abestar\u00e1n a cargo de un\/a Coordinador\/a designado\/a por el Poder Ejecutivo, en la Planta Permanente sin Estabilidad de la Ley N\u00ba 10.430 (Texto Ordenado por Decreto N\u00b0 1869\/96) y su Decreto reglamentario N\u00b0 4151\/96\u00bb.<\/p>\n<p>El mismo\u00a0percibir\u00e1\u00a0\u00abuna\u00a0<strong>retribuci\u00f3n equivalente a Jefe\/a de Departamento, Categor\u00eda 21, con adicional de Disposici\u00f3n Permanente<\/strong>, la cual se ajustar\u00e1 a la jornada laboral que con car\u00e1cter general opere en la jurisdicci\u00f3n de la cual dependa y a su estructura salarial\u00bb.<\/p>\n<p>El Coordinador\u00a0\u00ab<strong>depender\u00e1 jer\u00e1rquica y presupuestariamente de la Direcci\u00f3n Provincial de Casas de la Provincia, <\/strong>dependiente de la Subsecretar\u00eda de Gesti\u00f3n Operativa del Ministerio de Gobierno, o del \u00e1rea que en el futuro la reemplace\u00bb.<\/p>\n<p>Es decir que adem\u00e1s de los Jefes de cada oficina y los empleados que trabajan all\u00ed, <strong>habr\u00e1 un coordinador por cada edificio<\/strong>.<\/p>\n<p><strong>El objetivo de las Casas<\/strong> es mejorar la calidad de atenci\u00f3n al p\u00fablico, mediante sistemas orientados a\u00a0<strong>la \u201cventanilla \u00fanica\u201d<\/strong><strong>\u00a0<\/strong>y la atenci\u00f3n personalizada, seg\u00fan plante\u00f3 el Ejecutivo. Entre las dependencias que podr\u00e1 albergar el edificio se encuentran el Registro Provincial de las Personas, el Instituto de Previsi\u00f3n Social, IOMA, ARBA, Patronato de Liberados, delegaciones del Ministerio de Trabajo, Educaci\u00f3n y Ministerio de Mujeres, entre otras.<\/p>\n<p>En cuanto a las\u00a0<strong>funciones asignadas<\/strong> ser\u00e1n: coordinar los espacios multiagenciales de las dependencias del Gobierno de la Provincia de Buenos Aires;\u00a0recibir y gestionar las solicitudes y reclamos que se realicen con relaci\u00f3n al funcionamiento de las dependencias provinciales en el municipio; atender las actividades relacionadas con el protocolo en los actos oficiales, la organizaci\u00f3n y coordinaci\u00f3n de dichos actos, eventos, congresos, ceremonias y reuniones que se lleven a cabo en la Casa de la Provincia, (..) organizar los aspectos operativos y de seguridad para el funcionamiento de la Casa de la Provincia.<\/p>\n<p>\u00abEl\/la Coordinador\/a de la Casa de la Provincia ser\u00e1 el\/la responsable por el cuidado, uso, mantenimiento y conservaci\u00f3n del edificio donde funcione la referida casa, debiendo adoptar todas las medidas necesarias para el cumplimiento de dicha tarea\u00bb, dictamin\u00f3 el decreto.<\/p>\n<p>Hasta fines de septiembre se hab\u00edan comenzado a construir unos 27 edificios y m\u00e1s de 50 se encontraban licitados. <strong>(VW)<\/strong><\/p>\n","protected":false},"excerpt":{"rendered":"<p>Los nombrados tendr\u00e1n las funciones de \u201ccoordinar los espacios multiagenciales\u201d,\u00a0recibir y gestionar reclamos. A la vez, ser\u00e1n responsables por el cuidado, uso, mantenimiento y conservaci\u00f3n del edificio donde funcione la referida casa.<\/p>\n","protected":false},"author":4,"featured_media":9021,"comment_status":"closed","ping_status":"closed","sticky":false,"template":"","format":"standard","meta":{"_monsterinsights_skip_tracking":false,"_monsterinsights_sitenote_active":false,"_monsterinsights_sitenote_note":"","_monsterinsights_sitenote_category":0,"footnotes":""},"categories":[4],"tags":[3750,3131,1778,3749],"class_list":["post-9019","post","type-post","status-publish","format-standard","has-post-thumbnail","hentry","category-politica","tag-135-municipios","tag-axel-kicillof","tag-casas-de-la-provincia","tag-nuevo-cargo-de-coordinador"],"_links":{"self":[{"href":"https:\/\/www.visionweb.com.ar\/index.php?rest_route=\/wp\/v2\/posts\/9019","targetHints":{"allow":["GET"]}}],"collection":[{"href":"https:\/\/www.visionweb.com.ar\/index.php?rest_route=\/wp\/v2\/posts"}],"about":[{"href":"https:\/\/www.visionweb.com.ar\/index.php?rest_route=\/wp\/v2\/types\/post"}],"author":[{"embeddable":true,"href":"https:\/\/www.visionweb.com.ar\/index.php?rest_route=\/wp\/v2\/users\/4"}],"replies":[{"embeddable":true,"href":"https:\/\/www.visionweb.com.ar\/index.php?rest_route=%2Fwp%2Fv2%2Fcomments&post=9019"}],"version-history":[{"count":2,"href":"https:\/\/www.visionweb.com.ar\/index.php?rest_route=\/wp\/v2\/posts\/9019\/revisions"}],"predecessor-version":[{"id":9022,"href":"https:\/\/www.visionweb.com.ar\/index.php?rest_route=\/wp\/v2\/posts\/9019\/revisions\/9022"}],"wp:featuredmedia":[{"embeddable":true,"href":"https:\/\/www.visionweb.com.ar\/index.php?rest_route=\/wp\/v2\/media\/9021"}],"wp:attachment":[{"href":"https:\/\/www.visionweb.com.ar\/index.php?rest_route=%2Fwp%2Fv2%2Fmedia&parent=9019"}],"wp:term":[{"taxonomy":"category","embeddable":true,"href":"https:\/\/www.visionweb.com.ar\/index.php?rest_route=%2Fwp%2Fv2%2Fcategories&post=9019"},{"taxonomy":"post_tag","embeddable":true,"href":"https:\/\/www.visionweb.com.ar\/index.php?rest_route=%2Fwp%2Fv2%2Ftags&post=9019"}],"curies":[{"name":"wp","href":"https:\/\/api.w.org\/{rel}","templated":true}]}}