{"id":9008,"date":"2023-01-06T10:17:08","date_gmt":"2023-01-06T13:17:08","guid":{"rendered":"https:\/\/www.visionweb.com.ar\/?p=9008"},"modified":"2023-01-06T10:41:38","modified_gmt":"2023-01-06T13:41:38","slug":"potenciar-trabajjo-prorrogan-la-actualizacion-de-datos","status":"publish","type":"post","link":"https:\/\/www.visionweb.com.ar\/?p=9008","title":{"rendered":"Potenciar trabajo: Prorrogan la actualizaci\u00f3n de datos"},"content":{"rendered":"<p><strong><em>Los beneficiarios del Programa deber\u00e1n actualizar sus datos desde la web o la aplicaci\u00f3n en el celular y consignar la actividad asignada, entre otra informaci\u00f3n.<\/em>\u00a0 \u00a0 \u00a0 \u00a0<\/strong><!--more--><\/p>\n<p><strong><img loading=\"lazy\" decoding=\"async\" class=\"size-medium wp-image-9009 alignright\" src=\"https:\/\/www.visionweb.com.ar\/wp-content\/uploads\/2023\/01\/POTENCIAR-300x176.png\" alt=\"\" width=\"300\" height=\"176\" srcset=\"https:\/\/www.visionweb.com.ar\/wp-content\/uploads\/2023\/01\/POTENCIAR-300x176.png 300w, https:\/\/www.visionweb.com.ar\/wp-content\/uploads\/2023\/01\/POTENCIAR.png 640w\" sizes=\"auto, (max-width: 300px) 100vw, 300px\" \/>E<\/strong>l Ministerio de Desarrollo Social oficializ\u00f3, este mi\u00e9rcoles, la pr\u00f3rroga hasta el 15 de enero para la actualizaci\u00f3n de datos obligatoria de los beneficiarios y beneficiarias del Programa Potenciar Trabajo.<\/p>\n<p>La extensi\u00f3n del plazo fue establecida mediante la resoluci\u00f3n 6\/2023, publicada en el Bolet\u00edn Oficial con la firma de la titular de la cartera, Victoria Tolosa Paz.<\/p>\n<p>\u00abProrr\u00f3guese hasta el pr\u00f3ximo d\u00eda 15 de enero 2023 inclusive, el plazo previsto para que los\/as titulares del Programa Nacional de Inclusi\u00f3n Socio Productiva y Desarrollo Local Potenciar Trabajo procedan a cumplimentar debidamente el Procedimiento de Autogesti\u00f3n, Comunicaci\u00f3n y Actualizaci\u00f3n de Datos\u00bb, precisa el texto.<\/p>\n<p>En los considerandos se espec\u00edfica que \u00absi bien se ha verificado que el 78% del Padr\u00f3n de Titulares han validado correctamente sus datos biom\u00e9tricos, resulta necesario, a los fines de garantizar los derechos de aquellas personas que a\u00fan no han validado fielmente sus datos, autorizar una pr\u00f3rroga hasta el d\u00eda 15 de enero 2023, inclusive\u00bb<strong>(VW)<\/strong>.<\/p>\n","protected":false},"excerpt":{"rendered":"<p>Los beneficiarios del Programa deber\u00e1n actualizar sus datos desde la web o la aplicaci\u00f3n en el celular y consignar la actividad asignada, entre otra informaci\u00f3n.\u00a0 \u00a0 \u00a0 \u00a0<\/p>\n","protected":false},"author":3,"featured_media":9009,"comment_status":"closed","ping_status":"closed","sticky":false,"template":"","format":"standard","meta":{"_monsterinsights_skip_tracking":false,"_monsterinsights_sitenote_active":false,"_monsterinsights_sitenote_note":"","_monsterinsights_sitenote_category":0,"footnotes":""},"categories":[3],"tags":[3743,3742,203],"class_list":["post-9008","post","type-post","status-publish","format-standard","has-post-thumbnail","hentry","category-actualidad","tag-actualizacion","tag-enero","tag-prorroga"],"_links":{"self":[{"href":"https:\/\/www.visionweb.com.ar\/index.php?rest_route=\/wp\/v2\/posts\/9008","targetHints":{"allow":["GET"]}}],"collection":[{"href":"https:\/\/www.visionweb.com.ar\/index.php?rest_route=\/wp\/v2\/posts"}],"about":[{"href":"https:\/\/www.visionweb.com.ar\/index.php?rest_route=\/wp\/v2\/types\/post"}],"author":[{"embeddable":true,"href":"https:\/\/www.visionweb.com.ar\/index.php?rest_route=\/wp\/v2\/users\/3"}],"replies":[{"embeddable":true,"href":"https:\/\/www.visionweb.com.ar\/index.php?rest_route=%2Fwp%2Fv2%2Fcomments&post=9008"}],"version-history":[{"count":2,"href":"https:\/\/www.visionweb.com.ar\/index.php?rest_route=\/wp\/v2\/posts\/9008\/revisions"}],"predecessor-version":[{"id":9023,"href":"https:\/\/www.visionweb.com.ar\/index.php?rest_route=\/wp\/v2\/posts\/9008\/revisions\/9023"}],"wp:featuredmedia":[{"embeddable":true,"href":"https:\/\/www.visionweb.com.ar\/index.php?rest_route=\/wp\/v2\/media\/9009"}],"wp:attachment":[{"href":"https:\/\/www.visionweb.com.ar\/index.php?rest_route=%2Fwp%2Fv2%2Fmedia&parent=9008"}],"wp:term":[{"taxonomy":"category","embeddable":true,"href":"https:\/\/www.visionweb.com.ar\/index.php?rest_route=%2Fwp%2Fv2%2Fcategories&post=9008"},{"taxonomy":"post_tag","embeddable":true,"href":"https:\/\/www.visionweb.com.ar\/index.php?rest_route=%2Fwp%2Fv2%2Ftags&post=9008"}],"curies":[{"name":"wp","href":"https:\/\/api.w.org\/{rel}","templated":true}]}}