{"id":8979,"date":"2023-01-05T08:30:19","date_gmt":"2023-01-05T11:30:19","guid":{"rendered":"https:\/\/www.visionweb.com.ar\/?p=8979"},"modified":"2023-01-04T21:13:55","modified_gmt":"2023-01-05T00:13:55","slug":"el-personal-policial-bonaerense-tambien-recibira-el-aumento-del-7-en-sus-haberes","status":"publish","type":"post","link":"https:\/\/www.visionweb.com.ar\/?p=8979","title":{"rendered":"El personal policial bonaerense tambi\u00e9n recibi\u00f3 el aumento del 7% en sus haberes"},"content":{"rendered":"<p><em><strong>As\u00ed el personal de la fuerza de seguridad bonaerense se suma a los incrementos que el gobierno provinvial pacto con docentes, judiciales y estatales.<\/strong><\/em> <!--more--><\/p>\n<div id=\"attachment_8980\" style=\"width: 310px\" class=\"wp-caption alignright\"><img loading=\"lazy\" decoding=\"async\" aria-describedby=\"caption-attachment-8980\" class=\"wp-image-8980 size-medium\" src=\"https:\/\/www.visionweb.com.ar\/wp-content\/uploads\/2023\/01\/AUMENTO-A-LA-POLICIA-300x184.png\" alt=\"\" width=\"300\" height=\"184\" srcset=\"https:\/\/www.visionweb.com.ar\/wp-content\/uploads\/2023\/01\/AUMENTO-A-LA-POLICIA-300x184.png 300w, https:\/\/www.visionweb.com.ar\/wp-content\/uploads\/2023\/01\/AUMENTO-A-LA-POLICIA.png 640w\" sizes=\"auto, (max-width: 300px) 100vw, 300px\" \/><p id=\"caption-attachment-8980\" class=\"wp-caption-text\"><strong><em>Con el \u00faltimo aumento recibido, el personal policial bonaerense acumula en todo 2022 un ajuste del 97% (Foto: Seguridad Buenos Aires)<\/em><\/strong><\/p><\/div>\n<p><strong>\u00a0 \u00a0 \u00a0E<\/strong>l personal de la Polic\u00eda de la provincia de Buenos Aires tambi\u00e9n recibir\u00e1 el 7% de incremento salarial, al igual que estatales, judiciales y docentes, quienes llegaron el jueves pasado a un acuerdo con el Gobierno de Axel Kicillof.<\/p>\n<p>La especie fue confirmada por la\u00a0administraci\u00f3n de Axel Kicillof, desde donde se asegur\u00f3 que la Polic\u00eda bonaerense tambi\u00e9n est\u00e1 incluida en el cierre de las paritarias de 2022 anunciado el jueves pasado para los estatales, judiciales y docentes.<\/p>\n<p>\u201cEl aumento adicional del 7% que anunci\u00f3 el gobernador de la provincia de Buenos Aires, Axel Kicillof, para los trabajadores de la Ley N\u00b010.430 se hace extensivo al personal de la Polic\u00eda bonaerense\u201c, indicaron desde el Gobierno.<\/p>\n<p>En ese sentido, se precis\u00f3 que \u201cel aumento salarial acumulado para el personal de la Polic\u00eda bonaerense va a ser del 97% en el a\u00f1o 2022\u2033 y se aclar\u00f3 que \u201cen diciembre hab\u00eda alcanzado el 90%\u201c.<\/p>\n<p>Por su parte, el ministro de Seguridad de la provincia de Buenos Aires, Sergio Berni, indic\u00f3 que \u201cel aumento salarial acumulado para el personal de la Polic\u00eda Bonaerense ser\u00e1 del 97% con un retroactivo para el mes de diciembre de 2022\u201c.<\/p>\n<p>En ese sentido a\u00f1adi\u00f3: \u201cHasta diciembre de este a\u00f1o alcanzamos un 90% de incremento. Los 7 puntos adicionales se pagar\u00e1n como retroactivo con los sueldos de enero de 2023\u201d<strong>(VW)<\/strong><\/p>\n","protected":false},"excerpt":{"rendered":"<p>As\u00ed el personal de la fuerza de seguridad bonaerense se suma a los incrementos que el gobierno provinvial pacto con docentes, judiciales y estatales.<\/p>\n","protected":false},"author":3,"featured_media":8980,"comment_status":"closed","ping_status":"closed","sticky":false,"template":"","format":"standard","meta":{"_monsterinsights_skip_tracking":false,"_monsterinsights_sitenote_active":false,"_monsterinsights_sitenote_note":"","_monsterinsights_sitenote_category":0,"footnotes":""},"categories":[4],"tags":[3731,58,3732,1736,989],"class_list":["post-8979","post","type-post","status-publish","format-standard","has-post-thumbnail","hentry","category-politica","tag-acumulado","tag-aumento","tag-diciembre-22","tag-policia","tag-salario"],"_links":{"self":[{"href":"https:\/\/www.visionweb.com.ar\/index.php?rest_route=\/wp\/v2\/posts\/8979","targetHints":{"allow":["GET"]}}],"collection":[{"href":"https:\/\/www.visionweb.com.ar\/index.php?rest_route=\/wp\/v2\/posts"}],"about":[{"href":"https:\/\/www.visionweb.com.ar\/index.php?rest_route=\/wp\/v2\/types\/post"}],"author":[{"embeddable":true,"href":"https:\/\/www.visionweb.com.ar\/index.php?rest_route=\/wp\/v2\/users\/3"}],"replies":[{"embeddable":true,"href":"https:\/\/www.visionweb.com.ar\/index.php?rest_route=%2Fwp%2Fv2%2Fcomments&post=8979"}],"version-history":[{"count":3,"href":"https:\/\/www.visionweb.com.ar\/index.php?rest_route=\/wp\/v2\/posts\/8979\/revisions"}],"predecessor-version":[{"id":8983,"href":"https:\/\/www.visionweb.com.ar\/index.php?rest_route=\/wp\/v2\/posts\/8979\/revisions\/8983"}],"wp:featuredmedia":[{"embeddable":true,"href":"https:\/\/www.visionweb.com.ar\/index.php?rest_route=\/wp\/v2\/media\/8980"}],"wp:attachment":[{"href":"https:\/\/www.visionweb.com.ar\/index.php?rest_route=%2Fwp%2Fv2%2Fmedia&parent=8979"}],"wp:term":[{"taxonomy":"category","embeddable":true,"href":"https:\/\/www.visionweb.com.ar\/index.php?rest_route=%2Fwp%2Fv2%2Fcategories&post=8979"},{"taxonomy":"post_tag","embeddable":true,"href":"https:\/\/www.visionweb.com.ar\/index.php?rest_route=%2Fwp%2Fv2%2Ftags&post=8979"}],"curies":[{"name":"wp","href":"https:\/\/api.w.org\/{rel}","templated":true}]}}