{"id":8974,"date":"2023-01-05T07:24:10","date_gmt":"2023-01-05T10:24:10","guid":{"rendered":"https:\/\/www.visionweb.com.ar\/?p=8974"},"modified":"2023-01-04T20:44:29","modified_gmt":"2023-01-04T23:44:29","slug":"grindetti-en-campana-por-la-costa-atlantica","status":"publish","type":"post","link":"https:\/\/www.visionweb.com.ar\/?p=8974","title":{"rendered":"Grindetti en campa\u00f1a por la costa atl\u00e1ntica"},"content":{"rendered":"<p><em><strong>El intendente de Lan\u00fas, levanta las banderas de proyectos tales como la creaci\u00f3n del seguro de desempleo en reemplazo de los planes sociales y el pase de la polic\u00eda local a la \u00f3rbita de los municipios.<\/strong><\/em><!--more--><\/p>\n<div id=\"attachment_8975\" style=\"width: 310px\" class=\"wp-caption alignright\"><img loading=\"lazy\" decoding=\"async\" aria-describedby=\"caption-attachment-8975\" class=\"wp-image-8975 size-medium\" src=\"https:\/\/www.visionweb.com.ar\/wp-content\/uploads\/2023\/01\/GRINDEETTI-EN-LA-COSTA-300x170.png\" alt=\"\" width=\"300\" height=\"170\" srcset=\"https:\/\/www.visionweb.com.ar\/wp-content\/uploads\/2023\/01\/GRINDEETTI-EN-LA-COSTA-300x170.png 300w, https:\/\/www.visionweb.com.ar\/wp-content\/uploads\/2023\/01\/GRINDEETTI-EN-LA-COSTA.png 640w\" sizes=\"auto, (max-width: 300px) 100vw, 300px\" \/><p id=\"caption-attachment-8975\" class=\"wp-caption-text\"><em><strong>El intendente Grindetti, junto al dirigente Carlos Walter\u00a0 y al ex jugador de f\u00fatbol de Quilmes, Miguel Caneo (Foto: Prensa Lan\u00fas<\/strong><\/em>)<\/p><\/div>\n<p><strong>\u00a0 \u00a0 \u00a0 \u00a0C<\/strong>on la consigna \u00abCERCAN\u00cdA Y GESTI\u00d3N \u00ab, el intendente de Lan\u00fas y precandidato a gobernador del PRO, Nestor Grindetti inici\u00f3 una recorrida por los principales centros tur\u00edsticos de la costa bonaerense.<\/p>\n<p>All\u00ed, el titular del ejecutivo lanuncense tomar\u00e1 contacto con vecinos, productores locales y mantendr\u00e1 reuniones con referentes territoriales de Juntos.<\/p>\n<p>En el mes de enero, el jefe comunal matizar\u00e1 acciones de gesti\u00f3n en Lan\u00fas con visitas a las ciudades de Mar del Plata, Pinamar, Villa Gesell, Balcarce, San Clemente, entre otros distritos de la quinta secci\u00f3n electoral.<\/p>\n<p>Durante sus recorridas, buscar\u00e1 conectar con los vecinos y comerciantes locales para conocer la realidad productiva de la regi\u00f3n, el avance de la temporada de verano y analizar las variables econ\u00f3micas del a\u00f1o que reci\u00e9n comienza.<\/p>\n<p>En una de sus primeras actividades en Pinamar, Grindetti recibi\u00f3 junto al dirigente Carlos Walter al ex futbolista de Club Quilmes, Miguel Caneo con quien trabajar\u00e1 en un proyecto para desarrollar el f\u00fatbol amateur en la provincia de Buenos Aires.<\/p>\n<p>Por otra parte,\u00a0 comparti\u00f3 un desayuno con los dirigentes PRO, Hernan Lombardi, Damian Arabia, Pablo Tonelli y Martin Yeza, entre otros.<\/p>\n<p>\u00abLa provincia requiere que todos los dirigentes pongamos el hombro pero fundamentalmente nuestra experiencia, los vecinos no se pueden dar el lujo de esperar la curva de aprendizaje de los dirigentes, por eso vengo con esta idea de cercan\u00eda y gesti\u00f3n, hay que escuchar para resolver los problemas, pero para eso hay que cocer las problem\u00e1ticas y vivirlas en el territorio\u00bb analiz\u00f3 Grindetti.<\/p>\n<p>Desde el a\u00f1o pasado, el jefe comunal lanusense viene recorriendo la provincia de Buenos Aires con la intenci\u00f3n de presentar una propuesta provincial con una mirada que profundice las autonom\u00edas municipales y descentralizar la gesti\u00f3n provincial.<\/p>\n<p>Asimismo, levanta las banderas de proyectos tales como la creaci\u00f3n del seguro de desempleo en reemplazo de los planes sociales y el pase de la polic\u00eda local a la \u00f3rbita de los municipios<strong>(VW)<\/strong>.<\/p>\n","protected":false},"excerpt":{"rendered":"<p>El intendente de Lan\u00fas, levanta las banderas de proyectos tales como la creaci\u00f3n del seguro de desempleo en reemplazo de los planes sociales y el pase de la polic\u00eda local a la \u00f3rbita de&#46;&#46;&#46;<\/p>\n","protected":false},"author":3,"featured_media":8975,"comment_status":"closed","ping_status":"closed","sticky":false,"template":"","format":"standard","meta":{"_monsterinsights_skip_tracking":false,"_monsterinsights_sitenote_active":false,"_monsterinsights_sitenote_note":"","_monsterinsights_sitenote_category":0,"footnotes":""},"categories":[4],"tags":[3324,3427,1986,18,3219],"class_list":["post-8974","post","type-post","status-publish","format-standard","has-post-thumbnail","hentry","category-politica","tag-comerciantes","tag-costa-atlantica","tag-gira","tag-grindetti","tag-productores"],"_links":{"self":[{"href":"https:\/\/www.visionweb.com.ar\/index.php?rest_route=\/wp\/v2\/posts\/8974","targetHints":{"allow":["GET"]}}],"collection":[{"href":"https:\/\/www.visionweb.com.ar\/index.php?rest_route=\/wp\/v2\/posts"}],"about":[{"href":"https:\/\/www.visionweb.com.ar\/index.php?rest_route=\/wp\/v2\/types\/post"}],"author":[{"embeddable":true,"href":"https:\/\/www.visionweb.com.ar\/index.php?rest_route=\/wp\/v2\/users\/3"}],"replies":[{"embeddable":true,"href":"https:\/\/www.visionweb.com.ar\/index.php?rest_route=%2Fwp%2Fv2%2Fcomments&post=8974"}],"version-history":[{"count":1,"href":"https:\/\/www.visionweb.com.ar\/index.php?rest_route=\/wp\/v2\/posts\/8974\/revisions"}],"predecessor-version":[{"id":8978,"href":"https:\/\/www.visionweb.com.ar\/index.php?rest_route=\/wp\/v2\/posts\/8974\/revisions\/8978"}],"wp:featuredmedia":[{"embeddable":true,"href":"https:\/\/www.visionweb.com.ar\/index.php?rest_route=\/wp\/v2\/media\/8975"}],"wp:attachment":[{"href":"https:\/\/www.visionweb.com.ar\/index.php?rest_route=%2Fwp%2Fv2%2Fmedia&parent=8974"}],"wp:term":[{"taxonomy":"category","embeddable":true,"href":"https:\/\/www.visionweb.com.ar\/index.php?rest_route=%2Fwp%2Fv2%2Fcategories&post=8974"},{"taxonomy":"post_tag","embeddable":true,"href":"https:\/\/www.visionweb.com.ar\/index.php?rest_route=%2Fwp%2Fv2%2Ftags&post=8974"}],"curies":[{"name":"wp","href":"https:\/\/api.w.org\/{rel}","templated":true}]}}