{"id":8969,"date":"2023-01-04T13:21:14","date_gmt":"2023-01-04T16:21:14","guid":{"rendered":"https:\/\/www.visionweb.com.ar\/?p=8969"},"modified":"2023-01-04T20:39:11","modified_gmt":"2023-01-04T23:39:11","slug":"grindetti-cuestiono-a-kicillof-por-gastar-500-millones-en-gel-intimo","status":"publish","type":"post","link":"https:\/\/www.visionweb.com.ar\/?p=8969","title":{"rendered":"Grindetti cuestion\u00f3 a Kicillof\u00a0 por gastar $500 millones en gel \u00edntimo"},"content":{"rendered":"<p><em><strong>Kicillof gast\u00f3 $ 500 millones en la compra de un gel \u00edntimo para el programa \u00abHaceme tuyo\u00bb. \u201cLa provincia merece otras prioridades\u201d, dijo Grindetti.<\/strong><\/em>\u00a0\u00a0<!--more--><\/p>\n<p><strong><img loading=\"lazy\" decoding=\"async\" class=\"size-medium wp-image-8971 alignright\" src=\"https:\/\/www.visionweb.com.ar\/wp-content\/uploads\/2023\/01\/kicillof-gel-3-284x300.jpg\" alt=\"\" width=\"284\" height=\"300\" srcset=\"https:\/\/www.visionweb.com.ar\/wp-content\/uploads\/2023\/01\/kicillof-gel-3-284x300.jpg 284w, https:\/\/www.visionweb.com.ar\/wp-content\/uploads\/2023\/01\/kicillof-gel-3.bmp 506w\" sizes=\"auto, (max-width: 284px) 100vw, 284px\" \/>E<\/strong>l intendente de Lan\u00fas,\u00a0<strong>N\u00e9stor Grindetti, cuestion\u00f3 al gobernador Axel Kicillof por la compra de 1.000.000 unidades de gel \u00edntimo<\/strong>, en el marco de un programa que demanda un gasto de 500 millones de pesos.<strong>\u00a0<\/strong><\/p>\n<p>La nueva iniciativa de la cartera de la Salud de la Provincia de Buenos Aires dispar\u00f3 pol\u00e9mica: el programa \u00ab<strong>Haceme tuyo<\/strong>\u00ab, que <strong>pagar\u00e1<\/strong>\u00a0<strong>$\u00a0500 millones,<\/strong> seg\u00fan la reasignaci\u00f3n de partida presupuestaria publicada en el sitio oficial de compras de la Provincia.<\/p>\n<p>El convenio fue firmado con la empresa Farmacoop, y la Provincia abonar\u00e1\u00a0\u00a0<strong>$ 500 por cada pote<\/strong>\u00a0sobre una compra total de\u00a0<strong>un mill\u00f3n de unidades<\/strong>.<\/p>\n<p>En ese contexto, el intendente de Lan\u00fas y precandidato a gobernador por el PRO, <strong>N\u00e9stor Grindetti<\/strong>, asegur\u00f3 que: \u201c<strong>La provincia merece otras prioridades<\/strong>. Los bonaerenses necesitamos pol\u00edticas p\u00fablicas que nos ayuden a generar trabajo y tener mejor seguridad, esto no suma\u201d, escribi\u00f3 en su cuenta Twitter.<\/p>\n<p>El reclamo, acompa\u00f1ado de un recorte de un art\u00edculo period\u00edstico que advierte que la compra de este producto se realizar\u00e1 en el marco del programa \u201cHaceme Tuyo\u201d, demandar\u00e1 unos 500 millones de pesos.<\/p>\n<p><strong>\u00a0<\/strong>Por su parte, el Ministro de Salud Bonaerense <strong>Nicol\u00e1s Kreplak, <\/strong>respondi\u00f3 r\u00e1pidamente: \u201cLo que m\u00e1s molesta es que hay un Estado que cuida a su pueblo\u201d, sostuvo por redes sociales a Juntos por el Cambio por cuestionar el uso de recursos para la compra de productos vinculados a la salud sexual.<\/p>\n<p>\u201cEstamos gestionando, cumpliendo la ley y cuidando a nuestra poblaci\u00f3n\u201d, indic\u00f3 Kreplak en Twitter, e indic\u00f3 que\u00a0<strong>\u201cla compra de elementos de prevenci\u00f3n y cuidado de la salud sexual no es algo nuevo. <\/strong>Siempre se hizo y todos los insumos tienen que ser prove\u00eddos por el Estado. Nada sorprende. Mal informan y confunden\u201d.<\/p>\n<p>El ministro de Salud bonaerense explic\u00f3 que \u201cen particular el proceso de compra iniciado para la adquisici\u00f3n de geles, tiene como objetivo el cuidado de la salud sexual de varios grupos poblacionales, pero adem\u00e1s significa un ahorro para el Estado bonaerense\u201d.<\/p>\n<p><img loading=\"lazy\" decoding=\"async\" class=\"size-medium wp-image-8972 alignleft\" src=\"https:\/\/www.visionweb.com.ar\/wp-content\/uploads\/2023\/01\/kicillof-gel-intimo-300x201.jpg\" alt=\"\" width=\"300\" height=\"201\" srcset=\"https:\/\/www.visionweb.com.ar\/wp-content\/uploads\/2023\/01\/kicillof-gel-intimo-300x201.jpg 300w, https:\/\/www.visionweb.com.ar\/wp-content\/uploads\/2023\/01\/kicillof-gel-intimo.bmp 628w\" sizes=\"auto, (max-width: 300px) 100vw, 300px\" \/>Tambi\u00e9n detall\u00f3 que este producto \u201cen el mercado sale casi $2.000 y nuestro precio de referencia es de $500\u201d, y asegur\u00f3 que \u201csiempre se entreg\u00f3 el gel de 2gr en conjunto con el preservativo, pero no toda la poblaci\u00f3n utiliza ambos\u201d.<\/p>\n<p>La compra inicial\u00a0fue realizada en el mes de<strong>\u00a0<\/strong><strong>octubre<\/strong>, y atraves\u00f3 a cinco organismos de contralor interno de la Provincia. Pero, antes de fin de 2022, el Ministerio de Salud demand\u00f3 una\u00a0<strong>reasignaci\u00f3n de partida presupuestaria<\/strong>\u00a0para incrementar la cantidad de potes de gel \u00edntimo.<\/p>\n<p>En los considerandos el expediente oficial indic\u00f3 que \u201cel uso del gel lubricante\u00a0disminuye las posibilidades de rotura del preservativo\u00a0al tener relaciones sexuales y as\u00ed evitar enfermedades de transmisi\u00f3n sexual\u201d, entre otros conceptos. <strong>(VW)<\/strong><\/p>\n<p>&nbsp;<\/p>\n","protected":false},"excerpt":{"rendered":"<p>Kicillof gast\u00f3 $ 500 millones en la compra de un gel \u00edntimo para el programa \u00abHaceme tuyo\u00bb. \u201cLa provincia merece otras prioridades\u201d, dijo Grindetti.\u00a0\u00a0<\/p>\n","protected":false},"author":4,"featured_media":8972,"comment_status":"closed","ping_status":"closed","sticky":false,"template":"","format":"standard","meta":{"_monsterinsights_skip_tracking":false,"_monsterinsights_sitenote_active":false,"_monsterinsights_sitenote_note":"","_monsterinsights_sitenote_category":0,"footnotes":""},"categories":[4],"tags":[3729,3728,18,3730,167,359],"class_list":["post-8969","post","type-post","status-publish","format-standard","has-post-thumbnail","hentry","category-politica","tag-compra-de-gel-intimo","tag-cruce","tag-grindetti","tag-haceme-tuyo","tag-kicillof","tag-kreplak"],"_links":{"self":[{"href":"https:\/\/www.visionweb.com.ar\/index.php?rest_route=\/wp\/v2\/posts\/8969","targetHints":{"allow":["GET"]}}],"collection":[{"href":"https:\/\/www.visionweb.com.ar\/index.php?rest_route=\/wp\/v2\/posts"}],"about":[{"href":"https:\/\/www.visionweb.com.ar\/index.php?rest_route=\/wp\/v2\/types\/post"}],"author":[{"embeddable":true,"href":"https:\/\/www.visionweb.com.ar\/index.php?rest_route=\/wp\/v2\/users\/4"}],"replies":[{"embeddable":true,"href":"https:\/\/www.visionweb.com.ar\/index.php?rest_route=%2Fwp%2Fv2%2Fcomments&post=8969"}],"version-history":[{"count":4,"href":"https:\/\/www.visionweb.com.ar\/index.php?rest_route=\/wp\/v2\/posts\/8969\/revisions"}],"predecessor-version":[{"id":8977,"href":"https:\/\/www.visionweb.com.ar\/index.php?rest_route=\/wp\/v2\/posts\/8969\/revisions\/8977"}],"wp:featuredmedia":[{"embeddable":true,"href":"https:\/\/www.visionweb.com.ar\/index.php?rest_route=\/wp\/v2\/media\/8972"}],"wp:attachment":[{"href":"https:\/\/www.visionweb.com.ar\/index.php?rest_route=%2Fwp%2Fv2%2Fmedia&parent=8969"}],"wp:term":[{"taxonomy":"category","embeddable":true,"href":"https:\/\/www.visionweb.com.ar\/index.php?rest_route=%2Fwp%2Fv2%2Fcategories&post=8969"},{"taxonomy":"post_tag","embeddable":true,"href":"https:\/\/www.visionweb.com.ar\/index.php?rest_route=%2Fwp%2Fv2%2Ftags&post=8969"}],"curies":[{"name":"wp","href":"https:\/\/api.w.org\/{rel}","templated":true}]}}