{"id":8963,"date":"2023-01-04T12:09:49","date_gmt":"2023-01-04T15:09:49","guid":{"rendered":"https:\/\/www.visionweb.com.ar\/?p=8963"},"modified":"2023-01-04T12:09:49","modified_gmt":"2023-01-04T15:09:49","slug":"la-provincia-sumo-1-300-agentes-sanitarios-al-operativo-de-sol-a-sol","status":"publish","type":"post","link":"https:\/\/www.visionweb.com.ar\/?p=8963","title":{"rendered":"La Provincia sum\u00f3 1.300 agentes sanitarios al Operativo de Sol a Sol"},"content":{"rendered":"<p><em><strong>Salud dispuso la ubicaci\u00f3n de equipos para emergencias, hospitales y postas de prevenci\u00f3n distribuidos de manera estrat\u00e9gica en distritos tur\u00edsticos. Hay m\u00e1s de 30 ambulancias y un helic\u00f3ptero sanitario.<\/strong><\/em><!--more--><\/p>\n<p><strong>\u00a0 \u00a0 \u00a0 <img loading=\"lazy\" decoding=\"async\" class=\"size-medium wp-image-8964 alignleft\" src=\"https:\/\/www.visionweb.com.ar\/wp-content\/uploads\/2023\/01\/EQUIPOS-PARA-EMERGENCIA-SANITARIA-300x199.png\" alt=\"\" width=\"300\" height=\"199\" srcset=\"https:\/\/www.visionweb.com.ar\/wp-content\/uploads\/2023\/01\/EQUIPOS-PARA-EMERGENCIA-SANITARIA-300x199.png 300w, https:\/\/www.visionweb.com.ar\/wp-content\/uploads\/2023\/01\/EQUIPOS-PARA-EMERGENCIA-SANITARIA.png 640w\" sizes=\"auto, (max-width: 300px) 100vw, 300px\" \/> E<\/strong>l gobierno bonaerense reforz\u00f3 esta temporada el componente sanitario del Operativo de Verano de Sol a Sol con 1.300 personas que conforman equipos especializados para asistir emergencias en rutas, hacer prevenci\u00f3n en postas sanitarias y reforzar la atenci\u00f3n en los hospitales de los distritos con mayor afluencia tur\u00edstica.<\/p>\n<p>\u201cEl gobernador Axel Kicillof nos pidi\u00f3 que nos preparemos para garantizar el derecho al mejor verano posible, y para eso tenemos un operativo de salud que es hist\u00f3rico y que hace eje en las pol\u00edticas de cuidado, con m\u00e1s de 1.300 trabajadores y trabajadoras que se suman al esfuerzo que todos los d\u00edas hacen los y las intendentas con el trabajo en los hospitales, centros de salud, emergencias en rutas, y al que sumamos actividades de prevenci\u00f3n y promoci\u00f3n en postas sanitarias\u201d, resumi\u00f3 el ministro de Salud, Nicol\u00e1s Kreplak.<\/p>\n<p>En concreto, la \u201cpata sanitaria\u201d del operativo de verano en la Provincia cuenta con tres ejes clave para garantizar el acceso a la salud: 45 puntos distribuidos estrat\u00e9gicamente en las rutas para la atenci\u00f3n oportuna de emergencias, refuerzo de personal en los hospitales de municipios tur\u00edsticos y postas de prevenci\u00f3n y promoci\u00f3n de la salud.<\/p>\n<p><strong>Emergencias sanitarias<\/strong><\/p>\n<p>Para eventuales casos de incidentes viales, emergencias o cat\u00e1strofes, el ministerio de Salud dispuso de 45 puntos sanitarios distribuidos en la traza del camino a la costa atl\u00e1ntica y en los distritos m\u00e1s visitados durante el verano.<\/p>\n<p>En esos puntos se ubican ambulancias y otros veh\u00edculos sanitarios con sus respectivos equipos de salud. Est\u00e1n distribuidos sobre las rutas provinciales 2, 3, 11, 33, 56, 63 y 74.<\/p>\n<p>En concreto, se pusieron a disposici\u00f3n 39 ambulancias, nueve veh\u00edculos cuatro por cuatro, dos utilitarios para asistencia en salud mental, m\u00f3viles de log\u00edstica, minibuses y un helic\u00f3ptero sanitario.<\/p>\n<p>En cuanto a los recursos humanos, trabajar\u00e1n en el abordaje de posibles emergencias unas 250 personas entre m\u00e9dicos, m\u00e9dicas, enfermeros, enfermeras, radiooperadores y radiooperadoras.<\/p>\n<p>\u201cHemos conformado cinco equipos especializados en traumatolog\u00eda, dos equipos itinerantes de neurocirug\u00eda y dos equipos de emergencias en Salud Mental\u201d, precis\u00f3 el ministro Kreplak.<\/p>\n<p>Tambi\u00e9n, se sumaron tres unidades sanitarias m\u00f3viles en el Partido de la Costa, Villa Gesell y Mar del Plata, que complementar\u00e1n la atenci\u00f3n en esos distritos.<\/p>\n<p><strong>Hospitales reforzados<\/strong><\/p>\n<p>Frente al incremento de la demanda hospitalaria que trae aparejada la temporada, y previendo la posibilidad de un crecimiento de los casos de COVID-19, el ministerio de Salud de la Provincia sum\u00f3 a los hospitales 370 m\u00e9dicos y m\u00e9dicas y 380 enfermeros y enfermeras, t\u00e9cnicos\/as de laboratorio, hemoterapia, radiolog\u00eda y emergencias que prestar\u00e1n servicio en establecimientos de salud de los distritos m\u00e1s concurridos.<\/p>\n<p>La promoci\u00f3n de h\u00e1bitos saludables y la posibilidad de dar buena informaci\u00f3n a los y las turistas para mantener rutinas de autocuidado, prevenir enfermedades y mantener una buena calidad de vida es otro de los puntos fuertes del Operativo de Sol a Sol 2023.<\/p>\n<p>Para eso este a\u00f1o, el ministerio de Salud trabajar\u00e1 por primera vez en forma conjunta con equipos de salud de IOMA, la obra social de la Provincia.<\/p>\n<p>Con ese prop\u00f3sito se instalaron 65 postas sanitarias en espacios de gran afluencia tur\u00edstica, como balnerarios, plazas, terminales de trenes, \u00f3mnibus y puertos de 12 municipios: Chascom\u00fas, Coronel Rosales, General Alvarado, Lober\u00eda, Mar del Plata, Monte Hermoso, Necochea, Partido de La Costa, Pinamar, Tandil, Tres Arroyos y Villa Gesell.<\/p>\n<p>Varias de esas postas coinciden con los espacios del programa provincial de turismo y cultura ReCreo.\u00a0En las postas trabajan m\u00e1s de 170 promotores y promotoras de Salud y enfermeras.<\/p>\n<p>\u201cHacemos prevenci\u00f3n con propuestas recreativas y juegos sobre, por ejemplo, nutrici\u00f3n comunitaria, salud bucal, sexual y reproductiva y consumos problem\u00e1ticos\u201d, sintetiz\u00f3 Valentina Maldonado, coordinadora de las cuatro postas que funcionan en Mar del Plata.<\/p>\n<p>Agreg\u00f3 que tambi\u00e9n se hacen entrega de preservativos, orientan a los y las turistas sobre d\u00f3nde pueden vacunarse y testearse y, sobre d\u00f3nde consultar en caso de presentar alg\u00fan problema de salud.<\/p>\n<p>En 35 de esas postas las y los turistas se podr\u00e1n tomar la presi\u00f3n arterial, medir la glucosa en sangre, el \u00edndice de masa corporal y obtener asesoramiento para la prevenci\u00f3n y control de m\u00faltiples enfermedades.<\/p>\n<p>Para la segunda quincena de enero, adem\u00e1s, la cartera sanitaria bonaerense pondr\u00e1 en funcionamiento el Tren Sanitario en la estaci\u00f3n de Mar del Plata (ubicada en calle Luro e Italia), que funcionar\u00e1 como centro de atenci\u00f3n primaria. All\u00ed los y las turistas, y tambi\u00e9n los y las residentes de La Feliz, podr\u00e1n aplicarse las vacunas del Calendario Nacional gratuito y obligatorio que les haga falta y consultar si presentan s\u00edntomas de patolog\u00edas de baja complejidad.<\/p>\n<p>De este modo, en 1.200 kil\u00f3metros de costa atl\u00e1ntica, sierras y lagos de la Provincia de Buenos Aires habr\u00e1 un despliegue especial en materia de salud y seguridad, con un aumento significativo de los recursos destinados al cuidado y la atenci\u00f3n de los y las turistas que elijan la Provincia para ejercer su derecho al descanso<strong>(VW)<\/strong>.<\/p>\n","protected":false},"excerpt":{"rendered":"<p>Salud dispuso la ubicaci\u00f3n de equipos para emergencias, hospitales y postas de prevenci\u00f3n distribuidos de manera estrat\u00e9gica en distritos tur\u00edsticos. Hay m\u00e1s de 30 ambulancias y un helic\u00f3ptero sanitario.<\/p>\n","protected":false},"author":3,"featured_media":8964,"comment_status":"closed","ping_status":"closed","sticky":false,"template":"","format":"standard","meta":{"_monsterinsights_skip_tracking":false,"_monsterinsights_sitenote_active":false,"_monsterinsights_sitenote_note":"","_monsterinsights_sitenote_category":0,"footnotes":""},"categories":[3,700],"tags":[3725,967,1041,529],"class_list":["post-8963","post","type-post","status-publish","format-standard","has-post-thumbnail","hentry","category-actualidad","category-turismo","tag-equipos-sanitrios","tag-postas","tag-rutas","tag-seguridad"],"_links":{"self":[{"href":"https:\/\/www.visionweb.com.ar\/index.php?rest_route=\/wp\/v2\/posts\/8963","targetHints":{"allow":["GET"]}}],"collection":[{"href":"https:\/\/www.visionweb.com.ar\/index.php?rest_route=\/wp\/v2\/posts"}],"about":[{"href":"https:\/\/www.visionweb.com.ar\/index.php?rest_route=\/wp\/v2\/types\/post"}],"author":[{"embeddable":true,"href":"https:\/\/www.visionweb.com.ar\/index.php?rest_route=\/wp\/v2\/users\/3"}],"replies":[{"embeddable":true,"href":"https:\/\/www.visionweb.com.ar\/index.php?rest_route=%2Fwp%2Fv2%2Fcomments&post=8963"}],"version-history":[{"count":1,"href":"https:\/\/www.visionweb.com.ar\/index.php?rest_route=\/wp\/v2\/posts\/8963\/revisions"}],"predecessor-version":[{"id":8965,"href":"https:\/\/www.visionweb.com.ar\/index.php?rest_route=\/wp\/v2\/posts\/8963\/revisions\/8965"}],"wp:featuredmedia":[{"embeddable":true,"href":"https:\/\/www.visionweb.com.ar\/index.php?rest_route=\/wp\/v2\/media\/8964"}],"wp:attachment":[{"href":"https:\/\/www.visionweb.com.ar\/index.php?rest_route=%2Fwp%2Fv2%2Fmedia&parent=8963"}],"wp:term":[{"taxonomy":"category","embeddable":true,"href":"https:\/\/www.visionweb.com.ar\/index.php?rest_route=%2Fwp%2Fv2%2Fcategories&post=8963"},{"taxonomy":"post_tag","embeddable":true,"href":"https:\/\/www.visionweb.com.ar\/index.php?rest_route=%2Fwp%2Fv2%2Ftags&post=8963"}],"curies":[{"name":"wp","href":"https:\/\/api.w.org\/{rel}","templated":true}]}}