{"id":8951,"date":"2023-01-03T11:52:18","date_gmt":"2023-01-03T14:52:18","guid":{"rendered":"https:\/\/www.visionweb.com.ar\/?p=8951"},"modified":"2023-01-03T11:57:02","modified_gmt":"2023-01-03T14:57:02","slug":"vacaciones-los-precios-en-la-costa-superan-el-100-de-aumentos","status":"publish","type":"post","link":"https:\/\/www.visionweb.com.ar\/?p=8951","title":{"rendered":"Vacaciones: Los precios en la Costa superan el 100% de aumento"},"content":{"rendered":"<p><em><strong>Por m\u00e1s que el valor de los alquileres, servicios y carpas en la Costa Atl\u00e1ntica super\u00f3 lo previsto, la ocupaci\u00f3n ya llega al 80%.<\/strong><\/em><!--more--><\/p>\n<p><strong><img loading=\"lazy\" decoding=\"async\" class=\"size-medium wp-image-8953 alignright\" src=\"https:\/\/www.visionweb.com.ar\/wp-content\/uploads\/2023\/01\/mdq2-300x137.jpg\" alt=\"\" width=\"300\" height=\"137\" srcset=\"https:\/\/www.visionweb.com.ar\/wp-content\/uploads\/2023\/01\/mdq2-300x137.jpg 300w, https:\/\/www.visionweb.com.ar\/wp-content\/uploads\/2023\/01\/mdq2.bmp 646w\" sizes=\"auto, (max-width: 300px) 100vw, 300px\" \/>A<\/strong> mediados de septiembre la c\u00e1mara que nuclea a los martilleros, hab\u00eda\u00a0 propuesto un\u00a0incremento interanual del 70%\u00a0para los alquileres de la temporada en la Costa, pero hubo aumentos mayores al 100%.<\/p>\n<p>As\u00ed, la sugerencia de septiembre, entonces, indicaba que por un departamento de dos ambientes,\u00a0para una\u00a0quincena, deber\u00edan pedirse por lo menos $ 71.000,\u00a0<strong>unos $ 5.000\u00a0por d\u00eda,<\/strong>\u00a0algo que <strong>en la realidad\u00a0no existi\u00f3<\/strong>.<\/p>\n<p>Mucho de lo contratado sobrepas\u00f3 el porcentual propuesto por el Colegio, y lo que est\u00e1 disponible ya super\u00f3 esos n\u00fameros. El promedio es 80%, pero hay incrementos del 100% y superiores.<\/p>\n<p>En esa l\u00ednea, por ejemplo, las inmobiliarias indicaron el alquiler de un dos ambientes en el centro estar\u00eda por los $ 7.500\u00a0diarios, al\u00a0menos para los primeros d\u00edas de enero, y desde\u00a0$ 10.000\u00a0la segunda quincena.<\/p>\n<p>En zonas como Playa Grande o en ubicaciones de privilegio, bien puede pagarse el doble, igual que en edificios nuevos y\u00a0mejor\u00a0equipados.<\/p>\n<p>Mientras que <strong>en el resto de la Costa<\/strong>, los porcentajes de incremento son similares a los de Mar del Plata. En Villa Gesell se puede alquilar desde $ 110 mil un departamento de 2 ambientes para la primera quincena. Uno para cuatro personas con dos dormitorios a 450 metros de la playa ronda los $ 260 mil en la misma fecha.<\/p>\n<p>En Santa Teresita y San Bernardo, el precio de los departamentos frente al mar arranca en $ 100 mil pero la mayor\u00eda ronda los $ 200 mil pesos la quincena, seg\u00fan las comodidades y la fecha. Pero tambi\u00e9n hay precios m\u00e1s bajos en hoteles y aparts. Por ejemplo, dos semanas en un apart hotel para 7 personas en febrero se puede reservar por $ 150 mil.<\/p>\n<p>En Pinamar los precios se resuelven m\u00e1s elevados que en el resto de los destinos tur\u00edsticos bonaerenses. Muchos alquileres directamente se publican en d\u00f3lares. Para tener una referencia en precios, los alquileres de dos ambientes cerca de la playa arrancan en $ 400.000. El nivel de ocupaci\u00f3n es alto, por lo que la mayor\u00eda de las ofertas que ya quedaron para febrero.<\/p>\n<p><strong>Carpas y sombrillas:\u00a0<\/strong><\/p>\n<p>Aunque los balnearios, est\u00e1n agrupados en una c\u00e1mara, cada uno fija sus propias tarifas.\u00a0Por la temporada completa, manera de contratar casi exclusiva para los locales, se pide <strong>entre 250 mil y 480 mil pesos,<\/strong>\u00a0esto es desde la apertura en el pasado diciembre hasta el cierre, en general en Semana Santa.<\/p>\n<p>Los valores dependen de la zona. En La Perla o Varese cuestan cerca de 300 mil pesos; en Playa Grande por encima de los 350 mil, los mismos que en las playas del sur del faro de Punta Mogotes, donde hay tarifas, en los m\u00e1s exclusivos, de hasta 480 mil.<\/p>\n<p>El alquiler mensual de carpas para enero inici\u00f3 en $ 230.000 y en febrero, desde $ 200.000. El valor diario del alquiler de una carpa estar\u00e1 en el orden de los 10 mil pesos.<\/p>\n<p>En Punta Mogotes, en un balneario con pileta climatizada y estacionamiento, una carpa con 5 sillas y una reposera sale $ 110.000 por quincena en enero; el mes completo, $ 190.000. En todos los casos, los precios incluyen actividades y clases recreativas, y solarium, entre otros servicios.<\/p>\n<p>Desde la Asociaci\u00f3n Empresaria Gastron\u00f3mica y Hotelera (Aegyh) de Mar del Plata aseguraron que hay balnearios que cuentan con el 80% de ocupaci\u00f3n y existe \u00abun gran nivel de consultas\u00bb.<\/p>\n<p>Desde el Ente Municipal de Turismo (Emtur) de la ciudad reconocen que los incrementos a causa de la inflaci\u00f3n<strong>\u00a0<\/strong><strong>van del 80% al 100%.<\/strong><\/p>\n<p><strong>\u200b<\/strong>\u00abTenemos la inflaci\u00f3n que tenemos todos los argentinos. En\u00a0Mar del Plata, como gran ciudad, est\u00e1\u00a0la ventaja de que el principal consumidor y usuario de todos los servicios es el propio marplatense, por lo que la gastronom\u00eda, por ejemplo, no puede caer en abusos, porque se quedar\u00edan sin sus clientes\u00bb, cont\u00f3 Bernardo Mart\u00edn, titular de la cartera tur\u00edstica.<\/p>\n<p>El funcionario destac\u00f3 el a\u00f1o r\u00e9cord para la ciudad.<strong>\u00a0<\/strong><strong>\u00abVamos a cerrar 2022 con 8.800.000 turistas<\/strong>, un r\u00e9cord hist\u00f3rico para Mar del Plata\u00bb, dato que para la Provincia de Buenos Aires se traduce en buenas expectativas de cara a la temporada. <strong>(VW)<\/strong><\/p>\n<p>&nbsp;<\/p>\n","protected":false},"excerpt":{"rendered":"<p>Por m\u00e1s que el valor de los alquileres, servicios y carpas en la Costa Atl\u00e1ntica super\u00f3 lo previsto, la ocupaci\u00f3n ya llega al 80%.<\/p>\n","protected":false},"author":4,"featured_media":8953,"comment_status":"closed","ping_status":"closed","sticky":false,"template":"","format":"standard","meta":{"_monsterinsights_skip_tracking":false,"_monsterinsights_sitenote_active":false,"_monsterinsights_sitenote_note":"","_monsterinsights_sitenote_category":0,"footnotes":""},"categories":[8],"tags":[3720,3721,47,3719],"class_list":["post-8951","post","type-post","status-publish","format-standard","has-post-thumbnail","hentry","category-interes-general","tag-alquileres","tag-ocuoacion","tag-precios","tag-vacaciones-en-la-costa"],"_links":{"self":[{"href":"https:\/\/www.visionweb.com.ar\/index.php?rest_route=\/wp\/v2\/posts\/8951","targetHints":{"allow":["GET"]}}],"collection":[{"href":"https:\/\/www.visionweb.com.ar\/index.php?rest_route=\/wp\/v2\/posts"}],"about":[{"href":"https:\/\/www.visionweb.com.ar\/index.php?rest_route=\/wp\/v2\/types\/post"}],"author":[{"embeddable":true,"href":"https:\/\/www.visionweb.com.ar\/index.php?rest_route=\/wp\/v2\/users\/4"}],"replies":[{"embeddable":true,"href":"https:\/\/www.visionweb.com.ar\/index.php?rest_route=%2Fwp%2Fv2%2Fcomments&post=8951"}],"version-history":[{"count":4,"href":"https:\/\/www.visionweb.com.ar\/index.php?rest_route=\/wp\/v2\/posts\/8951\/revisions"}],"predecessor-version":[{"id":8959,"href":"https:\/\/www.visionweb.com.ar\/index.php?rest_route=\/wp\/v2\/posts\/8951\/revisions\/8959"}],"wp:featuredmedia":[{"embeddable":true,"href":"https:\/\/www.visionweb.com.ar\/index.php?rest_route=\/wp\/v2\/media\/8953"}],"wp:attachment":[{"href":"https:\/\/www.visionweb.com.ar\/index.php?rest_route=%2Fwp%2Fv2%2Fmedia&parent=8951"}],"wp:term":[{"taxonomy":"category","embeddable":true,"href":"https:\/\/www.visionweb.com.ar\/index.php?rest_route=%2Fwp%2Fv2%2Fcategories&post=8951"},{"taxonomy":"post_tag","embeddable":true,"href":"https:\/\/www.visionweb.com.ar\/index.php?rest_route=%2Fwp%2Fv2%2Ftags&post=8951"}],"curies":[{"name":"wp","href":"https:\/\/api.w.org\/{rel}","templated":true}]}}