{"id":8947,"date":"2023-01-03T10:32:40","date_gmt":"2023-01-03T13:32:40","guid":{"rendered":"https:\/\/www.visionweb.com.ar\/?p=8947"},"modified":"2023-01-03T10:32:40","modified_gmt":"2023-01-03T13:32:40","slug":"2023-tendra-19-feriados-con-4-fines-de-semana-xxl","status":"publish","type":"post","link":"https:\/\/www.visionweb.com.ar\/?p=8947","title":{"rendered":"2023\u00a0tendr\u00e1 19 feriados con 4 fines de semana XXL"},"content":{"rendered":"<p><em><strong>Este 2023 viene con un total de 19 d\u00edas festivos, de los cuales 14 son feriados inamovibles, 2 son trasladables y 3 con fines tur\u00edsticos.<\/strong><\/em><!--more--><\/p>\n<p><strong><img loading=\"lazy\" decoding=\"async\" class=\"size-medium wp-image-8949 alignright\" src=\"https:\/\/www.visionweb.com.ar\/wp-content\/uploads\/2023\/01\/calendario-300x191.jpg\" alt=\"\" width=\"300\" height=\"191\" srcset=\"https:\/\/www.visionweb.com.ar\/wp-content\/uploads\/2023\/01\/calendario-300x191.jpg 300w, https:\/\/www.visionweb.com.ar\/wp-content\/uploads\/2023\/01\/calendario.bmp 583w\" sizes=\"auto, (max-width: 300px) 100vw, 300px\" \/>\u00a0 \u00a0 E<\/strong>l\u00a0calendario de los feriados de 2023<strong>\u00a0<\/strong>trae <strong>cuatro fines de semana s\u00faper largos, <\/strong>de cuatro d\u00edas cada uno: del s\u00e1bado 18 de febrero al martes 21 de febrero; del jueves 25 al domingo 28 de mayo; del s\u00e1bado 17 al martes 20 de junio; y del viernes 13 al lunes 16 de octubre.<\/p>\n<p>Con la finalidad de incentivar el turismo interno el Gobierno confirm\u00f3 los 19 feriados, que ser\u00e1n\u00a0<strong>14 inamovibles<\/strong>, dos trasladables y tres con fines tur\u00edsticos.<\/p>\n<p>Los \u00a0<strong>cuatro findes extra largos<\/strong><strong> son<\/strong>:<\/p>\n<p>del s\u00e1bado 18 de febrero al martes 21 de febrero;<\/p>\n<p>del jueves 25 al domingo 28 de mayo;<\/p>\n<p>del s\u00e1bado 17 al martes 20 de junio;<\/p>\n<p>y del viernes 13 al lunes 16 de octubre.<\/p>\n<p><strong>El calendario 2023 completo:<\/strong><\/p>\n<p><strong>ENERO:<\/strong>\u00a01\u00ba (domingo).\u00a0<strong>A\u00f1o Nuevo<\/strong>. Feriado inamovible.<\/p>\n<p><strong>FEBRERO:<\/strong>\u00a020 y 21 (lunes y martes)\u00a0<strong>Carnaval<\/strong>. Feriados inamovibles.<\/p>\n<p><strong>MARZO:<\/strong> 24\u00a0<span style=\"line-height: 1.5;\">(viernes)\u00a0<\/span>D\u00eda Nacional de la Memoria por la Verdad y la Justicia. Feriado inamovible.<\/p>\n<p><strong>ABRIL:<\/strong> 2\u00a0<span style=\"line-height: 1.5;\">(domingo)\u00a0<\/span>D\u00eda del Veterano y de los Ca\u00eddos en la<strong style=\"line-height: 1.5;\"> Guerra de Malvinas<\/strong><span style=\"line-height: 1.5;\">. Feriado inamovible.<\/span><\/p>\n<p><strong>6 Jueves Santo<\/strong>. No laborable.<\/p>\n<p><strong>7 Viernes Santo<\/strong>. Feriado inamovible.<\/p>\n<p><strong>MAYO:<\/strong> 1\u00a0<span style=\"line-height: 1.5;\">(lunes)\u00a0<\/span>D\u00eda del Trabajador<span style=\"line-height: 1.5;\">. Feriado inamovible.<\/span><\/p>\n<p>25 (jueves).<strong>D\u00eda de la Revoluci\u00f3n de Mayo<\/strong>. Feriado inamovible.<\/p>\n<p>26 (viernes) Feriado con\u00a0fines tur\u00edsticos.<\/p>\n<p><strong>JUNIO:<\/strong> 17\u00a0<span style=\"line-height: 1.5;\">(s\u00e1bado)\u00a0<\/span>Paso a la Inmortalidad del General don Mart\u00edn Miguel de G\u00fbemes. <span style=\"line-height: 1.5;\">Feriado trasladable.<\/span><\/p>\n<p>19 (lunes) Feriado con\u00a0fines tur\u00edsticos.<\/p>\n<p>20 (martes)\u00a0<strong>Paso a la Inmortalidad del Gral. Manuel Belgrano<\/strong>. Feriado inamovible.<\/p>\n<p><strong>JULIO:<\/strong> 9\u00a0<span style=\"line-height: 1.5;\">(domingo).<\/span><strong style=\"line-height: 1.5;\">D\u00eda de la Independencia.<\/strong> Feriado inamovible.<\/p>\n<p><strong>AGOSTO:<\/strong> 21\u00a0(lunes).\u00a0Paso a la Inmortalidad del Gral.<strong> Jos\u00e9 de San Mart\u00edn <\/strong>que se corre del 17 de agosto. Feriado trasladable.<\/p>\n<p><strong>SEPTIEMBRE<\/strong>:\u00a0No hay feriados.<\/p>\n<p><strong>OCTUBRE:\u00a0<\/strong>13 (viernes) Feriado con\u00a0fines tur\u00edsticos.<br \/>\n16 (lunes). D\u00eda del\u00a0<strong>Respeto a la Diversidad Cultural<\/strong><strong>\u00a0<\/strong>que se pasa del 12 de octubre. Feriado trasladable.<\/p>\n<p><strong>NOVIEMBRE:\u00a0<\/strong>20 (lunes) D\u00eda de la Soberan\u00eda Nacional. (Feriado trasladable)<\/p>\n<p><strong>DICIEMBRE:<\/strong>\u00a08 (viernes)\u00a0<strong>Inmaculada Concepci\u00f3n de Mar\u00eda<\/strong>. Feriado inamovible.<br \/>\n25 (lunes)\u00a0<strong>Navidad<\/strong>. Feriado inamovible. <strong>(VW)<\/strong><\/p>\n<p>&nbsp;<\/p>\n","protected":false},"excerpt":{"rendered":"<p>Este 2023 viene con un total de 19 d\u00edas festivos, de los cuales 14 son feriados inamovibles, 2 son trasladables y 3 con fines tur\u00edsticos.<\/p>\n","protected":false},"author":4,"featured_media":8949,"comment_status":"closed","ping_status":"closed","sticky":false,"template":"","format":"standard","meta":{"_monsterinsights_skip_tracking":false,"_monsterinsights_sitenote_active":false,"_monsterinsights_sitenote_note":"","_monsterinsights_sitenote_category":0,"footnotes":""},"categories":[8],"tags":[323,3458,3718],"class_list":["post-8947","post","type-post","status-publish","format-standard","has-post-thumbnail","hentry","category-interes-general","tag-calendario","tag-feriados-2023","tag-findes-xxl"],"_links":{"self":[{"href":"https:\/\/www.visionweb.com.ar\/index.php?rest_route=\/wp\/v2\/posts\/8947","targetHints":{"allow":["GET"]}}],"collection":[{"href":"https:\/\/www.visionweb.com.ar\/index.php?rest_route=\/wp\/v2\/posts"}],"about":[{"href":"https:\/\/www.visionweb.com.ar\/index.php?rest_route=\/wp\/v2\/types\/post"}],"author":[{"embeddable":true,"href":"https:\/\/www.visionweb.com.ar\/index.php?rest_route=\/wp\/v2\/users\/4"}],"replies":[{"embeddable":true,"href":"https:\/\/www.visionweb.com.ar\/index.php?rest_route=%2Fwp%2Fv2%2Fcomments&post=8947"}],"version-history":[{"count":2,"href":"https:\/\/www.visionweb.com.ar\/index.php?rest_route=\/wp\/v2\/posts\/8947\/revisions"}],"predecessor-version":[{"id":8950,"href":"https:\/\/www.visionweb.com.ar\/index.php?rest_route=\/wp\/v2\/posts\/8947\/revisions\/8950"}],"wp:featuredmedia":[{"embeddable":true,"href":"https:\/\/www.visionweb.com.ar\/index.php?rest_route=\/wp\/v2\/media\/8949"}],"wp:attachment":[{"href":"https:\/\/www.visionweb.com.ar\/index.php?rest_route=%2Fwp%2Fv2%2Fmedia&parent=8947"}],"wp:term":[{"taxonomy":"category","embeddable":true,"href":"https:\/\/www.visionweb.com.ar\/index.php?rest_route=%2Fwp%2Fv2%2Fcategories&post=8947"},{"taxonomy":"post_tag","embeddable":true,"href":"https:\/\/www.visionweb.com.ar\/index.php?rest_route=%2Fwp%2Fv2%2Ftags&post=8947"}],"curies":[{"name":"wp","href":"https:\/\/api.w.org\/{rel}","templated":true}]}}