{"id":8944,"date":"2023-01-03T11:09:00","date_gmt":"2023-01-03T14:09:00","guid":{"rendered":"https:\/\/www.visionweb.com.ar\/?p=8944"},"modified":"2023-01-03T11:56:54","modified_gmt":"2023-01-03T14:56:54","slug":"8944","status":"publish","type":"post","link":"https:\/\/www.visionweb.com.ar\/?p=8944","title":{"rendered":"Lenta recuperaci\u00f3n de las industrias PyMes"},"content":{"rendered":"<p><em><strong>La producci\u00f3n de la industria manufacturera pyme subi\u00f3 1,6% anual en noviembre, a precios constantes<\/strong><\/em>. <strong><em>La actividad en productos qu\u00edmicos y pl\u00e1sticos son las m\u00e1s bajas.<\/em><\/strong><!--more--><\/p>\n<div id=\"attachment_8945\" style=\"width: 310px\" class=\"wp-caption alignright\"><img loading=\"lazy\" decoding=\"async\" aria-describedby=\"caption-attachment-8945\" class=\"wp-image-8945 size-medium\" src=\"https:\/\/www.visionweb.com.ar\/wp-content\/uploads\/2023\/01\/PROYECCIONES-300x163.png\" alt=\"\" width=\"300\" height=\"163\" srcset=\"https:\/\/www.visionweb.com.ar\/wp-content\/uploads\/2023\/01\/PROYECCIONES-300x163.png 300w, https:\/\/www.visionweb.com.ar\/wp-content\/uploads\/2023\/01\/PROYECCIONES.png 630w\" sizes=\"auto, (max-width: 300px) 100vw, 300px\" \/><p id=\"caption-attachment-8945\" class=\"wp-caption-text\"><em><strong>El gr\u00e1fico muestra un leve repunte de la actividad sectorial (Fuente: CAME)<\/strong><\/em><\/p><\/div>\n<p><strong>\u00a0 \u00a0 \u00a0 \u00a0 \u00a0 \u00a0 A<\/strong>s\u00ed, acumula un aumento de 2,2% entre enero y noviembre frente a los mismos meses de 2021. En la comparaci\u00f3n mensual la actividad subi\u00f3 1%.<\/p>\n<p>Aunque estos valores son relativamente peque\u00f1os, los mismos parecieran cortar con la din\u00e1mica decreciente que hab\u00eda iniciado hace tres meses.<\/p>\n<p>El uso de la capacidad instalada de las empresas de la muestra se ubic\u00f3 en 71,7%, unos 1,5 puntos porcentuales por debajo de octubre pasado, porque en algunos sectores se est\u00e1n realizando inversiones.<\/p>\n<p>Los niveles m\u00e1s elevados del uso de la capacidad se registraron en\u00a0<strong>Papel e impresiones<\/strong>\u00a0(75,2%) y los m\u00e1s bajos en\u00a0<strong>Productos qu\u00edmicos y pl\u00e1sticos<\/strong> (69,5%), as\u00ed lo asegura el \u00faltimo informe de CAME.<\/p>\n<p>La evoluci\u00f3n de la actividad en los primeros meses de 2023, los faltantes de insumos y las demoras en las entregas contin\u00faan ubic\u00e1ndose como las principales preocupaciones de este sector pyme.<\/p>\n<p>Estos resultados surgen del\u00a0<strong>\u00cdndice de Producci\u00f3n Industrial Pyme (IPIP)<\/strong>\u00a0que elabora CAME, con una muestra que alcanz\u00f3 unas 357 industrias pyme a nivel federal.<\/p>\n<p><strong>An\u00e1lisis sectorial<\/strong><\/p>\n<p>La mejor performance en noviembre estuvo en\u00a0Productos qu\u00edmicos y pl\u00e1sticos\u00a0(+9,3%) y la peor en\u00a0Indumentaria y textil (-10,8%)<strong>(VW)<\/strong>.<\/p>\n<p>&nbsp;<\/p>\n","protected":false},"excerpt":{"rendered":"<p>La producci\u00f3n de la industria manufacturera pyme subi\u00f3 1,6% anual en noviembre, a precios constantes. La actividad en productos qu\u00edmicos y pl\u00e1sticos son las m\u00e1s bajas.<\/p>\n","protected":false},"author":3,"featured_media":8945,"comment_status":"closed","ping_status":"closed","sticky":false,"template":"","format":"standard","meta":{"_monsterinsights_skip_tracking":false,"_monsterinsights_sitenote_active":false,"_monsterinsights_sitenote_note":"","_monsterinsights_sitenote_category":0,"footnotes":""},"categories":[749],"tags":[3723,299,3722,32],"class_list":["post-8944","post","type-post","status-publish","format-standard","has-post-thumbnail","hentry","category-pymes","tag-bajas","tag-industrias","tag-manufactura","tag-pymes"],"_links":{"self":[{"href":"https:\/\/www.visionweb.com.ar\/index.php?rest_route=\/wp\/v2\/posts\/8944","targetHints":{"allow":["GET"]}}],"collection":[{"href":"https:\/\/www.visionweb.com.ar\/index.php?rest_route=\/wp\/v2\/posts"}],"about":[{"href":"https:\/\/www.visionweb.com.ar\/index.php?rest_route=\/wp\/v2\/types\/post"}],"author":[{"embeddable":true,"href":"https:\/\/www.visionweb.com.ar\/index.php?rest_route=\/wp\/v2\/users\/3"}],"replies":[{"embeddable":true,"href":"https:\/\/www.visionweb.com.ar\/index.php?rest_route=%2Fwp%2Fv2%2Fcomments&post=8944"}],"version-history":[{"count":4,"href":"https:\/\/www.visionweb.com.ar\/index.php?rest_route=\/wp\/v2\/posts\/8944\/revisions"}],"predecessor-version":[{"id":8958,"href":"https:\/\/www.visionweb.com.ar\/index.php?rest_route=\/wp\/v2\/posts\/8944\/revisions\/8958"}],"wp:featuredmedia":[{"embeddable":true,"href":"https:\/\/www.visionweb.com.ar\/index.php?rest_route=\/wp\/v2\/media\/8945"}],"wp:attachment":[{"href":"https:\/\/www.visionweb.com.ar\/index.php?rest_route=%2Fwp%2Fv2%2Fmedia&parent=8944"}],"wp:term":[{"taxonomy":"category","embeddable":true,"href":"https:\/\/www.visionweb.com.ar\/index.php?rest_route=%2Fwp%2Fv2%2Fcategories&post=8944"},{"taxonomy":"post_tag","embeddable":true,"href":"https:\/\/www.visionweb.com.ar\/index.php?rest_route=%2Fwp%2Fv2%2Ftags&post=8944"}],"curies":[{"name":"wp","href":"https:\/\/api.w.org\/{rel}","templated":true}]}}