{"id":8932,"date":"2023-01-02T13:05:23","date_gmt":"2023-01-02T16:05:23","guid":{"rendered":"https:\/\/www.visionweb.com.ar\/?p=8932"},"modified":"2023-01-02T13:05:23","modified_gmt":"2023-01-02T16:05:23","slug":"enero-colectivos-y-trenes-mas-caros","status":"publish","type":"post","link":"https:\/\/www.visionweb.com.ar\/?p=8932","title":{"rendered":"Enero: Colectivos y trenes m\u00e1s caros"},"content":{"rendered":"<p><em><strong>Ya rigen los aumentos del 40%. Se mantienen las tarifas sociales para los m\u00e1s vulnerables. Los pr\u00f3ximos incrementos ser\u00e1n desde marzo a diciembre.<\/strong><\/em><!--more--><\/p>\n<p><strong> <img loading=\"lazy\" decoding=\"async\" class=\"size-medium wp-image-8815 alignleft\" src=\"https:\/\/www.visionweb.com.ar\/wp-content\/uploads\/2022\/12\/constitucion-229x300.jpg\" alt=\"\" width=\"229\" height=\"300\" srcset=\"https:\/\/www.visionweb.com.ar\/wp-content\/uploads\/2022\/12\/constitucion-229x300.jpg 229w, https:\/\/www.visionweb.com.ar\/wp-content\/uploads\/2022\/12\/constitucion.jpg 479w\" sizes=\"auto, (max-width: 229px) 100vw, 229px\" \/>\u00a0\u00a0\u00a0\u00a0 L<\/strong>as tarifas de transporte p\u00fablico del \u00c1rea Metropolitana de Buenos Aires, aumentaron ayer 1\u00ba de enero un 40%, as\u00ed el boleto m\u00ednimo para los\u00a0colectivos\u00a0del AMBA <strong>pas\u00f3 de 25,20 pesos a 35 pesos,<\/strong> seg\u00fan inform\u00f3 el Ministerio de Transporte.<\/p>\n<p>Para el resto de los tramos, entre 3 y 6 km la tarifa ser\u00e1 de <strong>39 pesos<\/strong>, entre 6 y 12 km de <strong>42 pesos<\/strong>, entre 12 y 27km de <strong>45 pesos<\/strong> y m\u00e1s de 27 km de recorrido ser\u00e1 de <strong>48 pesos<\/strong>.<\/p>\n<p>A la vez,<strong>\u00a0<\/strong>seguir\u00e1 vigente el<strong> programa Red Sube en el AMBA, <\/strong>que es acumulable a la tarifa social, y abarca cinco combinaciones de transporte p\u00fablico, sea trenes, colectivos y subte, dentro de dos horas de viaje, y que aplica un descuento del 50 por ciento de la tarifa al momento del segundo viaje, y 75 por ciento menos del valor de la tarifa a partir del tercer viaje.<\/p>\n<p>Para los servicios ferroviarios del AMBA, <strong>el pasaje m\u00ednimo de tren pasar\u00e1 de 17,25 pesos a 22 pesos en las l\u00edneas Mitre, Sarmiento y San Mart\u00edn; en la l\u00ednea Urquiza, de 11,25 pesos a 17 pesos; en las l\u00edneas Roca y Belgrano Sur, de 10,75 pesos a 17 pesos, y en la l\u00ednea Belgrano Norte, de 9,50 pesos a 17 pesos<\/strong>.<\/p>\n<p><strong>C\u00f3mo siguen los incrementos: <\/strong>Los valores tarifarios<strong> se ajustar\u00e1n mensualmente<\/strong><strong> a partir de marzo de 2023 y hasta diciembre de 2023<\/strong>, sobre la base del \u00cdndice de Precios al Consumidor Nivel General de la Regi\u00f3n Gran Buenos Aires, relevado por el Instituto Nacional de Estad\u00edsticas y Censo (INDEC).<\/p>\n<p><strong>El Ministerio de Transporte mantendr\u00e1 la tarifa social que representa un descuento del 55 por ciento en cada boleto<\/strong><strong>\u00a0<\/strong>en el transporte p\u00fablico, para los grupos designados con atribuciones sociales a trav\u00e9s de la tarjeta SUBE.<\/p>\n<p>El beneficio rige para Jubilados y pensionados; estudiantes del programa Progresar, personal de trabajo dom\u00e9stico; veteranos de la Guerra de Malvinas, beneficiarios de la Asignaci\u00f3n Universal por Hijo, Asignaci\u00f3n por Embarazo, Programa de J\u00f3venes con M\u00e1s y Mejor trabajo, Seguro por desempleo, Seguro de Capacitaci\u00f3n y Empleo, Programa Promover Igualdad de Oportunidades, Programa Nacional de Inclusi\u00f3n Socioproductiva y Desarrollo Local \u201cPotenciar Trabajo\u201d (las cuales tambi\u00e9n se incorporan en la totalidad de localidades del sistema SUBE), Pensiones No Contributivas; Monotributistas Sociales inscriptos en el Registro Nacional de Efectores de Desarrollo Local y Econom\u00eda Social (Redles).<\/p>\n<p>Ya registraron su tarjeta SUBE un total de 4.773.000 de personas que, al momento de utilizar el transporte p\u00fablico, obtienen acceso a los descuentos en la tarifa. <strong>(VW)<\/strong><\/p>\n","protected":false},"excerpt":{"rendered":"<p>Ya rigen los aumentos del 40%. Se mantienen las tarifas sociales para los m\u00e1s vulnerables. Los pr\u00f3ximos incrementos ser\u00e1n desde marzo a diciembre.<\/p>\n","protected":false},"author":4,"featured_media":8815,"comment_status":"closed","ping_status":"closed","sticky":false,"template":"","format":"standard","meta":{"_monsterinsights_skip_tracking":false,"_monsterinsights_sitenote_active":false,"_monsterinsights_sitenote_note":"","_monsterinsights_sitenote_category":0,"footnotes":""},"categories":[6,5],"tags":[3714,3715,1817,564,1673],"class_list":["post-8932","post","type-post","status-publish","format-standard","has-post-thumbnail","hentry","category-economia","category-sociedad","tag-aumentos-del-40","tag-enero-2023","tag-sube","tag-tarifas","tag-transporte-publico"],"_links":{"self":[{"href":"https:\/\/www.visionweb.com.ar\/index.php?rest_route=\/wp\/v2\/posts\/8932","targetHints":{"allow":["GET"]}}],"collection":[{"href":"https:\/\/www.visionweb.com.ar\/index.php?rest_route=\/wp\/v2\/posts"}],"about":[{"href":"https:\/\/www.visionweb.com.ar\/index.php?rest_route=\/wp\/v2\/types\/post"}],"author":[{"embeddable":true,"href":"https:\/\/www.visionweb.com.ar\/index.php?rest_route=\/wp\/v2\/users\/4"}],"replies":[{"embeddable":true,"href":"https:\/\/www.visionweb.com.ar\/index.php?rest_route=%2Fwp%2Fv2%2Fcomments&post=8932"}],"version-history":[{"count":2,"href":"https:\/\/www.visionweb.com.ar\/index.php?rest_route=\/wp\/v2\/posts\/8932\/revisions"}],"predecessor-version":[{"id":8934,"href":"https:\/\/www.visionweb.com.ar\/index.php?rest_route=\/wp\/v2\/posts\/8932\/revisions\/8934"}],"wp:featuredmedia":[{"embeddable":true,"href":"https:\/\/www.visionweb.com.ar\/index.php?rest_route=\/wp\/v2\/media\/8815"}],"wp:attachment":[{"href":"https:\/\/www.visionweb.com.ar\/index.php?rest_route=%2Fwp%2Fv2%2Fmedia&parent=8932"}],"wp:term":[{"taxonomy":"category","embeddable":true,"href":"https:\/\/www.visionweb.com.ar\/index.php?rest_route=%2Fwp%2Fv2%2Fcategories&post=8932"},{"taxonomy":"post_tag","embeddable":true,"href":"https:\/\/www.visionweb.com.ar\/index.php?rest_route=%2Fwp%2Fv2%2Ftags&post=8932"}],"curies":[{"name":"wp","href":"https:\/\/api.w.org\/{rel}","templated":true}]}}