{"id":8929,"date":"2023-01-02T11:53:30","date_gmt":"2023-01-02T14:53:30","guid":{"rendered":"https:\/\/www.visionweb.com.ar\/?p=8929"},"modified":"2023-01-02T11:53:30","modified_gmt":"2023-01-02T14:53:30","slug":"la-provincia-relanza-el-programa-malvinas","status":"publish","type":"post","link":"https:\/\/www.visionweb.com.ar\/?p=8929","title":{"rendered":"La Provincia relanza el Programa Malvinas"},"content":{"rendered":"<p><strong><em>Adem\u00e1s, se suscribi\u00f3 un convenio\u00a0entre el Ministerio de Salud y Provincia Seguros SA para que los pacientes externados\u00a0del \u00e1mbito p\u00fablico puedan acceder a un seguro de cauci\u00f3n de hasta $20 millones.<\/em><\/strong><!--more--><\/p>\n<div id=\"attachment_8930\" style=\"width: 310px\" class=\"wp-caption alignright\"><img loading=\"lazy\" decoding=\"async\" aria-describedby=\"caption-attachment-8930\" class=\"wp-image-8930 size-medium\" src=\"https:\/\/www.visionweb.com.ar\/wp-content\/uploads\/2023\/01\/EX-COMBATIENTES-300x214.png\" alt=\"\" width=\"300\" height=\"214\" srcset=\"https:\/\/www.visionweb.com.ar\/wp-content\/uploads\/2023\/01\/EX-COMBATIENTES-300x214.png 300w, https:\/\/www.visionweb.com.ar\/wp-content\/uploads\/2023\/01\/EX-COMBATIENTES.png 640w\" sizes=\"auto, (max-width: 300px) 100vw, 300px\" \/><p id=\"caption-attachment-8930\" class=\"wp-caption-text\"><em><strong>El gobernador Kicillof junto a ex combatientes, familiares, y funcionarios que forma parte del Programa (Prensa Gobernaci\u00f3n)<\/strong><\/em><\/p><\/div>\n<p><strong>\u00a0 \u00a0 \u00a0 \u00a0 C<\/strong>on el objetivo de fortalecer el acompa\u00f1amiento y la atenci\u00f3n de los padecimientos de salud mental que puedan sufrir los veteranos de Malvinas y sus familias, el gobierno bonaerense relanz\u00f3 el Programa Malvinas, casi al cierre de 2022.<\/p>\n<p>El anuncio estuvo a cargo del titular del ejecutivo bonaerense, Axel Kicillof, en aun acto que se concret\u00f3 en el Sal\u00f3n Dorado de la Casa de Gobierno, en La Plata.<\/p>\n<p>El Programa reconoce el derecho que tienen los veteranos y sus familias para acceder a una respuesta por parte del Estado frente a sus padecimientos.<\/p>\n<p>\u201cEstamos terminando el a\u00f1o en el que se cumplieron 40 a\u00f1os de Malvinas con una iniciativa que implica un verdadero acto de justicia, vinculado a una de las problem\u00e1ticas m\u00e1s graves que afectaron a los veteranos\u201d, sostuvo el mandatario provincial.<\/p>\n<p>En ese sentido Kicillof record\u00f3 que en el marco de una jerarquizaci\u00f3n de la atenci\u00f3n de la salud mental en la provincia: \u00abEstamos relanzando un programa, luego de haberlo pensado junto a sus destinatarios, con el compromiso de trabajar para garantizar que se cumplan sus objetivos\u201d, agreg\u00f3.<\/p>\n<p>Del relanzamiento del programa participaron el\u00a0 ministro de Salud, Nicol\u00e1s Kreplak; la subsecretaria de Salud Mental, Consumos Problem\u00e1ticos y Violencias, Julieta Calmels.<\/p>\n<p>Por parte de los veteranos de guerra asistieron el presidente de la Federaci\u00f3n de Combatientes de Malvinas de la Rep\u00fablica Argentina, Ram\u00f3n Robles y, el secretario de Salud de la Federaci\u00f3n de la Provincia y excombatiente, Horacio Szerman.<\/p>\n<p>Con esta iniciativa, todos los efectores de salud provinciales deber\u00e1n proporcionar la medicaci\u00f3n correspondiente para sus tratamientos y la formaci\u00f3n a los equipos especializados.<\/p>\n<p>Adem\u00e1s, por primera vez se reconocer\u00e1 la atenci\u00f3n dentro de la estructura de salud mediante la creaci\u00f3n de cuatro unidades hospitalarias de consulta en los hospitales Jos\u00e9 Penna de Bah\u00eda Blanca, Oscar Alende de Mar del Plata, Isidoro Iriarte de Quilmes y Ram\u00f3n Carrillo de Ciudadela.<\/p>\n<p>Por su parte, Kreplak se\u00f1al\u00f3: \u201cEste es el resultado de un trabajo conjunto entre el Gobierno y los veteranos, en el que se los escuch\u00f3 y dise\u00f1amos juntos un programa que pueda garantizar el acompa\u00f1amiento integral en materia de Salud en espacios en los que se sientan parte\u201d\u00bb.<\/p>\n<p>En ese sentido, el jefe de la cartera de Salud de la Provincia record\u00f3 que se cuenta con cuatro hospitales cabeceras y: \u00abDuplicamos la cantidad de trabajadores que forman parte de estos programas para seguir saldando una deuda que nuestra democracia tiene con los veteranos de Malvinas\u201d, a\u00f1adi\u00f3.<\/p>\n<p>Las unidades depender\u00e1n funcionalmente de la Direcci\u00f3n Provincial de Salud Mental y Consumos Problem\u00e1ticos y, administrativamente, de la Direcci\u00f3n de los hospitales donde fueron creadas.<\/p>\n<p>Asimismo, se incorporar\u00e1n un coordinador general y dos nuevos profesionales al \u00e1rea, alcanzando a los 15, a quienes se les brindar\u00e1 formaci\u00f3n y capacitaci\u00f3n permanente a trav\u00e9s de talleres, cursos y grupos de reflexi\u00f3n promovidos por la Escuela de Gobierno en Salud Floreal Ferrara.<\/p>\n<p>En tanto, Robles destac\u00f3 que \u201cson muchos los veteranos de Malvinas y familiares de combatientes que deben atenderse en materia de salud mental, por eso hoy celebramos que empecemos a estar incorporados dentro de la grilla del Ministerio de Salud de la Provincia\u201d.<\/p>\n<p>Adem\u00e1s, durante la jornada se suscribi\u00f3 un convenio de cooperaci\u00f3n entre el Ministerio de Salud y Provincia Seguros SA para que los pacientes externados de los servicios de salud mental del \u00e1mbito p\u00fablico puedan acceder a un seguro de cauci\u00f3n de hasta $20 millones y facilitar la garant\u00eda para el alquiler de viviendas.<\/p>\n<p>Estuvieron presentes el presidente de Provincia Seguros, Sergio Patr\u00f3n Costas Uriburu; y el gerente general, Hern\u00e1n Quintana<strong>(VW)<\/strong>.<\/p>\n<p>&nbsp;<\/p>\n","protected":false},"excerpt":{"rendered":"<p>Adem\u00e1s, se suscribi\u00f3 un convenio\u00a0entre el Ministerio de Salud y Provincia Seguros SA para que los pacientes externados\u00a0del \u00e1mbito p\u00fablico puedan acceder a un seguro de cauci\u00f3n de hasta $20 millones.<\/p>\n","protected":false},"author":3,"featured_media":8930,"comment_status":"closed","ping_status":"closed","sticky":false,"template":"","format":"standard","meta":{"_monsterinsights_skip_tracking":false,"_monsterinsights_sitenote_active":false,"_monsterinsights_sitenote_note":"","_monsterinsights_sitenote_category":0,"footnotes":""},"categories":[1],"tags":[3713,167,2015,2146],"class_list":["post-8929","post","type-post","status-publish","format-standard","has-post-thumbnail","hentry","category-uncategorized","tag-ex-combatienes","tag-kicillof","tag-malvinas","tag-salud-mental"],"_links":{"self":[{"href":"https:\/\/www.visionweb.com.ar\/index.php?rest_route=\/wp\/v2\/posts\/8929","targetHints":{"allow":["GET"]}}],"collection":[{"href":"https:\/\/www.visionweb.com.ar\/index.php?rest_route=\/wp\/v2\/posts"}],"about":[{"href":"https:\/\/www.visionweb.com.ar\/index.php?rest_route=\/wp\/v2\/types\/post"}],"author":[{"embeddable":true,"href":"https:\/\/www.visionweb.com.ar\/index.php?rest_route=\/wp\/v2\/users\/3"}],"replies":[{"embeddable":true,"href":"https:\/\/www.visionweb.com.ar\/index.php?rest_route=%2Fwp%2Fv2%2Fcomments&post=8929"}],"version-history":[{"count":1,"href":"https:\/\/www.visionweb.com.ar\/index.php?rest_route=\/wp\/v2\/posts\/8929\/revisions"}],"predecessor-version":[{"id":8931,"href":"https:\/\/www.visionweb.com.ar\/index.php?rest_route=\/wp\/v2\/posts\/8929\/revisions\/8931"}],"wp:featuredmedia":[{"embeddable":true,"href":"https:\/\/www.visionweb.com.ar\/index.php?rest_route=\/wp\/v2\/media\/8930"}],"wp:attachment":[{"href":"https:\/\/www.visionweb.com.ar\/index.php?rest_route=%2Fwp%2Fv2%2Fmedia&parent=8929"}],"wp:term":[{"taxonomy":"category","embeddable":true,"href":"https:\/\/www.visionweb.com.ar\/index.php?rest_route=%2Fwp%2Fv2%2Fcategories&post=8929"},{"taxonomy":"post_tag","embeddable":true,"href":"https:\/\/www.visionweb.com.ar\/index.php?rest_route=%2Fwp%2Fv2%2Ftags&post=8929"}],"curies":[{"name":"wp","href":"https:\/\/api.w.org\/{rel}","templated":true}]}}