{"id":8926,"date":"2023-01-02T11:00:50","date_gmt":"2023-01-02T14:00:50","guid":{"rendered":"https:\/\/www.visionweb.com.ar\/?p=8926"},"modified":"2023-01-02T11:02:23","modified_gmt":"2023-01-02T14:02:23","slug":"el-gobierno-extendio-la-emergencia-sanitaria-por-un-ano","status":"publish","type":"post","link":"https:\/\/www.visionweb.com.ar\/?p=8926","title":{"rendered":"El gobierno extendi\u00f3 la emergencia sanitaria por un a\u00f1o"},"content":{"rendered":"<p><em><strong>Adem\u00e1s, el Ministerio de Salud mantiene la autorizaci\u00f3n para contratar personal de salud jubilado; de profesionales titulados en el extranjero, cuyo t\u00edtulo no est\u00e9 revalidado en el pa\u00eds.<\/strong><\/em><!--more--><\/p>\n<div id=\"attachment_697\" style=\"width: 310px\" class=\"wp-caption alignright\"><img loading=\"lazy\" decoding=\"async\" aria-describedby=\"caption-attachment-697\" class=\"wp-image-697 size-medium\" src=\"https:\/\/www.visionweb.com.ar\/wp-content\/uploads\/2021\/01\/VACUNAS-COVID-19-300x198.png\" alt=\"\" width=\"300\" height=\"198\" srcset=\"https:\/\/www.visionweb.com.ar\/wp-content\/uploads\/2021\/01\/VACUNAS-COVID-19-300x198.png 300w, https:\/\/www.visionweb.com.ar\/wp-content\/uploads\/2021\/01\/VACUNAS-COVID-19.png 762w\" sizes=\"auto, (max-width: 300px) 100vw, 300px\" \/><p id=\"caption-attachment-697\" class=\"wp-caption-text\">La emergencia sanitaria nacional se prorrog\u00f3 hasta fines de 2023, con la publicaci\u00f3n en el BO de la Resoluci\u00f3n 863\/22 (Arwchivo)<\/p><\/div>\n<p>Con la publicaci\u00f3n del decreto 863\/2022 en el Bolet\u00edn Oficial, el s\u00e1bado\u00faltimo, el Gobierno nacional prorrog\u00f3 hasta el pr\u00f3ximo 31 de diciembre de 2023 la emergencia p\u00fablica en materia sanitaria establecida en la Ley 27.541.<\/p>\n<p>Adem\u00e1s , extendi\u00f3 por el Decreto 260\/2020, establece, entre otros puntos \u00abefectuar la adquisici\u00f3n directa de bienes, servicios o equipamiento que sean necesarios para atender la emergencia, en base a evidencia cient\u00edfica y an\u00e1lisis de informaci\u00f3n estrat\u00e9gica de salud, sin sujeci\u00f3n al r\u00e9gimen de contrataciones de la administraci\u00f3n nacional\u00bb, se indic\u00f3 desde la cartera de Salud el s\u00e1bado \u00faltimo.<\/p>\n<p>Adem\u00e1s, faculta a las autoridades a contratar a ex funcionarios o personal jubilado o retirado, exceptu\u00e1ndolos de forma temporal del r\u00e9gimen de incompatibilidades vigentes para la administraci\u00f3n p\u00fablica nacional .<\/p>\n<p>En ese marco, y como autoridad de aplicaci\u00f3n, el Ministerio de Salud decidi\u00f3 mejorar y ampliar la capacidad de atenci\u00f3n de todo el sistema sanitario, recurriendo a la extensi\u00f3n de la contrataci\u00f3n de personal de salud jubilado o retirado.<\/p>\n<p>Asimismo, puede establecer reg\u00edmenes especiales de matriculaci\u00f3n y\/o certificaci\u00f3n en forma excepcional y temporaria; y a la contrataci\u00f3n de profesionales y t\u00e9cnicos de salud titulados en el extranjero, cuyo t\u00edtulo no est\u00e9 revalidado o habilitado en la Rep\u00fablica Argentina.<\/p>\n<p>La medida tiene como objetivo sumar el aporte de profesionales y t\u00e9cnicos de todas las disciplinas en los distintos subsistemas de salud para fortalecer, dar robustez, y poder brindar la atenci\u00f3n esencial y necesaria a la poblaci\u00f3n.<\/p>\n<p>El impacto de la pandemia por COVID-19 en el sistema sanitario genero una demanda acumulada de seguimiento, tratamientos, pruebas diagn\u00f3sticas y atenci\u00f3n especializada que debe ser adecuadamente atendida en todo el pa\u00eds.<\/p>\n<h3 style=\"text-align: center;\"><span style=\"color: #0000ff;\"><em><strong>Se mantienen\u00a0 los reg\u00edmenes especiales de matriculaci\u00f3n en forma excepcional y temporaria.<\/strong><\/em><\/span><\/h3>\n<p>Durante los dos a\u00f1os de pandemia se registraron demoras e interrupciones en la continuidad de la atenci\u00f3n en salud en todos los niveles a nivel mundial.<\/p>\n<p>En Argentina, baj\u00f3 casi el 50% la atenci\u00f3n de pacientes ambulatorios y alrededor del 60% cancelaron sus pr\u00e1cticas m\u00e9dicas y diagn\u00f3sticas. A eso hay que sumar la tasa de abandono de los tratamientos de personas con diabetes, que se redujo en un porcentaje cercano al 35%.<\/p>\n<p>Tambi\u00e9n el impacto se sinti\u00f3 en la salud mental de la poblaci\u00f3n, con el aumento de cuadros de ansiedad, afectaci\u00f3n del estado del \u00e1nimo, incremento de problem\u00e1ticas complejas como el suicidio y el consumo problem\u00e1tico de tabaco, alcohol, y otras sustancias psicoactivas y el mal uso y abuso de las tecnolog\u00edas.<\/p>\n<p>Las consecuencias que produjo la pandemia obligan a adoptar medidas r\u00e1pidas, eficaces y urgentes; adem\u00e1s de continuar desarrollando una estrategia sanitaria consensuada para profundizar la integraci\u00f3n de los subsistemas de salud con foco en la equidad, la eliminaci\u00f3n de barreras en el acceso y el aumento de la calidad en los servicios de salud.<\/p>\n<p>Este cambio en el modelo de atenci\u00f3n, gesti\u00f3n y financiamiento requiere un esfuerzo adicional para desarrollar y fortalecer redes integradas de servicios, con especial \u00e9nfasis en la prevenci\u00f3n y promoci\u00f3n de la salud de la poblaci\u00f3n, la estrategia nacional de salud digital, el desarrollo de sistemas de informaci\u00f3n adecuados y la incorporaci\u00f3n de nuevas tecnolog\u00edas.<\/p>\n<p>En todos estos casos se requiere de recursos humanos calificados y suficientes para su implementaci\u00f3n.<\/p>\n<p>Por eso, y a trav\u00e9s del decreto 863\/2022, el Ministerio de Salud extendi\u00f3 el r\u00e9gimen de matriculaci\u00f3n provisorio para aquellas personas que no cuenten a\u00fan con su tr\u00e1mite de t\u00edtulo finalizado o no poseen revalida su certificaci\u00f3n de pregrado, grado o posgrado en ciencias de la salud, previa intervenci\u00f3n de la cartera sanitaria y con certificaci\u00f3n de competencias a cargo de los establecimientos asistenciales que los requieran.<\/p>\n<p>A su vez, tambi\u00e9n dispone la contrataci\u00f3n de personal de salud jubilado o retirado, exceptu\u00e1ndolo temporariamente del r\u00e9gimen de incompatibilidades vigentes para la Administraci\u00f3n P\u00fablica Nacional. Adem\u00e1s, se permite en forma excepcional y temporaria, la contrataci\u00f3n y el ejercicio de profesionales y t\u00e9cnicos de salud titulados en el extranjero, cuyo t\u00edtulo no est\u00e9 revalidado o habilitado en la Rep\u00fablica Argentina.<\/p>\n<p>Por \u00faltimo, el Ministerio de Salud autoriza la instalaci\u00f3n y funcionamiento de hospitales de campa\u00f1a o modulares que no cuenten a\u00fan con los requisitos y autorizaciones administrativas previas, teniendo en cuenta la diversidad sanitaria, geogr\u00e1fica, socioecon\u00f3mica y demogr\u00e1fica de nuestro pa\u00eds, que requiere un abordaje distintivo que contemple las diferentes realidades y permita continuar fortaleciendo la infraestructura sanitaria en los diferentes puntos de Argentina<strong>(VW)<\/strong>.<\/p>\n<p>&nbsp;<\/p>\n","protected":false},"excerpt":{"rendered":"<p>Adem\u00e1s, el Ministerio de Salud mantiene la autorizaci\u00f3n para contratar personal de salud jubilado; de profesionales titulados en el extranjero, cuyo t\u00edtulo no est\u00e9 revalidado en el pa\u00eds.<\/p>\n","protected":false},"author":3,"featured_media":697,"comment_status":"closed","ping_status":"closed","sticky":false,"template":"","format":"standard","meta":{"_monsterinsights_skip_tracking":false,"_monsterinsights_sitenote_active":false,"_monsterinsights_sitenote_note":"","_monsterinsights_sitenote_category":0,"footnotes":""},"categories":[3,8],"tags":[35,3712,203],"class_list":["post-8926","post","type-post","status-publish","format-standard","has-post-thumbnail","hentry","category-actualidad","category-interes-general","tag-covid-19","tag-emergencia-sanitaria","tag-prorroga"],"_links":{"self":[{"href":"https:\/\/www.visionweb.com.ar\/index.php?rest_route=\/wp\/v2\/posts\/8926","targetHints":{"allow":["GET"]}}],"collection":[{"href":"https:\/\/www.visionweb.com.ar\/index.php?rest_route=\/wp\/v2\/posts"}],"about":[{"href":"https:\/\/www.visionweb.com.ar\/index.php?rest_route=\/wp\/v2\/types\/post"}],"author":[{"embeddable":true,"href":"https:\/\/www.visionweb.com.ar\/index.php?rest_route=\/wp\/v2\/users\/3"}],"replies":[{"embeddable":true,"href":"https:\/\/www.visionweb.com.ar\/index.php?rest_route=%2Fwp%2Fv2%2Fcomments&post=8926"}],"version-history":[{"count":2,"href":"https:\/\/www.visionweb.com.ar\/index.php?rest_route=\/wp\/v2\/posts\/8926\/revisions"}],"predecessor-version":[{"id":8928,"href":"https:\/\/www.visionweb.com.ar\/index.php?rest_route=\/wp\/v2\/posts\/8926\/revisions\/8928"}],"wp:featuredmedia":[{"embeddable":true,"href":"https:\/\/www.visionweb.com.ar\/index.php?rest_route=\/wp\/v2\/media\/697"}],"wp:attachment":[{"href":"https:\/\/www.visionweb.com.ar\/index.php?rest_route=%2Fwp%2Fv2%2Fmedia&parent=8926"}],"wp:term":[{"taxonomy":"category","embeddable":true,"href":"https:\/\/www.visionweb.com.ar\/index.php?rest_route=%2Fwp%2Fv2%2Fcategories&post=8926"},{"taxonomy":"post_tag","embeddable":true,"href":"https:\/\/www.visionweb.com.ar\/index.php?rest_route=%2Fwp%2Fv2%2Ftags&post=8926"}],"curies":[{"name":"wp","href":"https:\/\/api.w.org\/{rel}","templated":true}]}}