{"id":8919,"date":"2022-12-30T12:47:35","date_gmt":"2022-12-30T15:47:35","guid":{"rendered":"https:\/\/www.visionweb.com.ar\/?p=8919"},"modified":"2022-12-30T12:47:35","modified_gmt":"2022-12-30T15:47:35","slug":"libres-del-sur-reclamo-alimentos-frente-a-supermercados","status":"publish","type":"post","link":"https:\/\/www.visionweb.com.ar\/?p=8919","title":{"rendered":"Libres del Sur reclam\u00f3 alimentos frente a supermercados"},"content":{"rendered":"<p><em><strong>Se reunieron ayer en varios puntos del conurbano en reclamo de alimentos para vivir \u201cunas fiestas sin hambre\u201d.<\/strong><\/em><!--more--><\/p>\n<div id=\"attachment_8923\" style=\"width: 310px\" class=\"wp-caption alignright\"><img loading=\"lazy\" decoding=\"async\" aria-describedby=\"caption-attachment-8923\" class=\"wp-image-8923 size-medium\" src=\"https:\/\/www.visionweb.com.ar\/wp-content\/uploads\/2022\/12\/libres-del-sur-300x293.jpg\" alt=\"\" width=\"300\" height=\"293\" srcset=\"https:\/\/www.visionweb.com.ar\/wp-content\/uploads\/2022\/12\/libres-del-sur-300x293.jpg 300w, https:\/\/www.visionweb.com.ar\/wp-content\/uploads\/2022\/12\/libres-del-sur.bmp 465w\" sizes=\"auto, (max-width: 300px) 100vw, 300px\" \/><p id=\"caption-attachment-8923\" class=\"wp-caption-text\">As\u00ed convocaba la organizaci\u00f3n para reclamar. Redes Libres del Sur<\/p><\/div>\n<p><strong>\u00a0 \u00a0L<\/strong>a organizaci\u00f3n social y pol\u00edtica <strong>Libres del Sur<\/strong> se moviliz\u00f3 ayer jueves a distintos hipermercados de la Ciudad de Buenos Aires y del conurbano bonaerense, para pedir bolsones de alimentos para las fiestas de fin de a\u00f1o, informaron voceros del sector.<\/p>\n<p>El movimiento convoc\u00f3 para las 11 de la ma\u00f1ana del jueves 29, a concentraciones en distintos puntos de la ciudad. Los supermercados a los que fueron son: en<strong>\u00a0<\/strong><strong>La Plata<\/strong><strong>: Vital y Nini de 520 y 25 y Carrefour de 7 y 48, en Almirante Brown: Carrefour Av. Hip\u00f3lito Yrigoyen 13.500, en Tres de Febrero: Maxiconsumo Av. Marquez y Churruca. En tanto que tambi\u00e9n llamaron a marchar a San Miguel: Maxicomsumo Av. Dr. Ricardo Balb\u00edn 2700 y a CABA: Carrefour de Rivadavia y Bernardo de Irigoyen.<\/strong><\/p>\n<p>Adem\u00e1s, resolvieron desplegar sus militantes y banderas en los municipios de Mor\u00f3n, Merlo, San Fernando, Lomas de Zamora y Quilmes.<\/p>\n<p>En Adrogu\u00e9, desde la ma\u00f1ana<strong>\u00a0<\/strong><strong>bloquearon el tr\u00e1nsito sobre la avenida Hip\u00f3lito Yrigoyen al 13.500, frente al supermercado, e incluso ingresaron a la superficie de compras<\/strong><strong>\u00a0<\/strong>para reclamar alimentos, aunque a pesar del bullicio y la tensi\u00f3n, no se produjeron incidentes.<\/p>\n<p>Silvia Saravia, coordinadora nacional territorial de Libres del Sur, expres\u00f3 que\u00a0<strong>\u201cante las dificultades y faltantes en las entregas de alimentos por parte de Desarrollo Social, recurrimos a supermercados y a municipios para paliar una situaci\u00f3n muy angustiante.\u201d<\/strong><\/p>\n<p>\u00abProtestamos frente a supermercados y municipios planteando la necesidad de que nos asistan con alimentos porque el contexto es muy complejo e impacta en las familias\u00bb, expres\u00f3 en declaraciones a T\u00e9lam.<\/p>\n<p>Asimismo, al finalizar las medidas de protesta, Saravia opin\u00f3 que se trat\u00f3 de \u00abuna jornada pac\u00edfica\u00bb llevada a cabo\u00a0<strong>en distintos puntos de la Ciudad de Buenos Aires y el Conurbano<\/strong>\u00a0y que mantienen un \u00abbuen di\u00e1logo con los distintos sectores, tanto funcionarios como gerentes de los supermercados\u00bb.<\/p>\n<p>\u00abEn la mayor\u00eda de los casos hemos visto una colaboraci\u00f3n y sensibilizaci\u00f3n sobre la situaci\u00f3n, son pocos los grupos que lo que han dado como respuesta fue bajarnos la persiana\u00bb, consider\u00f3 la referente de Libres del Sur.<\/p>\n<p>Mientras que manifestantes de la organizaci\u00f3n Unidad Piquetera (UP), tambi\u00e9n hicieron lo propio, ya que se movilizaron desde las 11 a la sede del supermercado Carrefour, ubicado en la avenida Rivadavia y Bernardo de Irigoyen, en el centro porte\u00f1o. <strong>(VW)<\/strong><\/p>\n<p>&nbsp;<\/p>\n","protected":false},"excerpt":{"rendered":"<p>Se reunieron ayer en varios puntos del conurbano en reclamo de alimentos para vivir \u201cunas fiestas sin hambre\u201d.<\/p>\n","protected":false},"author":4,"featured_media":8923,"comment_status":"closed","ping_status":"closed","sticky":false,"template":"","format":"standard","meta":{"_monsterinsights_skip_tracking":false,"_monsterinsights_sitenote_active":false,"_monsterinsights_sitenote_note":"","_monsterinsights_sitenote_category":0,"footnotes":""},"categories":[4,5],"tags":[3710,2271,3711],"class_list":["post-8919","post","type-post","status-publish","format-standard","has-post-thumbnail","hentry","category-politica","category-sociedad","tag-libres-del-sur","tag-organizaciones-sociales","tag-reclamos-frente-a-supermefcados"],"_links":{"self":[{"href":"https:\/\/www.visionweb.com.ar\/index.php?rest_route=\/wp\/v2\/posts\/8919","targetHints":{"allow":["GET"]}}],"collection":[{"href":"https:\/\/www.visionweb.com.ar\/index.php?rest_route=\/wp\/v2\/posts"}],"about":[{"href":"https:\/\/www.visionweb.com.ar\/index.php?rest_route=\/wp\/v2\/types\/post"}],"author":[{"embeddable":true,"href":"https:\/\/www.visionweb.com.ar\/index.php?rest_route=\/wp\/v2\/users\/4"}],"replies":[{"embeddable":true,"href":"https:\/\/www.visionweb.com.ar\/index.php?rest_route=%2Fwp%2Fv2%2Fcomments&post=8919"}],"version-history":[{"count":2,"href":"https:\/\/www.visionweb.com.ar\/index.php?rest_route=\/wp\/v2\/posts\/8919\/revisions"}],"predecessor-version":[{"id":8925,"href":"https:\/\/www.visionweb.com.ar\/index.php?rest_route=\/wp\/v2\/posts\/8919\/revisions\/8925"}],"wp:featuredmedia":[{"embeddable":true,"href":"https:\/\/www.visionweb.com.ar\/index.php?rest_route=\/wp\/v2\/media\/8923"}],"wp:attachment":[{"href":"https:\/\/www.visionweb.com.ar\/index.php?rest_route=%2Fwp%2Fv2%2Fmedia&parent=8919"}],"wp:term":[{"taxonomy":"category","embeddable":true,"href":"https:\/\/www.visionweb.com.ar\/index.php?rest_route=%2Fwp%2Fv2%2Fcategories&post=8919"},{"taxonomy":"post_tag","embeddable":true,"href":"https:\/\/www.visionweb.com.ar\/index.php?rest_route=%2Fwp%2Fv2%2Ftags&post=8919"}],"curies":[{"name":"wp","href":"https:\/\/api.w.org\/{rel}","templated":true}]}}