{"id":8918,"date":"2022-12-30T12:40:49","date_gmt":"2022-12-30T15:40:49","guid":{"rendered":"https:\/\/www.visionweb.com.ar\/?p=8918"},"modified":"2022-12-30T12:46:47","modified_gmt":"2022-12-30T15:46:47","slug":"diputados-los-temas-que-quedaron-este-ano-sin-tratamiento-2","status":"publish","type":"post","link":"https:\/\/www.visionweb.com.ar\/?p=8918","title":{"rendered":"Diputados: Los temas que quedaron este a\u00f1o sin tratamiento"},"content":{"rendered":"<p><strong><em>Se rompi\u00f3 el di\u00e1logo y no se pudo retomar la agenda inmediata. Habr\u00e1 que esperar que el presidente Alberto Fern\u00e1ndez convoqu\u00e9 a sesiones extraordinarias antes de marzo.<\/em><\/strong><!--more--><\/p>\n<div id=\"attachment_8910\" style=\"width: 310px\" class=\"wp-caption alignleft\"><img loading=\"lazy\" decoding=\"async\" aria-describedby=\"caption-attachment-8910\" class=\"wp-image-8910 size-medium\" src=\"https:\/\/www.visionweb.com.ar\/wp-content\/uploads\/2022\/12\/camara-dip-nacion-300x163.jpg\" alt=\"\" width=\"300\" height=\"163\" srcset=\"https:\/\/www.visionweb.com.ar\/wp-content\/uploads\/2022\/12\/camara-dip-nacion-300x163.jpg 300w, https:\/\/www.visionweb.com.ar\/wp-content\/uploads\/2022\/12\/camara-dip-nacion.bmp 660w\" sizes=\"auto, (max-width: 300px) 100vw, 300px\" \/><p id=\"caption-attachment-8910\" class=\"wp-caption-text\"><em><strong>Por el fracaso de la \u00faltima sesi\u00f3n quedaron pendiente de tratamientos varios proyectos de ley vitales para el pa\u00eds.<\/strong><\/em><\/p><\/div>\n<p><strong>\u00a0 \u00a0 \u00a0 \u00a0L<\/strong>a C\u00e1mara de Diputados entr\u00f3 esta semana en un receso anticipado debido a las discrepancias entre el oficialismo y la oposici\u00f3n.<\/p>\n<p>La decisi\u00f3n del cuerpo legislativo fue consecuencia de la falta de quorum por parte de la oposici\u00f3n, situaci\u00f3n que oblig\u00f3 a dejar sin tratamiento y a demorar una lista de proyectos pendientes de aprobaci\u00f3n.<\/p>\n<p>Pese a que muchas de las iniciativas ya contaban con acuerdos entre las bancadas mayoritarias, legisladores de ambos sectores admitieron la falta de condiciones pol\u00edticas siquiera para tratar esas propuestas por lo cual la agenda reci\u00e9n podr\u00eda retomarse en febrero.<\/p>\n<p><span style=\"color: #0000ff;\"><strong>Los proyectos pendientes<\/strong><\/span><\/p>\n<p>Tras la doble sesi\u00f3n del 1 de diciembre en la que la pol\u00e9mica por la designaci\u00f3n de miembros al Consejo de la Magistratura desarticul\u00f3 la din\u00e1mica de la <strong>C\u00e1mara baja<\/strong>, se disolvi\u00f3 cualquier atisbo de convivencia y, los intentos de los sectores dialogiostas para aprobar proyectos pendientes fueron inviables.<\/p>\n<p>En ese contexto, el mi\u00e9rcoles pasado<strong> volvi\u00f3 a fracasar el qu\u00f3rum<\/strong> de la sesi\u00f3n convocada, para aprobar, entre otros, el proyecto de regularizaci\u00f3n de aportes previsionales (que permitir\u00eda que 800.000 personas sin los aportes suficientes puedan jubilarse hasta diciembre de 2023), y la creaci\u00f3n de ocho nuevas universidades nacionales.<\/p>\n<p>El oficialismo en principio\u00a0 contaba con <strong>la ayuda de algunos legisladores del bloque de Evoluci\u00f3n Radical integrantes de Juntos por el Cambio<\/strong> para conseguir los 129 legisladores necesarios para sesionar, pero la inclusi\u00f3n del proyecto de Ley de Alquileres dio la excusa perfecta a los opositores para retacear el qu\u00f3rum a \u00faltimo momento.<\/p>\n<p>Otros proyectos pendientes que quedaron en el tintero son l<strong>a reforma de la ley de lavado de prevenci\u00f3n y persecuci\u00f3n contra el lavado de activos y la financiaci\u00f3n del terrorismo que busca convertir la Unidad de Informaci\u00f3n Financiera (UIF<\/strong>) en un organismo descentralizado de la Administraci\u00f3n P\u00fablica Nacional, bajo jurisdicci\u00f3n del Ministerio de Econom\u00eda, con personer\u00eda jur\u00eddica propia y autarqu\u00eda funcional, administrativa, econ\u00f3mica y financiera.<\/p>\n<p>Otro tema que qued\u00f3 stand by a ra\u00edz de la falta de acuerdos es la <strong>Ley de Humedales, que ya tiene dict\u00e1menes.<\/strong> El despacho oficialista establece el ordenamiento territorial y un inventario de humedales de todo el pa\u00eds.<\/p>\n<p>Regula, adem\u00e1s, la actividad de emprendimientos productivos en ecosistemas h\u00famedos y exige garant\u00edas de preservaci\u00f3n con evaluaciones de impacto ambiental con el prop\u00f3sito de evitar el \u201cecocidio\u201d. Establece un fondo no menor al 0,3% del PBI.<\/p>\n<p>El proyecto de ley de<strong> obstetricia, con un alto nivel de consenso<\/strong>, establece un marco general y ampl\u00eda las incumbencias de los profesionales de la obstetricia, quienes se dedican a asistir a la persona gestante en todo su per\u00edodo f\u00e9rtil durante el embarazo, el parto y el puerperio.<\/p>\n<p>El temario de la sesi\u00f3n levantada el mi\u00e9rcoles pasado tambi\u00e9n inclu\u00eda los proyectos sobre la ley 22.990 de Sangre y de<strong> contenci\u00f3n y acompa\u00f1amiento de las personas que reciben un diagn\u00f3stico de Trisom\u00eda 21\/ S\u00edndrome de Down<\/strong>, para hijo en gestaci\u00f3n o reci\u00e9n nacido, como tambi\u00e9n el programa Federal \u00danico de Informatizaci\u00f3n y digitalizaci\u00f3n de historias cl\u00ednicas.<\/p>\n<p>La ley de <strong>promoci\u00f3n de la Agroindustria y el proyecto de Compre Argentino,<\/strong> ambas impulsadas por el Ministerio de Econom\u00eda, quedaron pendientes, al igual que la creaci\u00f3n del Fondo Nacional para la Cancelaci\u00f3n de la Deuda con el FMI con dinero fugado al exterior, iniciativa que cuenta con media sanci\u00f3n del Senado.<\/p>\n<p>La agenda judicial del oficialismo tambi\u00e9n qued\u00f3 postergada en los \u00faltimos d\u00edas del a\u00f1o.<\/p>\n<p>La reforma del Ministerio P\u00fablico Fiscal perder\u00e1 estado parlamentario ma\u00f1ana 31 de diciembre, mientras que las reformas de la Corte Suprema y del Consejo de la Magistratura, que recibieron media sanci\u00f3n del Senado este a\u00f1o, mantendr\u00e1n vigencia por un a\u00f1o m\u00e1s, aunque las expectativas son pocas. (VW)<\/p>\n<p>AL.RO<\/p>\n","protected":false},"excerpt":{"rendered":"<p>Se rompi\u00f3 el di\u00e1logo y no se pudo retomar la agenda inmediata. Habr\u00e1 que esperar que el presidente Alberto Fern\u00e1ndez convoqu\u00e9 a sesiones extraordinarias antes de marzo.<\/p>\n","protected":false},"author":3,"featured_media":8910,"comment_status":"closed","ping_status":"closed","sticky":false,"template":"","format":"standard","meta":{"_monsterinsights_skip_tracking":false,"_monsterinsights_sitenote_active":false,"_monsterinsights_sitenote_note":"","_monsterinsights_sitenote_category":0,"footnotes":""},"categories":[4],"tags":[143,3709,1380,2039],"class_list":["post-8918","post","type-post","status-publish","format-standard","has-post-thumbnail","hentry","category-politica","tag-diputados","tag-fracaso","tag-quorum","tag-sesion"],"_links":{"self":[{"href":"https:\/\/www.visionweb.com.ar\/index.php?rest_route=\/wp\/v2\/posts\/8918","targetHints":{"allow":["GET"]}}],"collection":[{"href":"https:\/\/www.visionweb.com.ar\/index.php?rest_route=\/wp\/v2\/posts"}],"about":[{"href":"https:\/\/www.visionweb.com.ar\/index.php?rest_route=\/wp\/v2\/types\/post"}],"author":[{"embeddable":true,"href":"https:\/\/www.visionweb.com.ar\/index.php?rest_route=\/wp\/v2\/users\/3"}],"replies":[{"embeddable":true,"href":"https:\/\/www.visionweb.com.ar\/index.php?rest_route=%2Fwp%2Fv2%2Fcomments&post=8918"}],"version-history":[{"count":3,"href":"https:\/\/www.visionweb.com.ar\/index.php?rest_route=\/wp\/v2\/posts\/8918\/revisions"}],"predecessor-version":[{"id":8924,"href":"https:\/\/www.visionweb.com.ar\/index.php?rest_route=\/wp\/v2\/posts\/8918\/revisions\/8924"}],"wp:featuredmedia":[{"embeddable":true,"href":"https:\/\/www.visionweb.com.ar\/index.php?rest_route=\/wp\/v2\/media\/8910"}],"wp:attachment":[{"href":"https:\/\/www.visionweb.com.ar\/index.php?rest_route=%2Fwp%2Fv2%2Fmedia&parent=8918"}],"wp:term":[{"taxonomy":"category","embeddable":true,"href":"https:\/\/www.visionweb.com.ar\/index.php?rest_route=%2Fwp%2Fv2%2Fcategories&post=8918"},{"taxonomy":"post_tag","embeddable":true,"href":"https:\/\/www.visionweb.com.ar\/index.php?rest_route=%2Fwp%2Fv2%2Ftags&post=8918"}],"curies":[{"name":"wp","href":"https:\/\/api.w.org\/{rel}","templated":true}]}}