{"id":8897,"date":"2022-12-29T13:16:30","date_gmt":"2022-12-29T16:16:30","guid":{"rendered":"https:\/\/www.visionweb.com.ar\/?p=8897"},"modified":"2022-12-29T13:25:38","modified_gmt":"2022-12-29T16:25:38","slug":"el-gobierno-bonaerense-presento-los-paradores-recreo","status":"publish","type":"post","link":"https:\/\/www.visionweb.com.ar\/?p=8897","title":{"rendered":"El gobierno bonaerense present\u00f3 los paradores \u00abReCreo\u00bb"},"content":{"rendered":"<p><em><strong>Los paradores ReCreo que permanecer\u00e1n habilitados los pr\u00f3ximos 60 d\u00edas\u00a0 incluyen una amplia agenda cultural con la presentaci\u00f3n de numerosos art\u00edstas.<\/strong><\/em><!--more--><\/p>\n<div id=\"attachment_4115\" style=\"width: 310px\" class=\"wp-caption alignright\"><img loading=\"lazy\" decoding=\"async\" aria-describedby=\"caption-attachment-4115\" class=\"wp-image-4115 size-medium\" src=\"https:\/\/www.visionweb.com.ar\/wp-content\/uploads\/2022\/01\/TURISMO-BONAERENSE-300x198.png\" alt=\"\" width=\"300\" height=\"198\" srcset=\"https:\/\/www.visionweb.com.ar\/wp-content\/uploads\/2022\/01\/TURISMO-BONAERENSE-300x198.png 300w, https:\/\/www.visionweb.com.ar\/wp-content\/uploads\/2022\/01\/TURISMO-BONAERENSE.png 640w\" sizes=\"auto, (max-width: 300px) 100vw, 300px\" \/><p id=\"caption-attachment-4115\" class=\"wp-caption-text\"><strong><em>Las playas de la costa atl\u00e1ntica entre los destinos m\u00e1s elegidos en Buenos Aires (Foto VW)<\/em><\/strong><\/p><\/div>\n<p><strong>\u00a0 \u00a0 \u00a0<\/strong><strong>E<\/strong>l gobierno bonaerense vaticin\u00f3 una temporada tur\u00edstica 2023 \u00abextraordinaria\u00bb, porque millones de personas visitar\u00e1n la provincia de Buenos Aires, al anunciar una nueva edici\u00f3n de los paraderos ReCreo.<\/p>\n<p>\u201cEn este verano millones de personas visitar\u00e1n la provincia de Buenos Aires y recibir\u00e1n nuestra solidaridad, cultura y calidez: vamos a batir r\u00e9cords de descanso y de trabajo\u201d, asegur\u00f3 este mi\u00e9rcoles el gobernador Axel Kicillof.<\/p>\n<p>El titular del ejecutivo provincial,encabez\u00f3 en Mar de Aj\u00f3 el lanzamiento de la temporada y de presentaci\u00f3n de la nueva edici\u00f3n de los Paradores ReCreo.<\/p>\n<p>Kicillof destac\u00f3 que \u201ca partir de la planificaci\u00f3n y el trabajo articulado con los municipios, apuntamos a una temporada r\u00e9cord que ser\u00e1 accesible para todas las familias\u201d<\/p>\n<p>\u201cAs\u00ed como promovemos el derecho a la educaci\u00f3n, la salud y el trabajo, haremos un esfuerzo para que el verano llegue a todos los sectores porque tambi\u00e9n tenemos derecho al descanso y al entretenimiento\u201d, agreg\u00f3.<\/p>\n<p>El Gobernador hizo los anuncios junto a la presidenta del Instituto Cultural, Florencia Saintout; el ministro de Producci\u00f3n, Ciencia e Innovaci\u00f3n Tecnol\u00f3gica, Augusto Costa; y el intendente del partido de La Costa, Cristian Cardozo.<\/p>\n<p>\u201cLa temporada no solamente sirve para que millones puedan descansar,\u00a0 adem\u00e1s es fundamental para la producci\u00f3n y la generaci\u00f3n de empleo: cada persona que elige nuestra Provincia tambi\u00e9n brinda posibilidades de trabajo, bienestar e ingresos\u201d, ampli\u00f3 el mandatario provincial.<\/p>\n<div id=\"attachment_8898\" style=\"width: 310px\" class=\"wp-caption alignleft\"><img loading=\"lazy\" decoding=\"async\" aria-describedby=\"caption-attachment-8898\" class=\"wp-image-8898 size-medium\" src=\"https:\/\/www.visionweb.com.ar\/wp-content\/uploads\/2022\/12\/ESPACIOS-RECREO-300x215.png\" alt=\"\" width=\"300\" height=\"215\" srcset=\"https:\/\/www.visionweb.com.ar\/wp-content\/uploads\/2022\/12\/ESPACIOS-RECREO-300x215.png 300w, https:\/\/www.visionweb.com.ar\/wp-content\/uploads\/2022\/12\/ESPACIOS-RECREO.png 640w\" sizes=\"auto, (max-width: 300px) 100vw, 300px\" \/><p id=\"caption-attachment-8898\" class=\"wp-caption-text\"><em><strong>El gobernador Axel Kicillof anuncia una nueva edici\u00f3n de los paraderos ReCreo en Mar de Aj\u00f3 (Foto; Prensa BS.AS<\/strong><\/em><\/p><\/div>\n<p>Habr\u00e1 cinco paradores ReCreo durante la temporada: en Mar de Aj\u00f3, Monte Hermoso, Villa Gesell y Mar del Plata, que abrir\u00e1n todos los d\u00edas de 10 a 20 horas. Asimismo otro est\u00e1 ubicado en Chascom\u00fas y permanecer\u00e1 abierto de jueves a domingo, de 17 a 23 horas.<\/p>\n<p>Con entrada libre y gratuita, estos espacios, contar\u00e1n con una intensa agenda de entretenimiento que incluir\u00e1 clases de yoga, ritmos latinos, campeonatos deportivos, talleres para ni\u00f1os y ni\u00f1as, espect\u00e1culos infantiles y shows musicales de destacados artistas.<\/p>\n<p>Por su parte, Augusto\u00a0 Costa indic\u00f3 que \u201clos paradores ReCreo son propuestas pensadas por el Gobierno de la Provincia para que los millones de turistas que nos visiten puedan disfrutar de sus vacaciones con actividades culturales, espect\u00e1culos y juegos\u201d.<\/p>\n<p>\u201cEn los paradores habr\u00e1 tambi\u00e9n espacios de promoci\u00f3n de todos los destinos tur\u00edsticos bonaerenses, porque el objetivo es que haya turismo en toda la Provincia durante todo el a\u00f1o\u201d.<\/p>\n<p>Afirm\u00f3, asimismo que: \u201cEstamos convencidos de que ser\u00e1 una temporada extraordinaria, en la que se podr\u00e1 disfrutar en familia y, al mismo tiempo, apuntalar la producci\u00f3n y el trabajo\u201d.<\/p>\n<p>Toda la informaci\u00f3n y la programaci\u00f3n de los paradores se podr\u00e1 observar en la app ReCreo, una plataforma en la que los 135 municipios dan a conocer sus atractivos tur\u00edsticos, culturales y deportivos.<\/p>\n<p><strong>La agenda cultural<\/strong><\/p>\n<p>Por su parte, Saintout present\u00f3 la programaci\u00f3n cultural para toda la Provincia: en los pr\u00f3ximos 60 d\u00edas, habr\u00e1 m\u00e1s de 2.500 artistas recorriendo los destinos tur\u00edsticos y m\u00e1s de 1.200 funciones y eventos.<\/p>\n<p>En los paradores ReCreo se desarrollar\u00e1n 300 shows con 129 bandas del cat\u00e1logo C\u00f3digo Provincia, 80 shows infantiles y 1.500 m\u00fasicos.<\/p>\n<p>Entre ellos, se destacan Juanse, Emma Horvilleur, Estelares, Mancha de Rolando, Coti, Yamila Cafrune, Santiago Motorizado, Benjam\u00edn Amadeo, Peteco Carabajal, Miss Bolivia, Cruzando el Charco, Kapanga e Ignacio Montoya Carlotto.<\/p>\n<p>\u201cVamos a tener una programaci\u00f3n cultural permanente de lunes a lunes para recibir a todos los y las argentinas, con actividades especiales para ni\u00f1eces los domingos y puestos de editoriales bonaerenses\u201d, enfatiz\u00f3 Saintout y agreg\u00f3: \u201cEntendiendo la cultura como un derecho, nuestras propuestas abarcan la costa, las islas y las sierras, pero tambi\u00e9n a otros destinos que han sido olvidados durante mucho tiempo\u201d.<\/p>\n<p>Asimismo, el intendente Cardozo remarc\u00f3 que \u201cesta va a ser sin dudas una temporada muy exitosa porque fue planificada para que todos los argentinos y las argentinas puedan vacacionar y pasarla bien en familia\u201d. \u00a0\u201cSer\u00e1 un verano extraordinario en el que el turismo seguir\u00e1 motorizando la reactivaci\u00f3n econ\u00f3mica para continuar por la senda del crecimiento\u201d, dijo.<\/p>\n<p>\u201cCon estos paradores estamos apuntalando adem\u00e1s el derecho al acceso a la cultura, que es fundamental porque demarca nuestra identidad y promueve la integraci\u00f3n de la Provincia\u201d, sostuvo Kicillof y concluy\u00f3: \u201cHabr\u00e1 miles de artistas y trabajadores bonaerenses que lograr\u00e1n que esta sea una temporada imponente\u201d.<\/p>\n<p>Estuvieron presentes el jefe de Asesores del Gobernador, Carlos Bianco; la ministra de las Mujeres, Pol\u00edticas de G\u00e9nero y Diversidad Sexual, Estela D\u00edaz; el ministro de Desarrollo Agrario, Javier Rodr\u00edguez; las subsecretarias de Turismo, Soledad Mart\u00ednez; de Pol\u00edticas Culturales, Victoria Onetto; y de Promoci\u00f3n Sociocultural, Lorena Riesgo; la senadora provincial Gabriela Demar\u00eda; y la diputada bonaerense Luc\u00eda Ia\u00f1ez.<\/p>\n<p><strong>Turismo<\/strong><\/p>\n<p>Durante la jornada, Kicillof asisti\u00f3 tambi\u00e9n a la cuarta reuni\u00f3n del Consejo Provincial de Turismo (COPROTUR), un espacio de di\u00e1logo entre representantes del sector p\u00fablico y el privado para la planificaci\u00f3n y el desarrollo de pol\u00edticas p\u00fablicas destinadas a promover el turismo en toda la Provincia. Adem\u00e1s, mantuvo un encuentro con representantes regionales del comercio, la industria y la producci\u00f3n.<\/p>\n<p>En las distintas actividades en Mar de Aj\u00f3 tambi\u00e9n participaron la ministra de Gobierno, Cristina \u00c1lvarez Rodr\u00edguez; y los intendentes de Chascom\u00fas, Javier Gast\u00f3n; de General Alvarado, Sebasti\u00e1n Ianantuony; de Las Flores, Alberto Gelen\u00e9; de Lavalle, Jos\u00e9 Rodr\u00edguez Ponte; de Navarro, Facundo Diz; de General Guido, Carlos Rocha; y de Dolores, Camilo Etchevarren<strong>(VW)<\/strong>.<\/p>\n","protected":false},"excerpt":{"rendered":"<p>Los paradores ReCreo que permanecer\u00e1n habilitados los pr\u00f3ximos 60 d\u00edas\u00a0 incluyen una amplia agenda cultural con la presentaci\u00f3n de numerosos art\u00edstas.<\/p>\n","protected":false},"author":3,"featured_media":4115,"comment_status":"closed","ping_status":"closed","sticky":false,"template":"","format":"standard","meta":{"_monsterinsights_skip_tracking":false,"_monsterinsights_sitenote_active":false,"_monsterinsights_sitenote_note":"","_monsterinsights_sitenote_category":0,"footnotes":""},"categories":[700],"tags":[2558,3704,180,49],"class_list":["post-8897","post","type-post","status-publish","format-standard","has-post-thumbnail","hentry","category-turismo","tag-espectaculos","tag-recreo","tag-temporada","tag-turismo"],"_links":{"self":[{"href":"https:\/\/www.visionweb.com.ar\/index.php?rest_route=\/wp\/v2\/posts\/8897","targetHints":{"allow":["GET"]}}],"collection":[{"href":"https:\/\/www.visionweb.com.ar\/index.php?rest_route=\/wp\/v2\/posts"}],"about":[{"href":"https:\/\/www.visionweb.com.ar\/index.php?rest_route=\/wp\/v2\/types\/post"}],"author":[{"embeddable":true,"href":"https:\/\/www.visionweb.com.ar\/index.php?rest_route=\/wp\/v2\/users\/3"}],"replies":[{"embeddable":true,"href":"https:\/\/www.visionweb.com.ar\/index.php?rest_route=%2Fwp%2Fv2%2Fcomments&post=8897"}],"version-history":[{"count":5,"href":"https:\/\/www.visionweb.com.ar\/index.php?rest_route=\/wp\/v2\/posts\/8897\/revisions"}],"predecessor-version":[{"id":8903,"href":"https:\/\/www.visionweb.com.ar\/index.php?rest_route=\/wp\/v2\/posts\/8897\/revisions\/8903"}],"wp:featuredmedia":[{"embeddable":true,"href":"https:\/\/www.visionweb.com.ar\/index.php?rest_route=\/wp\/v2\/media\/4115"}],"wp:attachment":[{"href":"https:\/\/www.visionweb.com.ar\/index.php?rest_route=%2Fwp%2Fv2%2Fmedia&parent=8897"}],"wp:term":[{"taxonomy":"category","embeddable":true,"href":"https:\/\/www.visionweb.com.ar\/index.php?rest_route=%2Fwp%2Fv2%2Fcategories&post=8897"},{"taxonomy":"post_tag","embeddable":true,"href":"https:\/\/www.visionweb.com.ar\/index.php?rest_route=%2Fwp%2Fv2%2Ftags&post=8897"}],"curies":[{"name":"wp","href":"https:\/\/api.w.org\/{rel}","templated":true}]}}