{"id":8881,"date":"2022-12-29T10:59:38","date_gmt":"2022-12-29T13:59:38","guid":{"rendered":"https:\/\/www.visionweb.com.ar\/?p=8881"},"modified":"2022-12-29T10:59:38","modified_gmt":"2022-12-29T13:59:38","slug":"salud-extienden-el-uso-de-fotos-de-recetas-para-pacientes-cronicos","status":"publish","type":"post","link":"https:\/\/www.visionweb.com.ar\/?p=8881","title":{"rendered":"Salud: Extienden el uso de fotos de recetas para pacientes cr\u00f3nicos"},"content":{"rendered":"<p><em><strong>Ser\u00e1 hasta el 28 de febrero pr\u00f3ximo como excepci\u00f3n. El precipitado cambio conocido el pasado lunes 26 indicaba que s\u00f3lo admitir\u00edan la receta digital para todos los pacientes. Buscan que los pacientes concurran en forma presencial a las consultas m\u00e9dicas.<\/strong><\/em><!--more--><\/p>\n<p><strong> <img loading=\"lazy\" decoding=\"async\" class=\"size-medium wp-image-8884 alignright\" src=\"https:\/\/www.visionweb.com.ar\/wp-content\/uploads\/2022\/12\/receta-electronica-300x295.jpg\" alt=\"\" width=\"300\" height=\"295\" srcset=\"https:\/\/www.visionweb.com.ar\/wp-content\/uploads\/2022\/12\/receta-electronica-300x295.jpg 300w, https:\/\/www.visionweb.com.ar\/wp-content\/uploads\/2022\/12\/receta-electronica-80x80.jpg 80w, https:\/\/www.visionweb.com.ar\/wp-content\/uploads\/2022\/12\/receta-electronica-65x65.jpg 65w, https:\/\/www.visionweb.com.ar\/wp-content\/uploads\/2022\/12\/receta-electronica.bmp 483w\" sizes=\"auto, (max-width: 300px) 100vw, 300px\" \/>E<\/strong>l<strong> Ministerio de Salud <\/strong>inform\u00f3 que <strong>permitir\u00e1 que algunos pacientes con tratamientos cr\u00f3nicos utilicen recetas de papel<\/strong> enviadas por WhatsApp o<strong> mediante fotos hasta el 28 de febrero<\/strong>\u00a0de 2023.<\/p>\n<p>En esa l\u00ednea, la jefa de Gabinete del Ministerio de Salud, Sonia Tarragona, aclar\u00f3 que se trata de\u00a0<strong>una excepcionalidad para quienes tengan impedimentos de traslado y no cuenten con la posibilidad de generar una nueva<\/strong><strong>\u00a0<\/strong><strong>prescripci\u00f3n<\/strong>.<\/p>\n<p>Tarragona inform\u00f3,\u00a0en di\u00e1logo con medios acreditados en Casa de Gobierno, que: \u201cSe extiende esta\u00a0<strong>excepci\u00f3n hasta el 28 de febrero, y solo para aquellos que utilizan este sistema y solo para tratamientos cr\u00f3nicos<\/strong>\u201c, al tiempo que record\u00f3 que esa medida fue implementada en plena pandemia y estuvo condicionada a la finalizaci\u00f3n del ASPO.<\/p>\n<p>Y a la vez detall\u00f3: \u201cSiguen vigentes y son v\u00e1lidas todas las modalidades de las recetas electr\u00f3nicas y en papel que se est\u00e1n utilizando que son en la mayor\u00eda de las provincias, en todos los financiadores p\u00fablicos, en la mayor\u00eda de la seguridad social y en el sector p\u00fablico\u201d.<\/p>\n<p>El pasado <strong>lunes 26<\/strong>, a trav\u00e9s de la Resoluci\u00f3n 3622\/2022\u00a0publicada en el Bolet\u00edn oficial, <strong>el Gobierno inform\u00f3 la eliminaci\u00f3n del uso de fotos de las recetas m\u00e9dicas de papel para comprar medicamentos o solicitar tratamientos<\/strong>.<\/p>\n<p>La funcionaria diferenci\u00f3 las recetas digitales, que cuentan <strong>con firma electr\u00f3nica<\/strong>, de las que son enviadas por medios electr\u00f3nicos a trav\u00e9s de fotograf\u00edas o impresiones, pero que fueron escritas en papel. Estas \u00faltimas son las que perder\u00e1n vigencia dado que\u00a0<strong>desde el Ministerio a cargo de Carla Vizzotti registraron irregularidades<\/strong>\u00a0en el acceso a medicamentos.<\/p>\n<p>Consultada por los motivos de la restricci\u00f3n, la jefa de Gabinete de la cartera aclar\u00f3: \u201cHay varias cosas, algunas que tienen que ver con la salud p\u00fablica,\u00a0<strong>la imposibilidad de dar trazabilidad a tratamientos, seguridad y garant\u00edas a los pacientes<\/strong><strong>\u00a0<\/strong>de quien prescribi\u00f3 es un profesional habilitado\u201d.<\/p>\n<p>\u201cPor el lado de la eficiencia en la salud,\u00a0<strong>estas recetas fotos permit\u00edan comprar el mismo medicamento en varias farmacias<\/strong><strong>\u00a0<\/strong>sin que eso se advirtiera, y nosotros como Ministerio de Salud necesitamos impulsar el uso adecuado de medicamentos, es complicado durante los tiempos de pandemia\u201d.<\/p>\n<p>A su turno, Ricardo Pesenti, titular de la Confederaci\u00f3n Farmac\u00e9utica Argentina, asegur\u00f3 que ve con \u201cbuenos ojos\u201d el fin de la modalidad dado que \u201cen definitiva la parte de la poblaci\u00f3n que lo estaba utilizando es muy peque\u00f1a\u201d.\u00a0<strong>\u201cEstamos viendo desv\u00edos en complicaciones administrativas como de poder llegar al acceso de los medicamentos con cierta seguridad\u201d<\/strong>, explic\u00f3.<\/p>\n<p>En la misma l\u00ednea, aclar\u00f3 que las impresiones o fotos de las recetas\u00a0<strong>\u201cson muy complejas y generaban posibilidades de error\u201d<\/strong><strong>\u00a0<\/strong>en la carga de datos. Adem\u00e1s, reiter\u00f3 la importancia en avanzar en el uso de la prescripci\u00f3n m\u00e9dica digital.<\/p>\n<p>Desde julio de 2020, rige la\u00a0<strong><a href=\"http:\/\/servicios.infoleg.gob.ar\/infolegInternet\/verNorma.do?id=340919\">ley de Receta Electr\u00f3nica<\/a><\/strong>\u00a0que <strong>se encuentra en la<\/strong>\u00a0<strong>etapa final de su reglamentaci\u00f3n<\/strong><strong>\u00a0<\/strong>y que deber\u00e1 funcionar en coordinaci\u00f3n con la ley de Telemedicina sancionada en 2021. <strong>(VW)<\/strong><\/p>\n<p>&nbsp;<\/p>\n","protected":false},"excerpt":{"rendered":"<p>Ser\u00e1 hasta el 28 de febrero pr\u00f3ximo como excepci\u00f3n. El precipitado cambio conocido el pasado lunes 26 indicaba que s\u00f3lo admitir\u00edan la receta digital para todos los pacientes. Buscan que los pacientes concurran en&#46;&#46;&#46;<\/p>\n","protected":false},"author":4,"featured_media":8884,"comment_status":"closed","ping_status":"closed","sticky":false,"template":"","format":"standard","meta":{"_monsterinsights_skip_tracking":false,"_monsterinsights_sitenote_active":false,"_monsterinsights_sitenote_note":"","_monsterinsights_sitenote_category":0,"footnotes":""},"categories":[8,5],"tags":[1899,3700,3684,3699],"class_list":["post-8881","post","type-post","status-publish","format-standard","has-post-thumbnail","hentry","category-interes-general","category-sociedad","tag-ministerio-de-salud","tag-pacientes-cronicos","tag-recetas-electronicas","tag-tarragona"],"_links":{"self":[{"href":"https:\/\/www.visionweb.com.ar\/index.php?rest_route=\/wp\/v2\/posts\/8881","targetHints":{"allow":["GET"]}}],"collection":[{"href":"https:\/\/www.visionweb.com.ar\/index.php?rest_route=\/wp\/v2\/posts"}],"about":[{"href":"https:\/\/www.visionweb.com.ar\/index.php?rest_route=\/wp\/v2\/types\/post"}],"author":[{"embeddable":true,"href":"https:\/\/www.visionweb.com.ar\/index.php?rest_route=\/wp\/v2\/users\/4"}],"replies":[{"embeddable":true,"href":"https:\/\/www.visionweb.com.ar\/index.php?rest_route=%2Fwp%2Fv2%2Fcomments&post=8881"}],"version-history":[{"count":2,"href":"https:\/\/www.visionweb.com.ar\/index.php?rest_route=\/wp\/v2\/posts\/8881\/revisions"}],"predecessor-version":[{"id":8885,"href":"https:\/\/www.visionweb.com.ar\/index.php?rest_route=\/wp\/v2\/posts\/8881\/revisions\/8885"}],"wp:featuredmedia":[{"embeddable":true,"href":"https:\/\/www.visionweb.com.ar\/index.php?rest_route=\/wp\/v2\/media\/8884"}],"wp:attachment":[{"href":"https:\/\/www.visionweb.com.ar\/index.php?rest_route=%2Fwp%2Fv2%2Fmedia&parent=8881"}],"wp:term":[{"taxonomy":"category","embeddable":true,"href":"https:\/\/www.visionweb.com.ar\/index.php?rest_route=%2Fwp%2Fv2%2Fcategories&post=8881"},{"taxonomy":"post_tag","embeddable":true,"href":"https:\/\/www.visionweb.com.ar\/index.php?rest_route=%2Fwp%2Fv2%2Ftags&post=8881"}],"curies":[{"name":"wp","href":"https:\/\/api.w.org\/{rel}","templated":true}]}}