{"id":8878,"date":"2022-12-29T08:32:53","date_gmt":"2022-12-29T11:32:53","guid":{"rendered":"https:\/\/www.visionweb.com.ar\/?p=8878"},"modified":"2022-12-29T08:33:46","modified_gmt":"2022-12-29T11:33:46","slug":"disminuyen-los-casos-de-covid-19","status":"publish","type":"post","link":"https:\/\/www.visionweb.com.ar\/?p=8878","title":{"rendered":"Desde el Ministerio de Salud aseguran que disminuyen los casos de Covid 19"},"content":{"rendered":"<p><strong><em>Desde el ministerio de Salud de la Naci\u00f3n aseguran que en los \u00faltimas semanas se observa un retraso en los avances de casos de Covid.<\/em><\/strong><!--more--><\/p>\n<p><strong>\u00a0 \u00a0 \u00a0 <img loading=\"lazy\" decoding=\"async\" class=\"size-medium wp-image-8633 alignright\" src=\"https:\/\/www.visionweb.com.ar\/wp-content\/uploads\/2022\/12\/ADROGUE-COVID-19-300x161.png\" alt=\"\" width=\"300\" height=\"161\" srcset=\"https:\/\/www.visionweb.com.ar\/wp-content\/uploads\/2022\/12\/ADROGUE-COVID-19-300x161.png 300w, https:\/\/www.visionweb.com.ar\/wp-content\/uploads\/2022\/12\/ADROGUE-COVID-19-768x412.png 768w, https:\/\/www.visionweb.com.ar\/wp-content\/uploads\/2022\/12\/ADROGUE-COVID-19.png 800w\" sizes=\"auto, (max-width: 300px) 100vw, 300px\" \/>\u00a0L<\/strong>a jefa de Gabinete del Ministerio de Salud, Sonia Tarragona, afirm\u00f3 este mi\u00e9rcoles que en las \u201c\u00faltimas dos semanas pareciera que se detuvo el crecimiento\u201d de casos de coronavirus, aunque aclar\u00f3 que el Covid-19 sigue siendo una \u201cpreocupaci\u00f3n\u201d.<\/p>\n<p>\u201cHace varias semanas que venimos con un crecimiento en el n\u00famero de casos, estas dos \u00faltimas semanas pareciera que se detuvo el crecimiento, no es que baj\u00f3 el n\u00famero de casos pero s\u00ed dejamos de crecer como ven\u00edamos\u201d, dijo Tarragona en declaraciones en la Casa Rosada a los periodistas acreditados.<\/p>\n<p>No obstante, la funcionaria del Ministerio de Salud aclar\u00f3 que el coronavirus \u201ces una preocupaci\u00f3n, siempre lo es\u201d, consignaron diferentes portales de noticias.<\/p>\n<p>\u201cPor eso renovamos las recomendaciones de cuidado y vacunaci\u00f3n y los refuerzos\u201d, sostuvo y reafirm\u00f3 que \u201ces muy importante que la poblaci\u00f3n se vaya a vacunar\u201d.<\/p>\n<p>Tarragona expres\u00f3 que \u201ca veces cuando uno ve m\u00e1s lejana la situaci\u00f3n le parece que no hace falta pero s\u00ed hace falta\u201d.<\/p>\n<p>Adem\u00e1s, la funcionaria especific\u00f3 que \u201ccomo nos ha tenido acostumbrado la pandemia, el mayor n\u00famero de casos se da en el AMBA\u201d.<\/p>\n<p>\u201cUn tercio de los casos que estamos teniendo por semana ocurren en el \u00e1rea metropolitana de Buenos Aires\u201d, precis\u00f3.<\/p>\n<p>En el \u00faltimo parte oficial, el Ministerio de Salud report\u00f3 44 muertes por coronavirus y 61.903 contagios en la \u00faltima semana en la Argentina.<\/p>\n<p>Por otra parte, se\u00f1al\u00f3 que las recomendaciones de uso de barbijo \u201ces en lugares cerrados, en lugares con mucho gente y en lugares p\u00fablicos\u201d y aclar\u00f3 que \u201ces una recomendaci\u00f3n, no es una obligaci\u00f3n\u201d.<\/p>\n<p>\u201cCada jurisdicci\u00f3n determina cu\u00e1les son las condiciones en cada jurisdicci\u00f3n como fue durante toda la pandemia. Si alguna provincia decide que sea obligatorio probablemente lo sea. La recomendaci\u00f3n del Ministerio de Salud es mantener los cuidados, la distancia y el uso de barbijo, como lo ven\u00edamos haciendo antes\u201d, aclar\u00f3.<\/p>\n<p>En forma paralela, el presidente de la Federaci\u00f3n Farmac\u00e9utica Argentina, Ricardo Pesenti, quien acompa\u00f1aba a Tarragona, inform\u00f3 que \u201caument\u00f3 much\u00edsimo\u201d el n\u00famero de venta de autotest en las farmacias.<\/p>\n<p>\u201cEst\u00e1bamos a principios de diciembre en alrededor de 2500 autotest en todo el pa\u00eds en todas las farmacias y ya superamos los 15.000 diarios y lo que m\u00e1s preocupa es la alta positividad, que es del 50%\u201d, resumi\u00f3 Pesenti <strong>(VW)<\/strong>.<\/p>\n<p>&nbsp;<\/p>\n","protected":false},"excerpt":{"rendered":"<p>Desde el ministerio de Salud de la Naci\u00f3n aseguran que en los \u00faltimas semanas se observa un retraso en los avances de casos de Covid.<\/p>\n","protected":false},"author":3,"featured_media":8633,"comment_status":"closed","ping_status":"closed","sticky":false,"template":"","format":"standard","meta":{"_monsterinsights_skip_tracking":false,"_monsterinsights_sitenote_active":false,"_monsterinsights_sitenote_note":"","_monsterinsights_sitenote_category":0,"footnotes":""},"categories":[3,5],"tags":[36,367,3698],"class_list":["post-8878","post","type-post","status-publish","format-standard","has-post-thumbnail","hentry","category-actualidad","category-sociedad","tag-casos","tag-covid","tag-disminucion"],"_links":{"self":[{"href":"https:\/\/www.visionweb.com.ar\/index.php?rest_route=\/wp\/v2\/posts\/8878","targetHints":{"allow":["GET"]}}],"collection":[{"href":"https:\/\/www.visionweb.com.ar\/index.php?rest_route=\/wp\/v2\/posts"}],"about":[{"href":"https:\/\/www.visionweb.com.ar\/index.php?rest_route=\/wp\/v2\/types\/post"}],"author":[{"embeddable":true,"href":"https:\/\/www.visionweb.com.ar\/index.php?rest_route=\/wp\/v2\/users\/3"}],"replies":[{"embeddable":true,"href":"https:\/\/www.visionweb.com.ar\/index.php?rest_route=%2Fwp%2Fv2%2Fcomments&post=8878"}],"version-history":[{"count":2,"href":"https:\/\/www.visionweb.com.ar\/index.php?rest_route=\/wp\/v2\/posts\/8878\/revisions"}],"predecessor-version":[{"id":8880,"href":"https:\/\/www.visionweb.com.ar\/index.php?rest_route=\/wp\/v2\/posts\/8878\/revisions\/8880"}],"wp:featuredmedia":[{"embeddable":true,"href":"https:\/\/www.visionweb.com.ar\/index.php?rest_route=\/wp\/v2\/media\/8633"}],"wp:attachment":[{"href":"https:\/\/www.visionweb.com.ar\/index.php?rest_route=%2Fwp%2Fv2%2Fmedia&parent=8878"}],"wp:term":[{"taxonomy":"category","embeddable":true,"href":"https:\/\/www.visionweb.com.ar\/index.php?rest_route=%2Fwp%2Fv2%2Fcategories&post=8878"},{"taxonomy":"post_tag","embeddable":true,"href":"https:\/\/www.visionweb.com.ar\/index.php?rest_route=%2Fwp%2Fv2%2Ftags&post=8878"}],"curies":[{"name":"wp","href":"https:\/\/api.w.org\/{rel}","templated":true}]}}