{"id":8868,"date":"2022-12-28T17:49:44","date_gmt":"2022-12-28T20:49:44","guid":{"rendered":"https:\/\/www.visionweb.com.ar\/?p=8868"},"modified":"2022-12-28T17:49:44","modified_gmt":"2022-12-28T20:49:44","slug":"las-fiestas-son-una-oportunidad-para-generar-habitos-sustentables","status":"publish","type":"post","link":"https:\/\/www.visionweb.com.ar\/?p=8868","title":{"rendered":"Las fiestas son una oportunidad para generar h\u00e1bitos sustentables"},"content":{"rendered":"<p><em><strong>Desde el Gobierno de la Ciudad proponen\u00a0 una celebraci\u00f3n en familia de forma m\u00e1s amigable con el planeta. Sugiere utilizar menos pl\u00e1stico y ayudar a los emprendedores locales.<\/strong><\/em><!--more--><\/p>\n<p><strong>\u00a0 \u00a0 \u00a0 <img loading=\"lazy\" decoding=\"async\" class=\"size-medium wp-image-8876 alignright\" src=\"https:\/\/www.visionweb.com.ar\/wp-content\/uploads\/2022\/12\/CONSUMO-SUSTENTABLE-4-300x201.png\" alt=\"\" width=\"300\" height=\"201\" srcset=\"https:\/\/www.visionweb.com.ar\/wp-content\/uploads\/2022\/12\/CONSUMO-SUSTENTABLE-4-300x201.png 300w, https:\/\/www.visionweb.com.ar\/wp-content\/uploads\/2022\/12\/CONSUMO-SUSTENTABLE-4.png 448w\" sizes=\"auto, (max-width: 300px) 100vw, 300px\" \/>\u00a0 C<\/strong>ada fin de a\u00f1o, en los festejos de las Fiestas, se suele realizar un consumo desmedido que genera una gran cantidad de residuos, los cuales, indefectiblemente,\u00a0<strong>impactan de manera negativa en nuestro ambiente<\/strong>.<\/p>\n<p>Por eso, desde Escuelas Verdes los y las invitamos a\u00a0<strong>planear una celebraci\u00f3n en familia de manera m\u00e1s sustentable y amigable con nuestro planeta<\/strong>, a partir de algunos consejos y recomendaciones para tener en cuenta antes, durante y despu\u00e9s de cada reuni\u00f3n, recomend\u00f3 el gobierno porte\u00f1o.<\/p>\n<ul>\n<li><strong>Menos pl\u00e1sticos<\/strong>. Evit\u00e1 utilizar vajilla descartable de un solo uso.<\/li>\n<li><strong>Consum\u00ed local<\/strong>. Ayud\u00e1 a los emprendedores locales para realizar regalos, propiciando el uso de materiales reciclables o reutilizados.<\/li>\n<li><strong>Recircul\u00e1<\/strong>. Aprovech\u00e1 para regalar juegos, juguetes y ropa que ya no uses que pueda ser de utilidad para otras personas.<\/li>\n<li><strong>Envolv\u00e9 con criterio<\/strong>. Us\u00e1 papeles de diarios, revistas o telas reutilizadas para envolver tus regalos.<\/li>\n<li><strong>No uses pirotecnia<\/strong>. Adem\u00e1s de resultar perjudiciales para personas con sensibilidad auditiva y para las mascotas, generan una gran cantidad de residuos y posibles accidentes. Eleg\u00ed propuestas m\u00e1s amigables con el ambiente y la sociedad.<\/li>\n<li><strong>Consum\u00ed responsablemente al cocinar<\/strong>. La cocina casera es un gran momento para compartir en familia. Adem\u00e1s, se reduce la cantidad de pl\u00e1sticos de la comida ya envasada. Record\u00e1 cocinar de forma prudente para evitar los desperdicios.<\/li>\n<li><strong>Reduc\u00ed y separ\u00e1<\/strong>. Para hacer las compras reemplaz\u00e1 las bolsas de pl\u00e1stico de un solo uso por eco-bolsas o bolsas de tela y no te olvides de separar los residuos que generes durante las celebraciones.Para que el festejo sea completo, se pueden elaborar decoraciones y ambientaciones personalizadas y de manera sencilla.Para eso, te dejamos algunas ideas en la\u00a0<a href=\"https:\/\/www.buenosaires.gob.ar\/sites\/gcaba\/files\/guia_de_reutilizacion_creativa_digital_3.pdf\">gu\u00eda de Reutilizaci\u00f3n Creativa<\/a>\u00a0y una serie de\u00a0<a href=\"https:\/\/www.buenosaires.gob.ar\/escuelasverdes\/hacelo-vos-mismo\">videos tutoriales<\/a>\u00a0para realizar con tu familia.\n<p>Aprovech\u00e1 las fiestas para disfrutar y asumir el compromiso de cuidar el ambiente con peque\u00f1as acciones<strong>(VW)<\/strong>.<\/li>\n<\/ul>\n","protected":false},"excerpt":{"rendered":"<p>Desde el Gobierno de la Ciudad proponen\u00a0 una celebraci\u00f3n en familia de forma m\u00e1s amigable con el planeta. Sugiere utilizar menos pl\u00e1stico y ayudar a los emprendedores locales.<\/p>\n","protected":false},"author":3,"featured_media":8876,"comment_status":"closed","ping_status":"closed","sticky":false,"template":"","format":"standard","meta":{"_monsterinsights_skip_tracking":false,"_monsterinsights_sitenote_active":false,"_monsterinsights_sitenote_note":"","_monsterinsights_sitenote_category":0,"footnotes":""},"categories":[5],"tags":[354,130,3697],"class_list":["post-8868","post","type-post","status-publish","format-standard","has-post-thumbnail","hentry","category-sociedad","tag-familia","tag-fiestas","tag-sustentabilidad"],"_links":{"self":[{"href":"https:\/\/www.visionweb.com.ar\/index.php?rest_route=\/wp\/v2\/posts\/8868","targetHints":{"allow":["GET"]}}],"collection":[{"href":"https:\/\/www.visionweb.com.ar\/index.php?rest_route=\/wp\/v2\/posts"}],"about":[{"href":"https:\/\/www.visionweb.com.ar\/index.php?rest_route=\/wp\/v2\/types\/post"}],"author":[{"embeddable":true,"href":"https:\/\/www.visionweb.com.ar\/index.php?rest_route=\/wp\/v2\/users\/3"}],"replies":[{"embeddable":true,"href":"https:\/\/www.visionweb.com.ar\/index.php?rest_route=%2Fwp%2Fv2%2Fcomments&post=8868"}],"version-history":[{"count":1,"href":"https:\/\/www.visionweb.com.ar\/index.php?rest_route=\/wp\/v2\/posts\/8868\/revisions"}],"predecessor-version":[{"id":8877,"href":"https:\/\/www.visionweb.com.ar\/index.php?rest_route=\/wp\/v2\/posts\/8868\/revisions\/8877"}],"wp:featuredmedia":[{"embeddable":true,"href":"https:\/\/www.visionweb.com.ar\/index.php?rest_route=\/wp\/v2\/media\/8876"}],"wp:attachment":[{"href":"https:\/\/www.visionweb.com.ar\/index.php?rest_route=%2Fwp%2Fv2%2Fmedia&parent=8868"}],"wp:term":[{"taxonomy":"category","embeddable":true,"href":"https:\/\/www.visionweb.com.ar\/index.php?rest_route=%2Fwp%2Fv2%2Fcategories&post=8868"},{"taxonomy":"post_tag","embeddable":true,"href":"https:\/\/www.visionweb.com.ar\/index.php?rest_route=%2Fwp%2Fv2%2Ftags&post=8868"}],"curies":[{"name":"wp","href":"https:\/\/api.w.org\/{rel}","templated":true}]}}