{"id":8860,"date":"2022-12-28T10:29:21","date_gmt":"2022-12-28T13:29:21","guid":{"rendered":"https:\/\/www.visionweb.com.ar\/?p=8860"},"modified":"2022-12-28T10:29:21","modified_gmt":"2022-12-28T13:29:21","slug":"indec-retroceso-en-las-ventas-en-supermercados-durante-octubre","status":"publish","type":"post","link":"https:\/\/www.visionweb.com.ar\/?p=8860","title":{"rendered":"INDEC: Retroceso en las ventas en supermercados durante octubre"},"content":{"rendered":"<p><em><strong>En octubre el \u00cdndice de ventas totales a precios constantes en supermercados exhibi\u00f3 una ca\u00edda del 1,6% respecto a igual mes de 2021.<\/strong><\/em><!--more--><\/p>\n<div id=\"attachment_8862\" style=\"width: 263px\" class=\"wp-caption alignright\"><img loading=\"lazy\" decoding=\"async\" aria-describedby=\"caption-attachment-8862\" class=\"wp-image-8862 size-medium\" src=\"https:\/\/www.visionweb.com.ar\/wp-content\/uploads\/2022\/12\/indec-ventas-superm-oct-22-253x300.jpg\" alt=\"\" width=\"253\" height=\"300\" srcset=\"https:\/\/www.visionweb.com.ar\/wp-content\/uploads\/2022\/12\/indec-ventas-superm-oct-22-253x300.jpg 253w, https:\/\/www.visionweb.com.ar\/wp-content\/uploads\/2022\/12\/indec-ventas-superm-oct-22.bmp 517w\" sizes=\"auto, (max-width: 253px) 100vw, 253px\" \/><p id=\"caption-attachment-8862\" class=\"wp-caption-text\">Informe Indec publicado ayer.<\/p><\/div>\n<p><strong> \u00a0\u00a0\u00a0 E<\/strong>l Instituto Nacional de Estad\u00edstica y Censos (<strong>INDEC<\/strong>) inform\u00f3 ayer que el \u00cdndice de ventas totales a precios constantes\u00a0<strong>exhibi\u00f3 una ca\u00edda del 1,6% en el mes de octubre, respecto a igual mes de 2021<\/strong>, mientras que en los autoservicios mayoristas bajaron 7,1%.<\/p>\n<p>Los datos del<strong> INDEC<\/strong> de venta de supermercados, mayoristas y grandes superficies comerciales conocidos ayer refuerzan la tendencia de los \u00faltimos meses que son la foto perfecta de una desigual distribuci\u00f3n de lo producido por nuestra econom\u00eda.<\/p>\n<p>En octubre de 2022, el \u00edndice de la serie desestacionalizada muestra una\u00a0<strong>variaci\u00f3n negativa de 0,7% respecto al mes anterior<\/strong>\u00a0y el \u00edndice serie tendencia-ciclo registra una variaci\u00f3n positiva de 0,2% respecto al mes anterior.<\/p>\n<p>En las ventas totales a precios corrientes, durante octubre de 2022, los grupos de art\u00edculos con los aumentos m\u00e1s significativos respecto al mismo mes del a\u00f1o anterior fueron: \u201c<strong>Verduler\u00eda y fruter\u00eda<\/strong>\u201d, 128,0%; \u201c<strong>Alimentos preparados y rotiser\u00eda<\/strong>\u201d, 109,4%; \u201c<strong>Electr\u00f3nicos y art\u00edculos para el hogar<\/strong>\u201d, 104,0%; y \u201c<strong>Panader\u00eda<\/strong>\u201d, 99,9%.<\/p>\n<p>Las ventas en supermercados registraron en octubre una ca\u00edda del 1.6 por ciento interanual y un 0.7 respecto al mes anterior. Pero a su vez el dato contiene una interna que se dej\u00f3 trascender desde asociaci\u00f3n de supermercados y no desde el INDEC.<\/p>\n<p>Desde la Asociaci\u00f3n de Supermercados Unidos (ASU) indicaron que las 10 principales cadenas de supermercados de la Argentina registraron guarismos positivos en sus ventas, por lo cual ca\u00edda se dio en los super regionales, de barrio y chinos, es decir, los lugares donde concentran su compra los consumidores de menores ingresos. <strong>(VW)<\/strong><\/p>\n<p>&nbsp;<\/p>\n","protected":false},"excerpt":{"rendered":"<p>En octubre el \u00cdndice de ventas totales a precios constantes en supermercados exhibi\u00f3 una ca\u00edda del 1,6% respecto a igual mes de 2021.<\/p>\n","protected":false},"author":4,"featured_media":8863,"comment_status":"closed","ping_status":"closed","sticky":false,"template":"","format":"standard","meta":{"_monsterinsights_skip_tracking":false,"_monsterinsights_sitenote_active":false,"_monsterinsights_sitenote_note":"","_monsterinsights_sitenote_category":0,"footnotes":""},"categories":[6],"tags":[3696,3695,75,122,3694],"class_list":["post-8860","post","type-post","status-publish","format-standard","has-post-thumbnail","hentry","category-economia","tag-asu","tag-ctuvfe-2022","tag-indec","tag-informe","tag-ventas-supermercados"],"_links":{"self":[{"href":"https:\/\/www.visionweb.com.ar\/index.php?rest_route=\/wp\/v2\/posts\/8860","targetHints":{"allow":["GET"]}}],"collection":[{"href":"https:\/\/www.visionweb.com.ar\/index.php?rest_route=\/wp\/v2\/posts"}],"about":[{"href":"https:\/\/www.visionweb.com.ar\/index.php?rest_route=\/wp\/v2\/types\/post"}],"author":[{"embeddable":true,"href":"https:\/\/www.visionweb.com.ar\/index.php?rest_route=\/wp\/v2\/users\/4"}],"replies":[{"embeddable":true,"href":"https:\/\/www.visionweb.com.ar\/index.php?rest_route=%2Fwp%2Fv2%2Fcomments&post=8860"}],"version-history":[{"count":2,"href":"https:\/\/www.visionweb.com.ar\/index.php?rest_route=\/wp\/v2\/posts\/8860\/revisions"}],"predecessor-version":[{"id":8864,"href":"https:\/\/www.visionweb.com.ar\/index.php?rest_route=\/wp\/v2\/posts\/8860\/revisions\/8864"}],"wp:featuredmedia":[{"embeddable":true,"href":"https:\/\/www.visionweb.com.ar\/index.php?rest_route=\/wp\/v2\/media\/8863"}],"wp:attachment":[{"href":"https:\/\/www.visionweb.com.ar\/index.php?rest_route=%2Fwp%2Fv2%2Fmedia&parent=8860"}],"wp:term":[{"taxonomy":"category","embeddable":true,"href":"https:\/\/www.visionweb.com.ar\/index.php?rest_route=%2Fwp%2Fv2%2Fcategories&post=8860"},{"taxonomy":"post_tag","embeddable":true,"href":"https:\/\/www.visionweb.com.ar\/index.php?rest_route=%2Fwp%2Fv2%2Ftags&post=8860"}],"curies":[{"name":"wp","href":"https:\/\/api.w.org\/{rel}","templated":true}]}}