{"id":8857,"date":"2022-12-28T08:12:40","date_gmt":"2022-12-28T11:12:40","guid":{"rendered":"https:\/\/www.visionweb.com.ar\/?p=8857"},"modified":"2022-12-28T00:19:06","modified_gmt":"2022-12-28T03:19:06","slug":"los-movimientos-sociales-oficialistas-percibiran-un-bono-de-17-375","status":"publish","type":"post","link":"https:\/\/www.visionweb.com.ar\/?p=8857","title":{"rendered":"Los movimientos sociales oficialistas percibir\u00e1n un bono de $17.375"},"content":{"rendered":"<p><strong><em>El bono alcanza a 1.300.000 beneficiarios del Potenciar Trabajo; se pagar\u00e1 en abril. La ministra de Desarrollo Social, Victoria Tolosa Paz, recibe a las agrupaciones no alineadas.<\/em><\/strong><!--more--><\/p>\n<p><strong>\u00a0 \u00a0 \u00a0 \u00a0 <img loading=\"lazy\" decoding=\"async\" class=\"size-medium wp-image-8144 alignleft\" src=\"https:\/\/www.visionweb.com.ar\/wp-content\/uploads\/2022\/11\/CRECEN-LAS-PROTESTAS-EN-EL-CENTRO-PORTENO-300x201.png\" alt=\"\" width=\"300\" height=\"201\" srcset=\"https:\/\/www.visionweb.com.ar\/wp-content\/uploads\/2022\/11\/CRECEN-LAS-PROTESTAS-EN-EL-CENTRO-PORTENO-300x201.png 300w, https:\/\/www.visionweb.com.ar\/wp-content\/uploads\/2022\/11\/CRECEN-LAS-PROTESTAS-EN-EL-CENTRO-PORTENO-768x516.png 768w, https:\/\/www.visionweb.com.ar\/wp-content\/uploads\/2022\/11\/CRECEN-LAS-PROTESTAS-EN-EL-CENTRO-PORTENO.png 800w\" sizes=\"auto, (max-width: 300px) 100vw, 300px\" \/>\u00a0 M<\/strong>ovimientos sociales oficialistas acordaron el pago de un bono de $17.375 para 1.300.000 beneficiarios del plan Potenciar Trabajo.<\/p>\n<p>Fue tras la reuni\u00f3n entre la ministra de Desarrollo Social, Victoria Tolosa Paz, y representantes de la UTEP, el Movimiento Evita, el Frente Popular Dar\u00edo Santill\u00e1n y el Movimiento de Trabajadores Excluidos.<\/p>\n<p>De esta manera, las organizaciones desactivaron las protestas planificadas para las pr\u00f3ximas horas, que inclu\u00edan escraches en supermercados y acampes. El pago del bono \u201cextra\u201d est\u00e1 previsto para abril del 2023.<\/p>\n<p>Adem\u00e1s, el arreglo incluye la compra de bolsones de frutas y verduras a cooperativas agrarias; la entrega para la confecci\u00f3n de guardapolvos para ser producidos por cooperativas textiles; la construcci\u00f3n de m\u00f3dulos h\u00famedos en barrios populares y el compromiso para reglamentar, en una nueva discusi\u00f3n, las condiciones del Potenciar Trabajo.<\/p>\n<p>Por otra parte, las agrupaciones no alineadas con la Casa Rosada, y nucleadas en la Unidad Piquetera, ser\u00e1n recibidos ma\u00f1ana por Tolosa Paz a las 15 horas.<\/p>\n<p>En di\u00e1logo con Noticias Argentinas, Silvia Saravia, de Libres del Sur, dijo: \u201cNos parece muy malo sentar el precedente de aceptar que no haya aguinaldo este a\u00f1o\u201d.<\/p>\n<p>\u201cVa en l\u00ednea con la voluntad del ejecutivo de desacoplar el monto del PT del Salario M\u00ednimo Vital y M\u00f3vil\u201d, cerr\u00f3 la dirigente. Antes de encontrarse con la titular de la cartera, la Unidad Piquetera realizar\u00e1 una conferencia de prensa en el Obelisco con la consigna \u201cbasta de hambre y ajuste\u201d.<\/p>\n<p>Las agrupaciones piqueteras la semana pasada realizaron un acampe frente al edificio de Desarrollo Social que dur\u00f3 13 horas e incluy\u00f3 un partido de f\u00fatbol en se\u00f1al de protesta disputado entre los equipos \u201cArgentina\u201d y \u201cHambre y al ajuste<strong>(VW)<\/strong>.<\/p>\n<p>&nbsp;<\/p>\n","protected":false},"excerpt":{"rendered":"<p>El bono alcanza a 1.300.000 beneficiarios del Potenciar Trabajo; se pagar\u00e1 en abril. La ministra de Desarrollo Social, Victoria Tolosa Paz, recibe a las agrupaciones no alineadas.<\/p>\n","protected":false},"author":3,"featured_media":8144,"comment_status":"closed","ping_status":"closed","sticky":false,"template":"","format":"standard","meta":{"_monsterinsights_skip_tracking":false,"_monsterinsights_sitenote_active":false,"_monsterinsights_sitenote_note":"","_monsterinsights_sitenote_category":0,"footnotes":""},"categories":[5],"tags":[1248,27,2291],"class_list":["post-8857","post","type-post","status-publish","format-standard","has-post-thumbnail","hentry","category-sociedad","tag-bono","tag-desarrollo-social","tag-piqueteros"],"_links":{"self":[{"href":"https:\/\/www.visionweb.com.ar\/index.php?rest_route=\/wp\/v2\/posts\/8857","targetHints":{"allow":["GET"]}}],"collection":[{"href":"https:\/\/www.visionweb.com.ar\/index.php?rest_route=\/wp\/v2\/posts"}],"about":[{"href":"https:\/\/www.visionweb.com.ar\/index.php?rest_route=\/wp\/v2\/types\/post"}],"author":[{"embeddable":true,"href":"https:\/\/www.visionweb.com.ar\/index.php?rest_route=\/wp\/v2\/users\/3"}],"replies":[{"embeddable":true,"href":"https:\/\/www.visionweb.com.ar\/index.php?rest_route=%2Fwp%2Fv2%2Fcomments&post=8857"}],"version-history":[{"count":1,"href":"https:\/\/www.visionweb.com.ar\/index.php?rest_route=\/wp\/v2\/posts\/8857\/revisions"}],"predecessor-version":[{"id":8858,"href":"https:\/\/www.visionweb.com.ar\/index.php?rest_route=\/wp\/v2\/posts\/8857\/revisions\/8858"}],"wp:featuredmedia":[{"embeddable":true,"href":"https:\/\/www.visionweb.com.ar\/index.php?rest_route=\/wp\/v2\/media\/8144"}],"wp:attachment":[{"href":"https:\/\/www.visionweb.com.ar\/index.php?rest_route=%2Fwp%2Fv2%2Fmedia&parent=8857"}],"wp:term":[{"taxonomy":"category","embeddable":true,"href":"https:\/\/www.visionweb.com.ar\/index.php?rest_route=%2Fwp%2Fv2%2Fcategories&post=8857"},{"taxonomy":"post_tag","embeddable":true,"href":"https:\/\/www.visionweb.com.ar\/index.php?rest_route=%2Fwp%2Fv2%2Ftags&post=8857"}],"curies":[{"name":"wp","href":"https:\/\/api.w.org\/{rel}","templated":true}]}}