{"id":8849,"date":"2022-12-27T13:15:44","date_gmt":"2022-12-27T16:15:44","guid":{"rendered":"https:\/\/www.visionweb.com.ar\/?p=8849"},"modified":"2022-12-27T13:15:44","modified_gmt":"2022-12-27T16:15:44","slug":"larreta-anuncio-cambios-en-el-gabinete-de-gobierno","status":"publish","type":"post","link":"https:\/\/www.visionweb.com.ar\/?p=8849","title":{"rendered":"Larreta anunci\u00f3 cambios en el Gabinete de Gobierno"},"content":{"rendered":"<p><em><strong>Silvia Lospennato, Waldo Wolff y Mart\u00edn Redrado se suman al equipo del gobierno de la Ciudad.<\/strong><\/em><!--more--><\/p>\n<p><strong><img loading=\"lazy\" decoding=\"async\" class=\"size-medium wp-image-8765 alignright\" src=\"https:\/\/www.visionweb.com.ar\/wp-content\/uploads\/2022\/12\/larreta-300x168.jpg\" alt=\"\" width=\"300\" height=\"168\" srcset=\"https:\/\/www.visionweb.com.ar\/wp-content\/uploads\/2022\/12\/larreta-300x168.jpg 300w, https:\/\/www.visionweb.com.ar\/wp-content\/uploads\/2022\/12\/larreta.bmp 734w\" sizes=\"auto, (max-width: 300px) 100vw, 300px\" \/>\u00a0\u00a0\u00a0\u00a0 E<\/strong>l jefe de gobierno, Horacio Rodr\u00edguez Larreta, anunci\u00f3 este martes que dos diputados y un economista se suman al Ejecutivo de la Ciudad Aut\u00f3noma de Buenos Aires.\u00a0A la vez, <strong>apunt\u00f3 contra el presidente Alberto Fern\u00e1ndez por \u201chacer trampa\u201d, respecto a la coparticipaci\u00f3n.<\/strong><\/p>\n<p>\u201cEstamos en la \u00faltima semana del a\u00f1o, es un momento para parar la pelota, reflexionar, planificar. Mirando en esa perspectiva que nos trae el a\u00f1o nuevo, nos llena de orgullo la enorme transformaci\u00f3n que estamos llevando en la Ciudad de Buenos Aires, que comenz\u00f3 Mauricio Macri\u201d, asegur\u00f3. \u201cLo logramos por el enormemente comprometido equipo que tenemos\u201d, apunt\u00f3.<\/p>\n<p>En ese marco, anunci\u00f3 \u201calgunas incorporaciones para seguir enriqueciendo el equipo de la Ciudad\u201d.\u00a0As\u00ed, el Jefe de Gobierno porte\u00f1o, precis\u00f3 que:<\/p>\n<p><strong>Silvia Lospennato mantendr\u00e1 su banca en la C\u00e1mara de Diputados y se sumar\u00e1 \u201cad honorem\u201d al Consejo consultivo de la Secretar\u00eda de G\u00e9nero.<\/strong><\/p>\n<p><strong>El diputado Waldo Wolff ser\u00e1 parte de la Secretar\u00eda de Asuntos P\u00fablicos.<\/strong><\/p>\n<p><strong>Y Mart\u00edn Redrado, ex titular del Banco Central de la Rep\u00fablica Argentina (BCRA), ocupar\u00e1 la Secretar\u00eda de Asuntos Estrat\u00e9gicos.<\/strong><\/p>\n<p>\u201c<strong>Se suman a trabajar con nosotros<\/strong>. La reorganizaci\u00f3n interna nos permite sumar a estas tres personas con tanta trayectoria y experiencia <strong>sin aumentar el gasto ni aumentar la estructura de gobierno<\/strong>. Las transformaciones profundas se logran siempre en equipo, es la manera de conseguir el apoyo para llevarlas adelante y la fortaleza necesaria para sostener las transformaciones en el tiempo\u201d, reflexion\u00f3.<\/p>\n<p>\u201cM\u00e1s que nunca necesitamos un equipo fuerte, que est\u00e9 comprometido y de las peleas necesarias para resolver los problemas de los argentinos, que son muchos.\u00a0<strong>El momento que estamos viviendo es muy dif\u00edcil porque a la inflaci\u00f3n fuera de control, la pobreza, la crisis educativa, la inseguridad y la falta de trabajo se suma un gobierno que mira para otro lado y tom\u00f3 la decisi\u00f3n de llevarse todo por delante<\/strong>\u201c, asegur\u00f3 Larreta.<\/p>\n<p>En ese marco, y con referencia a la coparticipaci\u00f3n, calific\u00f3:\u00a0<strong>\u201cEl Presidente no cumple un fallo de la Corte Suprema,<\/strong><strong>\u00a0<\/strong><strong>no hay antecedente desde la vuelta de la democracia\u201d<\/strong>. \u201cQuiebra el orden institucional, viola el Estado de Derecho y la divisi\u00f3n de poderes. Es un atentado contra la democracia\u201d, redund\u00f3.<\/p>\n<p><strong>\u201cAhora quiere hacer trampa para seguir incumpliendo el fallo. La transferencia lo debe hacer de forma directa, diaria y en pesos. En ning\u00fan lugar se habilita el pago en bonos,<\/strong><strong>\u00a0<\/strong><strong>esto no es interpretable.<\/strong>\u00a0Los fallos est\u00e1n para cumplirlos, <strong>no para interpretarlos<\/strong>\u201d, sentenci\u00f3 Larreta. <strong>(VW)<\/strong><\/p>\n<p>&nbsp;<\/p>\n","protected":false},"excerpt":{"rendered":"<p>Silvia Lospennato, Waldo Wolff y Mart\u00edn Redrado se suman al equipo del gobierno de la Ciudad.<\/p>\n","protected":false},"author":4,"featured_media":8765,"comment_status":"closed","ping_status":"closed","sticky":false,"template":"","format":"standard","meta":{"_monsterinsights_skip_tracking":false,"_monsterinsights_sitenote_active":false,"_monsterinsights_sitenote_note":"","_monsterinsights_sitenote_category":0,"footnotes":""},"categories":[4],"tags":[3688,184,3691,3689,3690],"class_list":["post-8849","post","type-post","status-publish","format-standard","has-post-thumbnail","hentry","category-politica","tag-camios-en-el-gabinete-porteni","tag-larreta","tag-lospennato","tag-redrado","tag-wolff"],"_links":{"self":[{"href":"https:\/\/www.visionweb.com.ar\/index.php?rest_route=\/wp\/v2\/posts\/8849","targetHints":{"allow":["GET"]}}],"collection":[{"href":"https:\/\/www.visionweb.com.ar\/index.php?rest_route=\/wp\/v2\/posts"}],"about":[{"href":"https:\/\/www.visionweb.com.ar\/index.php?rest_route=\/wp\/v2\/types\/post"}],"author":[{"embeddable":true,"href":"https:\/\/www.visionweb.com.ar\/index.php?rest_route=\/wp\/v2\/users\/4"}],"replies":[{"embeddable":true,"href":"https:\/\/www.visionweb.com.ar\/index.php?rest_route=%2Fwp%2Fv2%2Fcomments&post=8849"}],"version-history":[{"count":2,"href":"https:\/\/www.visionweb.com.ar\/index.php?rest_route=\/wp\/v2\/posts\/8849\/revisions"}],"predecessor-version":[{"id":8851,"href":"https:\/\/www.visionweb.com.ar\/index.php?rest_route=\/wp\/v2\/posts\/8849\/revisions\/8851"}],"wp:featuredmedia":[{"embeddable":true,"href":"https:\/\/www.visionweb.com.ar\/index.php?rest_route=\/wp\/v2\/media\/8765"}],"wp:attachment":[{"href":"https:\/\/www.visionweb.com.ar\/index.php?rest_route=%2Fwp%2Fv2%2Fmedia&parent=8849"}],"wp:term":[{"taxonomy":"category","embeddable":true,"href":"https:\/\/www.visionweb.com.ar\/index.php?rest_route=%2Fwp%2Fv2%2Fcategories&post=8849"},{"taxonomy":"post_tag","embeddable":true,"href":"https:\/\/www.visionweb.com.ar\/index.php?rest_route=%2Fwp%2Fv2%2Ftags&post=8849"}],"curies":[{"name":"wp","href":"https:\/\/api.w.org\/{rel}","templated":true}]}}