{"id":8845,"date":"2022-12-27T12:42:07","date_gmt":"2022-12-27T15:42:07","guid":{"rendered":"https:\/\/www.visionweb.com.ar\/?p=8845"},"modified":"2022-12-27T12:42:07","modified_gmt":"2022-12-27T15:42:07","slug":"provincia-presentaron-el-programa-municipios-por-la-igualdad","status":"publish","type":"post","link":"https:\/\/www.visionweb.com.ar\/?p=8845","title":{"rendered":"Provincia: Presentaron el programa Municipios por la Igualdad"},"content":{"rendered":"<p><em><strong>La iniciativa busca fortalecer las pol\u00edticas p\u00fablicas y la perspectiva de g\u00e9nero en todos los municipios de la Provincia.<\/strong><\/em><strong>\u00a0<\/strong><!--more--><\/p>\n<div id=\"attachment_8847\" style=\"width: 310px\" class=\"wp-caption alignright\"><img loading=\"lazy\" decoding=\"async\" aria-describedby=\"caption-attachment-8847\" class=\"wp-image-8847 size-medium\" src=\"https:\/\/www.visionweb.com.ar\/wp-content\/uploads\/2022\/12\/kici-estela-diaz-y-lidia-fernandez-300x214.jpg\" alt=\"\" width=\"300\" height=\"214\" srcset=\"https:\/\/www.visionweb.com.ar\/wp-content\/uploads\/2022\/12\/kici-estela-diaz-y-lidia-fernandez-300x214.jpg 300w, https:\/\/www.visionweb.com.ar\/wp-content\/uploads\/2022\/12\/kici-estela-diaz-y-lidia-fernandez.bmp 595w\" sizes=\"auto, (max-width: 300px) 100vw, 300px\" \/><p id=\"caption-attachment-8847\" class=\"wp-caption-text\">Kicillof, Estela D\u00edaz y Lidia Fern\u00e1ndez. Foto: gba.gob.ar<\/p><\/div>\n<p><strong> \u00a0 E<\/strong>l gobierno de la provincia de Buenos Aires present\u00f3 el programa <strong>Municipios por la Igualdad<\/strong>, que se realiz\u00f3 ayer lunes 26 en el Sal\u00f3n Dorado, en La Plata, y cont\u00f3 con la participaci\u00f3n del gobernador Axel Kicillof, la ministra de Mujeres, Poli\u0301ticas de Ge\u0301nero y Diversidad Sexual Estela D\u00edaz y la subsecretaria de Pol\u00edticas Transversales de G\u00e9nero, Lidia Fern\u00e1ndez.<\/p>\n<p>A trav\u00e9s de la Resoluci\u00f3n 875 publicada en el Bolet\u00edn Oficial de la provincia de Buenos Aires, se estableci\u00f3 \u201cque se podr\u00e1 autorizar a las municipalidades el financiamiento de m\u00e1s de una l\u00ednea de trabajo\u201d.<\/p>\n<p>En los fundamentos de la disposici\u00f3n se determin\u00f3 que \u201cresulta imprescindible avanzar en la transversalizaci\u00f3n de la perspectiva de g\u00e9nero, la que se traduce en el desarrollo de pol\u00edticas integrales en todas las dimensiones de gesti\u00f3n, incluyendo los presupuestos, pol\u00edticas econ\u00f3micas, de infraestructura, sociales, culturales, normativas, entre otras\u201d.<\/p>\n<p>En el acto, el gobernador <strong>Kicillof <\/strong>se\u00f1al\u00f3 que: \u201cEl programa Municipios por la Igualdad<strong> busca fortalecer las pol\u00edticas p\u00fablicas y la perspectiva de g\u00e9nero en los 135 distritos de la provincia\u201d.<\/strong><\/p>\n<p>A la vez, consider\u00f3 que: \u201cCon esta iniciativa le estamos dando un anclaje institucional a las luchas y demandas que se vienen produciendo en el seno de la sociedad para convertirlas en pol\u00edticas de Estado que perduren en el tiempo\u201d.<\/p>\n<p>\u201cDesde la Provincia vamos a seguir haciendo todo lo que sea necesario para acompa\u00f1ar y fortalecer esa transformaci\u00f3n profunda en materia de g\u00e9nero, que es una verdadera revoluci\u00f3n por la igualdad y por los derechos\u201d, sentenci\u00f3 el gobernador.<\/p>\n<p>El programa \u201cMunicipios por la Igualdad\u201d fue creado en noviembre pasado, en el \u00e1mbito de la Subsecretar\u00eda de Pol\u00edticas Transversales de G\u00e9nero, con el objetivo de fortalecer y acompa\u00f1ar el dise\u00f1o y ejecuci\u00f3n de proyectos de transversalizaci\u00f3n de la perspectiva de g\u00e9nero en los municipios, a fin de reducir las desigualdades sociales y de g\u00e9nero.<\/p>\n<p><strong>El programa propone promover y acompa\u00f1ar la adecuaci\u00f3n de la normativa local<\/strong> para incorporar la perspectiva de g\u00e9nero en materia de planificaci\u00f3n presupuestaria, trabajo, producci\u00f3n, espacio p\u00fablico, h\u00e1bitat, deportes y recreaci\u00f3n. <strong>(VW)<\/strong><\/p>\n<p>&nbsp;<\/p>\n","protected":false},"excerpt":{"rendered":"<p>La iniciativa busca fortalecer las pol\u00edticas p\u00fablicas y la perspectiva de g\u00e9nero en todos los municipios de la Provincia.\u00a0<\/p>\n","protected":false},"author":4,"featured_media":8847,"comment_status":"closed","ping_status":"closed","sticky":false,"template":"","format":"standard","meta":{"_monsterinsights_skip_tracking":false,"_monsterinsights_sitenote_active":false,"_monsterinsights_sitenote_note":"","_monsterinsights_sitenote_category":0,"footnotes":""},"categories":[4],"tags":[167,3687,356],"class_list":["post-8845","post","type-post","status-publish","format-standard","has-post-thumbnail","hentry","category-politica","tag-kicillof","tag-municipios-por-la-igualdad","tag-provincia"],"_links":{"self":[{"href":"https:\/\/www.visionweb.com.ar\/index.php?rest_route=\/wp\/v2\/posts\/8845","targetHints":{"allow":["GET"]}}],"collection":[{"href":"https:\/\/www.visionweb.com.ar\/index.php?rest_route=\/wp\/v2\/posts"}],"about":[{"href":"https:\/\/www.visionweb.com.ar\/index.php?rest_route=\/wp\/v2\/types\/post"}],"author":[{"embeddable":true,"href":"https:\/\/www.visionweb.com.ar\/index.php?rest_route=\/wp\/v2\/users\/4"}],"replies":[{"embeddable":true,"href":"https:\/\/www.visionweb.com.ar\/index.php?rest_route=%2Fwp%2Fv2%2Fcomments&post=8845"}],"version-history":[{"count":2,"href":"https:\/\/www.visionweb.com.ar\/index.php?rest_route=\/wp\/v2\/posts\/8845\/revisions"}],"predecessor-version":[{"id":8848,"href":"https:\/\/www.visionweb.com.ar\/index.php?rest_route=\/wp\/v2\/posts\/8845\/revisions\/8848"}],"wp:featuredmedia":[{"embeddable":true,"href":"https:\/\/www.visionweb.com.ar\/index.php?rest_route=\/wp\/v2\/media\/8847"}],"wp:attachment":[{"href":"https:\/\/www.visionweb.com.ar\/index.php?rest_route=%2Fwp%2Fv2%2Fmedia&parent=8845"}],"wp:term":[{"taxonomy":"category","embeddable":true,"href":"https:\/\/www.visionweb.com.ar\/index.php?rest_route=%2Fwp%2Fv2%2Fcategories&post=8845"},{"taxonomy":"post_tag","embeddable":true,"href":"https:\/\/www.visionweb.com.ar\/index.php?rest_route=%2Fwp%2Fv2%2Ftags&post=8845"}],"curies":[{"name":"wp","href":"https:\/\/api.w.org\/{rel}","templated":true}]}}