{"id":8840,"date":"2022-12-27T10:51:43","date_gmt":"2022-12-27T13:51:43","guid":{"rendered":"https:\/\/www.visionweb.com.ar\/?p=8840"},"modified":"2022-12-27T10:53:41","modified_gmt":"2022-12-27T13:53:41","slug":"el-gobierno-local-lanzo-el-programa-lanus-verano-2023","status":"publish","type":"post","link":"https:\/\/www.visionweb.com.ar\/?p=8840","title":{"rendered":"El gobierno local lanz\u00f3 el programa \u00abLan\u00fas Verano 2023\u00bb"},"content":{"rendered":"<p><em><strong>El programa contar\u00e1 con pr\u00e1cticas deportivas y salidas con propuestas culturales gratuitas para toda la familia.<\/strong><\/em><!--more--><\/p>\n<div id=\"attachment_8841\" style=\"width: 310px\" class=\"wp-caption alignright\"><img loading=\"lazy\" decoding=\"async\" aria-describedby=\"caption-attachment-8841\" class=\"wp-image-8841 size-medium\" src=\"https:\/\/www.visionweb.com.ar\/wp-content\/uploads\/2022\/12\/VERANO-VERDE-300x274.png\" alt=\"\" width=\"300\" height=\"274\" srcset=\"https:\/\/www.visionweb.com.ar\/wp-content\/uploads\/2022\/12\/VERANO-VERDE-300x274.png 300w, https:\/\/www.visionweb.com.ar\/wp-content\/uploads\/2022\/12\/VERANO-VERDE.png 656w\" sizes=\"auto, (max-width: 300px) 100vw, 300px\" \/><p id=\"caption-attachment-8841\" class=\"wp-caption-text\"><strong><em>El intendente Grindetti junto a parte de su equipo present\u00f3 el programa \u00abLan\u00fas Verano 2023\u00bb<\/em><\/strong><\/p><\/div>\n<p><strong>\u00a0 \u00a0 \u00a0 \u00a0 \u00a0E<\/strong>l intendente local, N\u00e9stor Grindetti, present\u00f3 en el Vel\u00f3dromo municipal, el programa \u00abLan\u00fas Verano 2023\u00bb, una serie de actividades deportivas y recreativas pensadas para que las familias lanusenses puedan disfrutar de esta \u00e9poca del a\u00f1o al aire libre y de manera gratuita.<\/p>\n<p>Adem\u00e1s, la secretar\u00eda de Desarrollo Social brindar\u00e1 300 carnets de socio del Club Porvenir para que adultos mayores puedan disfrutar de la pileta del club durante todo el a\u00f1o.<\/p>\n<p>Estas actividades se realizar\u00e1n en los Parques Municipales \u201cEva Per\u00f3n\u201d y \u201cSan Mart\u00edn\u201d, como tambi\u00e9n en distintas plazas de manera itinerante.<\/p>\n<p>De la presentaci\u00f3n\u00a0 participaron el secretario de Educaci\u00f3n, Empleo y Deporte, Dami\u00e1n Sala, la secretaria de Desarrollo Social, Noelia Quindimil y la secretaria de Cultura y desarrollo Creativo, Thelma Vivoni.<\/p>\n<p>A continuaci\u00f3n, se detalla el cronograma con las distintas actividades con sus respectivos d\u00edas y horarios:<\/p>\n<p><strong>ACTIVIDADES DEPORTIVAS<\/strong><\/p>\n<p>Desde el 1 de enero hasta el 28 de febrero.<br \/>\nParque San Mart\u00edn (Rivadavia y Viamonte, Lan\u00fas Oeste)<br \/>\n&#8211; Funcional: todos los lunes, mi\u00e9rcoles y viernes de 8:00 a 10:00 y de 17:00 a 19:30<br \/>\n&#8211; Mu\u00e9velo: todos los mi\u00e9rcoles y viernes de 10:00 a 12:00<br \/>\n&#8211; Team Running: todos los lunes y mi\u00e9rcoles a las 19:00<\/p>\n<p>Parque Eva Per\u00f3n (C\u00f3rdoba y Purita, Remedios de Escalada)<br \/>\nTodos los s\u00e1bados y domingos:<br \/>\n&#8211; Funcional: de 9:00 a 10:00 y de 18:00 a 20:00<br \/>\n&#8211; Baile: de 11:00 a 12:30<br \/>\n&#8211; Yoga: de 10:00 a 11:00<br \/>\n&#8211; Aquagym: de 16:00 a 18:00<br \/>\n&#8211; Beach V\u00f3ley: de 9:00 a 13:00<br \/>\n&#8211; Beach F\u00fatbol: de 18:00 a 20:00<\/p>\n<p><strong>ACTIVIDADES CULTURALES<\/strong><\/p>\n<p><strong>\u2022 S\u00c1BADO 07\/01:<\/strong><br \/>\nParque Eva Per\u00f3n (C\u00f3rdoba y Purita, Remedios de Escalada)<br \/>\n17:15 &#8211; Show: Ave F\u00e9nix<br \/>\n18:30 &#8211; Cine: Black Adam<\/p>\n<p>Plaza Sarmiento (Av. 9 de Julio, Guidi, Ituzaing\u00f3 y Ferr\u00e9, Lan\u00fas Este)<br \/>\n18:00 &#8211; Show: Papas Rock<\/p>\n<p><strong>\u2022 DOMINGO 08\/01:<\/strong><br \/>\nParque Eva Per\u00f3n (C\u00f3rdoba y Purita, Remedios de Escalada)<br \/>\n18:30 &#8211; Cine: La Casa del Drag\u00f3n<\/p>\n<p>Plaza Sarmiento (Av. 9 de Julio, Guidi, Ituzaing\u00f3 y Ferr\u00e9, Lan\u00fas Este)<br \/>\n17:00 &#8211; Kermesse<\/p>\n<p><strong>\u2022 S\u00c1BADO 14\/01:<\/strong><br \/>\nParque Eva Per\u00f3n (C\u00f3rdoba y Purita, Remedios de Escalada)<br \/>\n17:15 &#8211; Show: Ave F\u00e9nix<br \/>\n18:30 &#8211; Cine: El Perro Samurai<\/p>\n<p>Plaza Constituci\u00f3n (Per\u00f3n y Paso de Burgos, Valent\u00edn Alsina)<br \/>\n18:00 &#8211; Show Chillipepa<\/p>\n<p><strong>\u2022 DOMINGO 15\/01:<\/strong><br \/>\nParque Eva Per\u00f3n (C\u00f3rdoba y Purita, Remedios de Escalada)<br \/>\n17:15 &#8211; Cine: Mi\u00e9nteme<\/p>\n<p>Plaza Constituci\u00f3n (Per\u00f3n y Paso de Burgos, Valent\u00edn Alsina)<br \/>\n17:00 &#8211; Kermesse<\/p>\n<p><strong>\u2022 S\u00c1BADO 21\/01:<\/strong><br \/>\nParque Eva Per\u00f3n (C\u00f3rdoba y Purita, Remedios de Escalada)<br \/>\n17:15 &#8211; Show: Ave F\u00e9nix<br \/>\n18:30 &#8211; Tren Bala<\/p>\n<p>Plaza Ricardo Rojas (Busamante, Burela, Damonte y Mamberti, Gerli)<br \/>\n18:00 &#8211; Show: Epifaz<\/p>\n<p><strong>\u2022 DOMINGO 22\/01:<\/strong><br \/>\nParque Eva Per\u00f3n (C\u00f3rdoba y Purita, Remedios de Escalada)<br \/>\n18:30 &#8211; Cine: Abracadabra 2<\/p>\n<p>Plaza Ricardo Rojas (Busamante, Burela, Damonte y Mamberti, Gerli)<br \/>\n17:00 &#8211; Kermesse<\/p>\n<p><strong>\u2022 S\u00c1BADO 28\/01:<\/strong><br \/>\nParque Eva Per\u00f3n (C\u00f3rdoba y Purita, Remedios de Escalada)<br \/>\n17:15 &#8211; Show: Ave F\u00e9nix<br \/>\n18:30 &#8211; Cine: Pinocho<\/p>\n<p>Plaza Villa Obrera (Eva Per\u00f3n, Pergamino, Tucum\u00e1n y Villa de Luj\u00e1n, Lan\u00fas Este)<br \/>\n18:00 &#8211; Show: Stilo Rock and Roll<\/p>\n<p><strong>\u2022 DOMINGO 29\/01:<\/strong><br \/>\nParque Eva Per\u00f3n (C\u00f3rdoba y Purita, Remedios de Escalada)<br \/>\n18:30 &#8211; Cine: Wonder Woman 1984<\/p>\n<p>Plaza Villa Obrera (Eva Per\u00f3n, Pergamino, Tucum\u00e1n y Villa de Luj\u00e1n, Lan\u00fas Este)<br \/>\n17:00 &#8211; Kermesse<\/p>\n<p><strong>\u2022 S\u00c1BADO 04\/02:<\/strong><br \/>\nParque Eva Per\u00f3n (C\u00f3rdoba y Purita, Remedios de Escalada)<br \/>\n17:15 &#8211; Show: El Mago Lorenzo<br \/>\n18:30 &#8211; Cine: El Camino de Xico<\/p>\n<p>Plaza 1\u00b0 de Mayo (Per\u00f3n y Oliden, Valent\u00edn Alsina)<br \/>\n18:00 &#8211; Show: Jalisco<\/p>\n<p><strong>\u2022 DOMINGO 05\/02:<\/strong><br \/>\nParque Eva Per\u00f3n (C\u00f3rdoba y Purita, Remedios de Escalada)<br \/>\n18:30 &#8211; Cine: Bestia<\/p>\n<p>Plaza 1\u00b0 de Mayo (Per\u00f3n y Oliden, Valent\u00edn Alsina)<br \/>\n17:00 &#8211; Kermesse<\/p>\n<p><strong>\u2022 S\u00c1BADO 11\/02:<\/strong><\/p>\n<p>Parque Eva Per\u00f3n (C\u00f3rdoba y Purita, Remedios de Escalada)<br \/>\n17:15 &#8211; Show: El Mago Lorenzo<br \/>\n18:30 &#8211; Cine: La Familia Pie Grande<\/p>\n<p>Plaza Arias (Derqui, Lavalleja, C. Gardel y Miller, Lan\u00fas Oeste<br \/>\n18:00 &#8211; Show: Daira y los Tripulantes<\/p>\n<p><strong>\u2022 DOMINGO 12\/02:<\/strong><br \/>\nParque Eva Per\u00f3n (C\u00f3rdoba y Purita, Remedios de Escalada)<br \/>\n18:30 &#8211; Cine: Thor Amor y Trueno<\/p>\n<p>Plaza Arias (Derqui, Lavalleja, C. Gardel y Miller, Lan\u00fas Oeste<br \/>\n17:00 &#8211; Kermesse<\/p>\n<p><strong>\u2022 S\u00c1BADO 18\/02:<\/strong><br \/>\nParque Eva Per\u00f3n (C\u00f3rdoba y Purita, Remedios de Escalada)<br \/>\n17:15 &#8211; Show: El Mago Lorenzo<br \/>\n18:30 &#8211; Cine: El Monstruo Marino<\/p>\n<p>Plaza San Mart\u00edn (Ocampo, Plaul, Balcarce y E. Fern\u00e1ndez, Lan\u00fas Oeste)<br \/>\n18:00 &#8211; Show: Eclipta<\/p>\n<p><strong>\u2022 DOMINGO 19\/02:<\/strong><br \/>\nParque Eva Per\u00f3n (C\u00f3rdoba y Purita, Remedios de Escalada)<br \/>\n18:30 &#8211; Cine: Depredador La Presa<\/p>\n<p>Plaza San Mart\u00edn (Ocampo, Plaul, Balcarce y E. Fern\u00e1ndez, Lan\u00fas Oeste)<br \/>\n17:00 &#8211; Kermesse<\/p>\n<p><strong>\u2022 S\u00c1BADO 25\/02:<\/strong><br \/>\nParque Eva Per\u00f3n (C\u00f3rdoba y Purita, Remedios de Escalada)<br \/>\n17:15 &#8211; Show: El Mago Lorenzo<br \/>\n18:30 &#8211; Cine: Minions The Rise of Gru<\/p>\n<p>Plaza 25 de Mayo (25 de Mayo, La Rioja, S. Plaul y A. del Valle, Lan\u00fas Oeste)<br \/>\n18:00 &#8211; Show: Eric Blumberg<\/p>\n<p><strong>\u2022 DOMINGO 26\/02:<\/strong><br \/>\nParque Eva Per\u00f3n (C\u00f3rdoba y Purita, Remedios de Escalada)<br \/>\n18:30 &#8211; Cine: Lightyear<\/p>\n<p>Plaza 25 de Mayo (25 de Mayo, La Rioja, S. Plaul y A. del Valle, Lan\u00fas Oeste)<br \/>\n17:00 &#8211; Kermesse <strong>(VW)<\/strong><\/p>\n","protected":false},"excerpt":{"rendered":"<p>El programa contar\u00e1 con pr\u00e1cticas deportivas y salidas con propuestas culturales gratuitas para toda la familia.<\/p>\n","protected":false},"author":3,"featured_media":8841,"comment_status":"closed","ping_status":"closed","sticky":false,"template":"","format":"standard","meta":{"_monsterinsights_skip_tracking":false,"_monsterinsights_sitenote_active":false,"_monsterinsights_sitenote_note":"","_monsterinsights_sitenote_category":0,"footnotes":""},"categories":[8],"tags":[94,3686,3685,212],"class_list":["post-8840","post","type-post","status-publish","format-standard","has-post-thumbnail","hentry","category-interes-general","tag-actividades","tag-culturales","tag-deportivas","tag-verano"],"_links":{"self":[{"href":"https:\/\/www.visionweb.com.ar\/index.php?rest_route=\/wp\/v2\/posts\/8840","targetHints":{"allow":["GET"]}}],"collection":[{"href":"https:\/\/www.visionweb.com.ar\/index.php?rest_route=\/wp\/v2\/posts"}],"about":[{"href":"https:\/\/www.visionweb.com.ar\/index.php?rest_route=\/wp\/v2\/types\/post"}],"author":[{"embeddable":true,"href":"https:\/\/www.visionweb.com.ar\/index.php?rest_route=\/wp\/v2\/users\/3"}],"replies":[{"embeddable":true,"href":"https:\/\/www.visionweb.com.ar\/index.php?rest_route=%2Fwp%2Fv2%2Fcomments&post=8840"}],"version-history":[{"count":3,"href":"https:\/\/www.visionweb.com.ar\/index.php?rest_route=\/wp\/v2\/posts\/8840\/revisions"}],"predecessor-version":[{"id":8844,"href":"https:\/\/www.visionweb.com.ar\/index.php?rest_route=\/wp\/v2\/posts\/8840\/revisions\/8844"}],"wp:featuredmedia":[{"embeddable":true,"href":"https:\/\/www.visionweb.com.ar\/index.php?rest_route=\/wp\/v2\/media\/8841"}],"wp:attachment":[{"href":"https:\/\/www.visionweb.com.ar\/index.php?rest_route=%2Fwp%2Fv2%2Fmedia&parent=8840"}],"wp:term":[{"taxonomy":"category","embeddable":true,"href":"https:\/\/www.visionweb.com.ar\/index.php?rest_route=%2Fwp%2Fv2%2Fcategories&post=8840"},{"taxonomy":"post_tag","embeddable":true,"href":"https:\/\/www.visionweb.com.ar\/index.php?rest_route=%2Fwp%2Fv2%2Ftags&post=8840"}],"curies":[{"name":"wp","href":"https:\/\/api.w.org\/{rel}","templated":true}]}}