{"id":8834,"date":"2022-12-26T15:43:07","date_gmt":"2022-12-26T18:43:07","guid":{"rendered":"https:\/\/www.visionweb.com.ar\/?p=8834"},"modified":"2022-12-26T15:43:07","modified_gmt":"2022-12-26T18:43:07","slug":"coparticipacion-institucionalidad-y-federalismo-las-organizaciones-empresarios-repudiaron-la-decision-oficial","status":"publish","type":"post","link":"https:\/\/www.visionweb.com.ar\/?p=8834","title":{"rendered":"Coparticipaci\u00f3n: Institucionalidad y federalismo, las organizaciones empresarios repudiaron la decisi\u00f3n oficial"},"content":{"rendered":"<p><em><strong>Duras cr\u00edticas a la negativa presidencial de restituir los fondos coparticipables en los porcentajes que corresponden a la Ciudad. Este lunes el gobierno revi\u00f3 su decisi\u00f3n y har\u00e1 las transferencia (ver a parte)<\/strong><\/em><!--more--><\/p>\n<p><strong>\u00a0 \u00a0 <img loading=\"lazy\" decoding=\"async\" class=\"size-medium wp-image-8835 alignright\" src=\"https:\/\/www.visionweb.com.ar\/wp-content\/uploads\/2022\/12\/CAMARA-ARGENTINA-DE-COMERCIO-300x214.jpg\" alt=\"\" width=\"300\" height=\"214\" srcset=\"https:\/\/www.visionweb.com.ar\/wp-content\/uploads\/2022\/12\/CAMARA-ARGENTINA-DE-COMERCIO-300x214.jpg 300w, https:\/\/www.visionweb.com.ar\/wp-content\/uploads\/2022\/12\/CAMARA-ARGENTINA-DE-COMERCIO.jpg 630w\" sizes=\"auto, (max-width: 300px) 100vw, 300px\" \/> L<\/strong>uego de conocerse la decisi\u00f3n presidencial de no transferir a la Ciudad los porcentajes que corresponden a la Coparticipaci\u00f3n Federal, el jueves pasado, las principales c\u00e1maras empresarias nacionales, salieron a cuestionar la decisi\u00f3n oficial de no acatar la resoluci\u00f3n de la Justicia Federal.<\/p>\n<p>En ese sentido la Confederaci\u00f3n Argentina de la Mediana Empresa, CAME, expres\u00f3 su preocupaci\u00f3n por la situaci\u00f3n que las implicancias del fallo generaron, dijo en un documento publicado este s\u00e1bado.<\/p>\n<p>La Coparticipaci\u00f3n Federal, como sistema de rango constitucional, coordina la distribuci\u00f3n del producido de los tributos impuestos por el Estado Federal entre las provincias y la Ciudad Aut\u00f3noma de Buenos Aires.<\/p>\n<p>Al respecto la Entidad advirti\u00f3 que se deben respetar las instituciones republicanas y la Constituci\u00f3n Nacional, y abog\u00f3 por \u00abun entendimiento entre las partes que permita solucionar las diferencias. Teniendo en consideraci\u00f3n el respeto a las decisiones judiciales, as\u00ed como de la Ley de Presupuesto aprobada por el Congreso de la Naci\u00f3n\u00bb.<\/p>\n<p>Adem\u00e1s, la organizaci\u00f3n empresaria\u00a0 como instituci\u00f3n gremial empresaria federal, hizo un llamado a la responsabilidad de la dirigencia pol\u00edtica para encontrar una soluci\u00f3n del conflicto cuyas derivaciones, m\u00e1s all\u00e1 de cuestiones pol\u00edticas, repercutir\u00e1 directamente sobre la poblaci\u00f3n argentina.<\/p>\n<p><strong>Desde la CAC<\/strong><\/p>\n<p>En t\u00e9rminos similares se pronunci\u00f3 la C\u00e1mara Argentina de Comercio y Servicio (CAC), que tambi\u00e9n sali\u00f3 a cuestionar la decisi\u00f3n oficial, a trav\u00e9s de un documento publicado el s\u00e1bado \u00faltimo.<\/p>\n<div class=\"nota\">\n<div>Al respecto, la Entidas\u00a0 manifest\u00f3 su profunda preocupaci\u00f3n ante la decisi\u00f3n del Gobierno Nacional de no acatar el reciente fallo de la Corte Suprema de Justicia vinculado al diferendo existente entre la Naci\u00f3n y la Ciudad Aut\u00f3noma de Buenos Aires en materia de recursos coparticipables.<\/div>\n<div><\/div>\n<div>Sin entrar en la cuesti\u00f3n de fondo respecto al recorte, la CAC consider\u00f3 que el posible incumplimiento de una sentencia del m\u00e1ximo tribunal es un hecho de enorme gravedad institucional.<\/div>\n<div><\/div>\n<div>La Entidad, reiteradas ocasiones abog\u00f3 por el di\u00e1logo como m\u00e9todo para la soluci\u00f3n de controversias, en el convencimiento de que es el mejor camino para su superaci\u00f3n. Cuando esa posibilidad se agota, y si fracasan tambi\u00e9n los intentos de mediaci\u00f3n, no queda m\u00e1s alternativa que recurrir a la Justicia y someterse a lo que ella determine. Eso es lo que manda nuestra Constituci\u00f3n y ese es el modo en el que funciona cualquier rep\u00fablica que se precie de tal.<\/div>\n<div><\/div>\n<div>\u00abEl flagrante desconocimiento del fallo da\u00f1ar\u00eda severamente a nuestra Rep\u00fablica, lesionando la confianza de los inversores locales y del exterior y, fundamentalmente, dejar\u00eda a todos los ciudadanos m\u00e1s desamparados ante el poder de turno.<\/div>\n<\/div>\n<div><\/div>\n<div>Desde el Gobierno, se dijo desde un comunicado de prensa emitido el jueves pasado por Presidencia de la Naci\u00f3n, que la Resoluci\u00f3n de la CSJ, se asegur\u00f3 que era d\u00bbe imposible cumplimiento\u201d.<\/div>\n<div class=\"nota\">\n<div><\/div>\n<div>La CAC es una entidad gremial empresaria de c\u00fapula y, como tal, su \u00e1mbito de natural incumbencia son cuestiones como los impuestos que gravan a la actividad econ\u00f3mica, la legislaci\u00f3n laboral, las negociaciones salariales, la normativa de comercio exterior, entre otras cuestiones que afectan directamente al sector representado.<\/div>\n<div><\/div>\n<div>Sin embargo, ante circunstancias excepcionales, considera necesario hacer o\u00edr su voz, aunque la cuesti\u00f3n exceda su materia de habitual competencia. La situaci\u00f3n reci\u00e9n aqu\u00ed descripta es una de ellas.<\/div>\n<p>Por todo lo anterior, la CAC hace un firme llamado en pos del pleno respeto de la Constituci\u00f3n Nacional y de las instituciones de la Rep\u00fablica, en el convencimiento de que solo bajo su imperio podremos ser esa Naci\u00f3n con desarrollo econ\u00f3mico y social a la que los argentinos aspiramos y en la que los derechos de todos los ciudadanos est\u00e9n garantizados.<\/p>\n<p><strong>Desde la UIA\u00a0<\/strong><\/p>\n<p>El presidente de la Uni\u00f3n Industrial Argentina (UIA), Daniel Funes de Rioja, apunt\u00f3 este s\u00e1bado contra al decisi\u00f3n del Gobierno nacional de no acatar el fallo de la Corte Suprema para que le devuelva a la Ciudad de Buenos Aires una mayor participaci\u00f3n dentro de los fondos coparticipables. \u00abA uno le podr\u00e1n gustar las sentencias o no pero tiene que respetarlas\u00bb, apunt\u00f3 el dirigente empresario.<\/p>\n<p>\u00abAc\u00e1 hay dos cuestiones: esto es una cuesti\u00f3n jur\u00eddica que pueden resolverse en distintos \u00e1mbitos y con distintos grados de resoluci\u00f3n. Pero lo m\u00e1s serio es el tema del respeto a la institucionalidad y a la divisi\u00f3n de los poderes. Cuando uno dice que hay que generar credibilidad, confianza, concertaciones, en el marco de un respeto a la ley, al Estado de Derecho y a la divisi\u00f3n de los poderes\u00bb, se\u00f1al\u00f3 Funes de Rioja en declaraciones a CNN Radio.<\/p>\n<p>\u00ab\u00bfC\u00f3mo uno puede aspirar a que haya la seguridad jur\u00eddica necesaria para que haya inversi\u00f3n y desarrollo en la Argentina? El tema del respeto a la Constituci\u00f3n y que cada poder tiene sus atributos y que a uno le podr\u00e1n gustar las sentencias o no pero tiene que respetarlas. Para m\u00ed este es el eje de las preocupaciones que tenemos\u00bb, agreg\u00f3 el dirigente empresario.<\/p>\n<p>\u00abLo que estamos discutiendo es si verdaderamente estamos respetando a la Constituci\u00f3n y la divisi\u00f3n de poderes\u00bb, destac\u00f3 sobre la controversia.<\/p>\n<p>\u00abMuchas veces pueden no gustarnos las decisiones pero tenemos que acatarlas porque hay que respetar la ley. M\u00e1s importante que el pago o no pago, el punto es acato o no acato las decisiones de la Justicia. Las otras cuestiones se pueden debatir. Lo que no puede debatirse es si cumplo o no cumplo las decisiones judiciales\u00bb<strong>(VW)<\/strong>.<\/p>\n<p>&nbsp;<\/p>\n<\/div>\n<div class=\"mas_notas\"><\/div>\n","protected":false},"excerpt":{"rendered":"<p>Duras cr\u00edticas a la negativa presidencial de restituir los fondos coparticipables en los porcentajes que corresponden a la Ciudad. Este lunes el gobierno revi\u00f3 su decisi\u00f3n y har\u00e1 las transferencia (ver a parte)<\/p>\n","protected":false},"author":3,"featured_media":8835,"comment_status":"closed","ping_status":"closed","sticky":false,"template":"","format":"standard","meta":{"_monsterinsights_skip_tracking":false,"_monsterinsights_sitenote_active":false,"_monsterinsights_sitenote_note":"","_monsterinsights_sitenote_category":0,"footnotes":""},"categories":[4,749],"tags":[1748,309,3454,694,1774],"class_list":["post-8834","post","type-post","status-publish","format-standard","has-post-thumbnail","hentry","category-politica","category-pymes","tag-cac","tag-came","tag-coparticpacion","tag-fallo","tag-uia"],"_links":{"self":[{"href":"https:\/\/www.visionweb.com.ar\/index.php?rest_route=\/wp\/v2\/posts\/8834","targetHints":{"allow":["GET"]}}],"collection":[{"href":"https:\/\/www.visionweb.com.ar\/index.php?rest_route=\/wp\/v2\/posts"}],"about":[{"href":"https:\/\/www.visionweb.com.ar\/index.php?rest_route=\/wp\/v2\/types\/post"}],"author":[{"embeddable":true,"href":"https:\/\/www.visionweb.com.ar\/index.php?rest_route=\/wp\/v2\/users\/3"}],"replies":[{"embeddable":true,"href":"https:\/\/www.visionweb.com.ar\/index.php?rest_route=%2Fwp%2Fv2%2Fcomments&post=8834"}],"version-history":[{"count":1,"href":"https:\/\/www.visionweb.com.ar\/index.php?rest_route=\/wp\/v2\/posts\/8834\/revisions"}],"predecessor-version":[{"id":8837,"href":"https:\/\/www.visionweb.com.ar\/index.php?rest_route=\/wp\/v2\/posts\/8834\/revisions\/8837"}],"wp:featuredmedia":[{"embeddable":true,"href":"https:\/\/www.visionweb.com.ar\/index.php?rest_route=\/wp\/v2\/media\/8835"}],"wp:attachment":[{"href":"https:\/\/www.visionweb.com.ar\/index.php?rest_route=%2Fwp%2Fv2%2Fmedia&parent=8834"}],"wp:term":[{"taxonomy":"category","embeddable":true,"href":"https:\/\/www.visionweb.com.ar\/index.php?rest_route=%2Fwp%2Fv2%2Fcategories&post=8834"},{"taxonomy":"post_tag","embeddable":true,"href":"https:\/\/www.visionweb.com.ar\/index.php?rest_route=%2Fwp%2Fv2%2Ftags&post=8834"}],"curies":[{"name":"wp","href":"https:\/\/api.w.org\/{rel}","templated":true}]}}