{"id":8830,"date":"2022-12-26T14:48:18","date_gmt":"2022-12-26T17:48:18","guid":{"rendered":"https:\/\/www.visionweb.com.ar\/?p=8830"},"modified":"2022-12-26T14:48:18","modified_gmt":"2022-12-26T17:48:18","slug":"el-presidente-informo-que-transferiran-los-fondos-a-caba","status":"publish","type":"post","link":"https:\/\/www.visionweb.com.ar\/?p=8830","title":{"rendered":"El Presidente inform\u00f3 que transferir\u00e1n los fondos a CABA"},"content":{"rendered":"<p><em><strong>Alberto Fern\u00e1ndez se retract\u00f3 y defini\u00f3 acatar el fallo de la Corte Suprema por la coparticipaci\u00f3n en CABA. La semana pasada, el gobierno nacional hab\u00eda anunciado en un comunicado de prensa que no acatar\u00eda el fallo.<\/strong><\/em><strong>\u00a0<\/strong><!--more--><\/p>\n<p><img loading=\"lazy\" decoding=\"async\" class=\"size-medium wp-image-8832 alignright\" src=\"https:\/\/www.visionweb.com.ar\/wp-content\/uploads\/2022\/12\/alberto-y-larreta-300x172.jpg\" alt=\"\" width=\"300\" height=\"172\" srcset=\"https:\/\/www.visionweb.com.ar\/wp-content\/uploads\/2022\/12\/alberto-y-larreta-300x172.jpg 300w, https:\/\/www.visionweb.com.ar\/wp-content\/uploads\/2022\/12\/alberto-y-larreta.bmp 756w\" sizes=\"auto, (max-width: 300px) 100vw, 300px\" \/>El presidente\u00a0<strong>Alberto Fern\u00e1ndez<\/strong>\u00a0dio marcha atr\u00e1s e inform\u00f3 hoy que le <strong>transferir\u00e1 a la Ciudad de Buenos Aires los fondos coparticipables<\/strong>, que surgen de la cautelar de la Corte Suprema de Justicia (CSJN).<\/p>\n<p>La semana pasada el presidente y otros 14 gobernadores criticaron la definici\u00f3n judicial e indicaron que no ser\u00eda acatada por Naci\u00f3n. En ese contexto el presidente Fern\u00e1ndez, hab\u00eda dicho que: \u00abLa resoluci\u00f3n\u00a0<strong>carece de los fundamentos exigidos<\/strong>\u00a0a toda decisi\u00f3n judicial y, por lo tanto,\u00a0<strong>est\u00e1 viciada<\/strong>\u00ab.<\/p>\n<p>Ahora, hoy lunes, el primer mandatario decidi\u00f3\u00a0<strong>volver sobre sus pasos<\/strong>\u00a0y transferir a la jurisdicci\u00f3n porte\u00f1a el porcentaje correspondiente a los fondos coparticipables que dispuso la Corte.<\/p>\n<p>El porcentual<strong>\u00a0<\/strong><strong>pasar\u00e1 del 1,4% actual al 2,95%. <\/strong>El pago ser\u00e1 realizado con bonos TX31, seg\u00fan anticip\u00f3 el jefe de Estado en un extenso hilo de tuits, y abarcar\u00e1 los fondos correspondientes a noventa d\u00edas de vigencia de la medida cautelar.<\/p>\n<p>\u201cInstru\u00ed a la Jefatura de Gabinete de ministros para que reasignen los \u00fanicos recursos disponibles del ejercicio 2022 y los transfiera a una cuenta del Banco Naci\u00f3n a nombre del Gobierno de la Ciudad de Buenos Aires. Se utilizar\u00e1n los bonos TX31 y se los pondr\u00e1 a disposici\u00f3n del cumplimiento de la medida cautelar que impugnamos\u201d, anunci\u00f3 el jefe de Estado.<\/p>\n<p>\u201cDicha transferencia comprender\u00e1, en bonos, el dinero correspondiente a noventa d\u00edas de vigencia de la medida cautelar, a la espera del fallo definitivo, o a una ley del Congreso que le asigne a este pago los recursos presupuestarios pertinentes\u201d, agreg\u00f3.<\/p>\n<p>El mandatario nacional record\u00f3 que los bonos TX31 ya fueron aceptados por el m\u00e1ximo tribunal, en una demanda por coparticipaci\u00f3n promovida por la provincia de Santa Fe.<\/p>\n<p>Los TX31 son bonos del Tesoro en pesos que pagan 2,5 por ciento por sobre el ajuste del \u00edndice CER. Son t\u00edtulos que nunca fueron licitados y efectivamente fueron emitidos para pagarle una deuda judicial al gobierno de <strong>Omar Perotti<\/strong>.<\/p>\n<p>En sus posteos, el Presidente confirm\u00f3 la estrategia judicial anunciada la semana pasada: instruy\u00f3 al procurador\u00a0<strong>Carlos Zaninni<\/strong>\u00a0para que presente un recurso de revocatoria \u201cin extremis\u201d contra la decisi\u00f3n judicial tomada. A parte, orden\u00f3 recusar a los cuatro integrantes de la Corte que firmaron la resoluci\u00f3n la semana pasada.<\/p>\n<p>No obstante, Fern\u00e1ndez agreg\u00f3: \u201cRespetuoso del Estado de Derecho buscar\u00e9 revertir la mala resoluci\u00f3n del CSJN y retomar la senda del federalismo observando y haciendo observar la Constituci\u00f3n como he jurado hacer\u201d.<\/p>\n<p>El jefe de Estado instruy\u00f3 adem\u00e1s al ministro de Econom\u00eda,\u00a0<strong>Sergio Massa<\/strong>, a enviar un proyecto al Congreso que se debatir\u00e1 en sesiones extraordinarias para que se prevean en el Presupuesto los recursos necesarios para hacer cumplir el fallo judicial.<\/p>\n<p>\u201cDicha norma deber\u00e1 preservar el sistema federal vigente; no afectar los derechos reconocidos a las provincias argentinas y compensar las p\u00e9rdidas que esta medida cautelar les produce\u201d, complet\u00f3.<\/p>\n<p>La semana pasada, el gobierno nacional hab\u00eda anunciado en un comunicado de prensa que no acatar\u00eda el fallo. La decisi\u00f3n hab\u00eda sido exigida y respaldada por catorce gobernadores peronistas, especialmente por los que responden a la vicepresidenta\u00a0<strong>Cristina Kirchner<\/strong>. Mientras tanto, el gobierno porte\u00f1o evaluaba esta ma\u00f1ana distintas alternativas para exigir ante la Corte la ejecuci\u00f3n del fallo. <strong>(VW)<\/strong><\/p>\n<p>&nbsp;<\/p>\n","protected":false},"excerpt":{"rendered":"<p>Alberto Fern\u00e1ndez se retract\u00f3 y defini\u00f3 acatar el fallo de la Corte Suprema por la coparticipaci\u00f3n en CABA. La semana pasada, el gobierno nacional hab\u00eda anunciado en un comunicado de prensa que no acatar\u00eda&#46;&#46;&#46;<\/p>\n","protected":false},"author":4,"featured_media":8832,"comment_status":"closed","ping_status":"closed","sticky":false,"template":"","format":"standard","meta":{"_monsterinsights_skip_tracking":false,"_monsterinsights_sitenote_active":false,"_monsterinsights_sitenote_note":"","_monsterinsights_sitenote_category":0,"footnotes":""},"categories":[4],"tags":[44,3682,3683],"class_list":["post-8830","post","type-post","status-publish","format-standard","has-post-thumbnail","hentry","category-politica","tag-alberto-fernandez","tag-fondos-coparticipables-a-caba","tag-transferiran"],"_links":{"self":[{"href":"https:\/\/www.visionweb.com.ar\/index.php?rest_route=\/wp\/v2\/posts\/8830","targetHints":{"allow":["GET"]}}],"collection":[{"href":"https:\/\/www.visionweb.com.ar\/index.php?rest_route=\/wp\/v2\/posts"}],"about":[{"href":"https:\/\/www.visionweb.com.ar\/index.php?rest_route=\/wp\/v2\/types\/post"}],"author":[{"embeddable":true,"href":"https:\/\/www.visionweb.com.ar\/index.php?rest_route=\/wp\/v2\/users\/4"}],"replies":[{"embeddable":true,"href":"https:\/\/www.visionweb.com.ar\/index.php?rest_route=%2Fwp%2Fv2%2Fcomments&post=8830"}],"version-history":[{"count":2,"href":"https:\/\/www.visionweb.com.ar\/index.php?rest_route=\/wp\/v2\/posts\/8830\/revisions"}],"predecessor-version":[{"id":8833,"href":"https:\/\/www.visionweb.com.ar\/index.php?rest_route=\/wp\/v2\/posts\/8830\/revisions\/8833"}],"wp:featuredmedia":[{"embeddable":true,"href":"https:\/\/www.visionweb.com.ar\/index.php?rest_route=\/wp\/v2\/media\/8832"}],"wp:attachment":[{"href":"https:\/\/www.visionweb.com.ar\/index.php?rest_route=%2Fwp%2Fv2%2Fmedia&parent=8830"}],"wp:term":[{"taxonomy":"category","embeddable":true,"href":"https:\/\/www.visionweb.com.ar\/index.php?rest_route=%2Fwp%2Fv2%2Fcategories&post=8830"},{"taxonomy":"post_tag","embeddable":true,"href":"https:\/\/www.visionweb.com.ar\/index.php?rest_route=%2Fwp%2Fv2%2Ftags&post=8830"}],"curies":[{"name":"wp","href":"https:\/\/api.w.org\/{rel}","templated":true}]}}