{"id":8813,"date":"2022-12-26T10:47:25","date_gmt":"2022-12-26T13:47:25","guid":{"rendered":"https:\/\/www.visionweb.com.ar\/?p=8813"},"modified":"2022-12-26T10:47:25","modified_gmt":"2022-12-26T13:47:25","slug":"transporte-publico-abren-consulta-popular-por-las-nuevas-tarifas-que-regiran-desde-enero","status":"publish","type":"post","link":"https:\/\/www.visionweb.com.ar\/?p=8813","title":{"rendered":"Transporte p\u00fablico: Abren consulta popular por las nuevas tarifas que regir\u00e1n desde enero"},"content":{"rendered":"<p><em><strong>Desde hoy lunes 26 hasta el mi\u00e9rcoles 28<\/strong><strong>\u00a0se puede opinar. Las nuevas tarifas regir\u00e1n a partir de enero, con aumentos promedios del 40%.<\/strong><\/em><!--more--><\/p>\n<div id=\"attachment_8815\" style=\"width: 239px\" class=\"wp-caption alignleft\"><img loading=\"lazy\" decoding=\"async\" aria-describedby=\"caption-attachment-8815\" class=\"wp-image-8815 size-medium\" src=\"https:\/\/www.visionweb.com.ar\/wp-content\/uploads\/2022\/12\/constitucion-229x300.jpg\" alt=\"\" width=\"229\" height=\"300\" srcset=\"https:\/\/www.visionweb.com.ar\/wp-content\/uploads\/2022\/12\/constitucion-229x300.jpg 229w, https:\/\/www.visionweb.com.ar\/wp-content\/uploads\/2022\/12\/constitucion.jpg 479w\" sizes=\"auto, (max-width: 229px) 100vw, 229px\" \/><p id=\"caption-attachment-8815\" class=\"wp-caption-text\">Foto archivo VW<\/p><\/div>\n<p><strong>A<\/strong> partir del pr\u00f3ximo 1 de enero, entrar\u00e1n en vigencia <strong>las nuevas tarifas de colectivos del \u00c1rea Metropolitana de Buenos Aires (AMBA)<\/strong>,\u00a0<strong>y de trenes<\/strong>\u00a0de corta y de larga distancia, con un aumento del 39% en el caso del boleto m\u00ednimo, conforme <strong>anunci\u00f3 el Ministerio de Transporte, <\/strong>a trav\u00e9s de la Resoluci\u00f3n 952\/2022 publicada en el Bolet\u00edn Oficial.<\/p>\n<p>En el caso de los colectivos del AMBA, el boleto m\u00ednimo para los tramos de hasta 3 kil\u00f3metros tendr\u00e1 un aumento de 39%, y <strong>pasar\u00e1 entonces de $ 25,20 a $ 35<\/strong>.<\/p>\n<p>Los trayectos de mayor rango, en tanto, recibir\u00e1n una menor cantidad de subsidios pues tendr\u00e1n aumentos que rondar\u00e1n <strong>entre 39% y 49%<\/strong>, de forma escalonada.<\/p>\n<p>As\u00ed, el tramo de 3 a 6 km subir\u00e1 de\u00a0<strong>$28 a $39<\/strong>; el de 6 a 12, de<strong>\u00a0<\/strong><strong>$29,40 a $42<\/strong>; el de 12 a 27, de\u00a0<strong>$30,80<\/strong>\u00a0<strong>a $45<\/strong>; y para los trayectos mayores a 27 kil\u00f3metros el pasaje aumentar\u00e1 de\u00a0<strong>$ 32,20 a $ 48.<\/strong><\/p>\n<p><strong>La Tarifa Social<\/strong>\u00a0de la tarjeta SUBE en todos los casos, mantendr\u00e1 el<strong>\u00a0<\/strong><strong>descuento de 55% <\/strong>por lo cual el boleto m\u00ednimo para dichos beneficiarios, pasar\u00e1 de $ 11,34 a $ 15,75.<\/p>\n<p>Para los buses suburbanos grupo II, es decir, los que conectan la ciudad de Buenos Aires (CABA) con los l\u00edmites del AMBA (Ca\u00f1uelas, Pilar, La Plata, Luj\u00e1n, Z\u00e1rate), el\u00a0<strong>boleto m\u00ednimo ser\u00e1 de $ 46,06<\/strong>, con una base por kil\u00f3metro recorrido de $ 1,76.<\/p>\n<p>Asimismo, el cuadro tarifario contin\u00faa con\u00a0<strong>recargos de hasta 25% para los servicios expresos<\/strong>\u00a0que pueden llegar hasta el 75% en el caso de recorrer autopistas.<\/p>\n<p>De acuerdo a la Resoluci\u00f3n, para los aumentos se tuvieron en cuenta <strong>los incrementos en los precios de insumos y servicios, incluyendo al gasoil, seguros, precio de material rodante y repuestos<\/strong>, los cuales \u201cno han tenido un reconocimiento en las tarifas\u201d por lo que resultan necesarios los incrementos para \u201cmantener la ecuaci\u00f3n econ\u00f3mica-financiera que permita su sostenimiento\u201d.<\/p>\n<p><strong>Los trenes: <\/strong>Para los trenes se aplicar\u00e1n aumentos<strong>\u00a0<\/strong>tanto en los servicios metropolitanos del AMBA como en los regionales y de larga distancia de todo el pa\u00eds.<\/p>\n<p>En el AMBA, los\u00a0<strong>pasajes m\u00ednimos<\/strong>\u00a0-de hasta 12 kil\u00f3metros- para las l\u00edneas Mitre, Sarmiento, San Mart\u00edn y Tren de la Costa aumentar\u00e1n 27,54%,\u00a0<strong>al pasar de $ 17,25<\/strong>\u00a0($ 7,76 para beneficiarios de la Tarifa Social)\u00a0<strong>a $ 22<\/strong><strong>\u00a0<\/strong>($ 9,9).<\/p>\n<p>Mientras, el boleto m\u00e1ximo de m\u00e1s de 24 kil\u00f3metros llegar\u00e1 a los $35,\u00a0<strong>con un aumento del 34,62%<\/strong>.<\/p>\n<p>En tanto, la tarifa m\u00e1s baja de las l\u00edneas Roca, Belgrano Norte, Urquiza y Belgrano Sur se unificar\u00e1 en $ 17 ($ 7,65 para Tarifa Social), lo cual representa un aumento, para cada l\u00ednea, de 58,14%, 78,95%, 51,11%, y 58,14%, respectivamente respecto al valor actual.<\/p>\n<p>El boleto m\u00e1s alto, se fij\u00f3 en $ 27 que implica un incremento de entre 45,95% y 61,19%, dependiendo de la l\u00ednea.<\/p>\n<p>Estos aumentos ya hab\u00edan sido anticipados en octubre pasado por el ex ministro de Transporte, Alexis Guerrera y reafirmado por el actual titular del \u00e1rea, Diego Giuliano a fines de noviembre.<\/p>\n<p>Cabe recordar que el \u00faltimo aumento, que<strong> promedi\u00f3 el 40%<\/strong>, entr\u00f3 en vigencia el 1 de agosto pasado.<\/p>\n<p><strong>Consulta Ciudadana<\/strong>: Transporte se\u00f1al\u00f3 que someter\u00e1 a los\u00a0<strong>nuevos cuadros tarifarios a una instancia de participaci\u00f3n ciudadana<\/strong>, donde se podr\u00e1n <strong>expresar opiniones<\/strong> y propuestas.<\/p>\n<p>El formulario, donde se podr\u00e1n escribir hasta 5.000 caracteres y adjuntar documentos de hasta 20 megabytes, (MB) estar\u00e1 abierto <strong>entre hoy lunes 26 y mi\u00e9rcoles 28\u00a0a trav\u00e9s del <\/strong>siguiente sitio <a href=\"https:\/\/www.argentina.gob.ar\/transporte.\">www.argentina.gob.ar\/transporte.<\/a> <strong>(VW)<\/strong><\/p>\n<p>&nbsp;<\/p>\n","protected":false},"excerpt":{"rendered":"<p>Desde hoy lunes 26 hasta el mi\u00e9rcoles 28\u00a0se puede opinar. Las nuevas tarifas regir\u00e1n a partir de enero, con aumentos promedios del 40%.<\/p>\n","protected":false},"author":4,"featured_media":8815,"comment_status":"closed","ping_status":"closed","sticky":false,"template":"","format":"standard","meta":{"_monsterinsights_skip_tracking":false,"_monsterinsights_sitenote_active":false,"_monsterinsights_sitenote_note":"","_monsterinsights_sitenote_category":0,"footnotes":""},"categories":[6,5],"tags":[3575,3678,1673],"class_list":["post-8813","post","type-post","status-publish","format-standard","has-post-thumbnail","hentry","category-economia","category-sociedad","tag-ministerio-de-transporte","tag-nuevas-tarifas","tag-transporte-publico"],"_links":{"self":[{"href":"https:\/\/www.visionweb.com.ar\/index.php?rest_route=\/wp\/v2\/posts\/8813","targetHints":{"allow":["GET"]}}],"collection":[{"href":"https:\/\/www.visionweb.com.ar\/index.php?rest_route=\/wp\/v2\/posts"}],"about":[{"href":"https:\/\/www.visionweb.com.ar\/index.php?rest_route=\/wp\/v2\/types\/post"}],"author":[{"embeddable":true,"href":"https:\/\/www.visionweb.com.ar\/index.php?rest_route=\/wp\/v2\/users\/4"}],"replies":[{"embeddable":true,"href":"https:\/\/www.visionweb.com.ar\/index.php?rest_route=%2Fwp%2Fv2%2Fcomments&post=8813"}],"version-history":[{"count":2,"href":"https:\/\/www.visionweb.com.ar\/index.php?rest_route=\/wp\/v2\/posts\/8813\/revisions"}],"predecessor-version":[{"id":8816,"href":"https:\/\/www.visionweb.com.ar\/index.php?rest_route=\/wp\/v2\/posts\/8813\/revisions\/8816"}],"wp:featuredmedia":[{"embeddable":true,"href":"https:\/\/www.visionweb.com.ar\/index.php?rest_route=\/wp\/v2\/media\/8815"}],"wp:attachment":[{"href":"https:\/\/www.visionweb.com.ar\/index.php?rest_route=%2Fwp%2Fv2%2Fmedia&parent=8813"}],"wp:term":[{"taxonomy":"category","embeddable":true,"href":"https:\/\/www.visionweb.com.ar\/index.php?rest_route=%2Fwp%2Fv2%2Fcategories&post=8813"},{"taxonomy":"post_tag","embeddable":true,"href":"https:\/\/www.visionweb.com.ar\/index.php?rest_route=%2Fwp%2Fv2%2Ftags&post=8813"}],"curies":[{"name":"wp","href":"https:\/\/api.w.org\/{rel}","templated":true}]}}